{"id":524,"date":"2017-05-10T11:10:51","date_gmt":"2017-05-10T11:10:51","guid":{"rendered":"http:\/\/colindres.es\/?p=524"},"modified":"2017-05-10T11:10:51","modified_gmt":"2017-05-10T11:10:51","slug":"convocatoria-de-pleno-a-las-veinte-horas-del-dia-15-de-mayo-de-2017","status":"publish","type":"post","link":"https:\/\/www.colindres.es\/index.php\/2017\/05\/10\/convocatoria-de-pleno-a-las-veinte-horas-del-dia-15-de-mayo-de-2017\/","title":{"rendered":"CONVOCATORIA DE PLENO a las VEINTE HORAS del d\u00eda 15 de mayo de 2017"},"content":{"rendered":"<p><strong><u>CONVOCATORIA DE PLENO<\/u><\/strong><\/p>\n<p>Por la presente se le convoca a sesi\u00f3n ordinaria de Pleno que se celebrar\u00e1 en el Sal\u00f3n de Plenos de la Casa Consistorial<strong>, a las VEINTE HORAS del d\u00eda 15 de mayo de 2017<\/strong>, de acuerdo con lo estipulado en el art\u00edculo 113 del ROF, con el siguiente<\/p>\n<p><strong>ORDEN DEL D\u00cdA.<\/strong><\/p>\n<p><strong><u>Parte dispositiva<\/u><\/strong><strong>.<\/strong><\/p>\n<p><strong>1.- Aprobaci\u00f3n inicial del Presupuesto General para 2017.<\/strong><\/p>\n<p><strong>3.- Aprobaci\u00f3n del expediente de reconocimiento extrajudicial de cr\u00e9dito 1\/2017.<\/strong><\/p>\n<p><strong>4.- Aprobaci\u00f3n del Plan Estrat\u00e9gico de Subvenciones 2017-2019.<\/strong><\/p>\n<p><strong>5.- Aprobaci\u00f3n inicial del EMC 6\/2017 (cr\u00e9dito extraordinario financiado con RTGG: inversiones financieramente sostenibles).<\/strong><\/p>\n<p><strong>6.- Aprobaci\u00f3n correcci\u00f3n de errores acuerdo aprobaci\u00f3n Ordenanza reguladora del servicio de autotaxi del Ayuntamiento de Colindres.<\/strong><\/p>\n<p><strong>7.- Proposici\u00f3n de la Alcald\u00eda relativa a aprobaci\u00f3n inicial de la modificaci\u00f3n de la Ordenanza Fiscal n\u00ba: 1 reguladora del Impuesto de Bienes Inmuebles.<\/strong><\/p>\n<p><strong>9.- Proposici\u00f3n de la Alcald\u00eda relativa a aprobaci\u00f3n del Convenio de con el Ayuntamiento de Liendo para el uso de las instalaciones deportivas.<\/strong><\/p>\n<p><strong>10.- Acuerdo relativo a moci\u00f3n del PRC-PSOE (registro de entrada n\u00ba: 1548) relativa a declaraci\u00f3n del cocido monta\u00f1\u00e9s como <em>Patrimonio inmaterial Gastron\u00f3mico de Cantabria y de Espa\u00f1a<\/em>.<\/strong><\/p>\n<p><strong>11.- Acuerdo relativo a moci\u00f3n del PRC (registro de entrada n\u00ba: 1672) sobre acceso Parque Ambiental El Tintero.<\/strong><\/p>\n<p><strong>12.- Acuerdo relativo a moci\u00f3n del PRC (registro de entrada n\u00ba: 1673) relativa al Registro Civil. <\/strong><\/p>\n<p><strong>13.- Acuerdo relativo a moci\u00f3n del PRC (registro de entrada n\u00ba: 3219) relativa a la utilizaci\u00f3n del remanente de tesorer\u00eda.<\/strong><\/p>\n<p><strong><u>Parte de control y fiscalizaci\u00f3n<\/u><\/strong><strong>.<\/strong><\/p>\n<p><strong>1.- Daci\u00f3n de cuenta de Decretos de Alcald\u00eda: del 179\/2017 al 345\/2017.<\/strong><\/p>\n<p><strong>2.- Daci\u00f3n de cuenta de la liquidaci\u00f3n del Presupuesto 2016.<\/strong><\/p>\n<p><strong>3.- Ruegos y Preguntas<\/strong><\/p>\n<p>A partir de esta fecha tiene usted a su disposici\u00f3n en la Secretar\u00eda General de esta Corporaci\u00f3n, los antecedentes relacionados con los asuntos que figuran en el orden del d\u00eda<\/p>\n<p>En Colindres, a la fecha de la firma electr\u00f3nica<\/p>\n<p>El Alcalde,<\/p>\n<p>Javier Incera Goyenechea.<\/p>\n<p><em>Documento firmado electr\u00f3nicamente (Ley 39\/2015, de 30 de octubre)<\/em><\/p>\n","protected":false},"excerpt":{"rendered":"<p>CONVOCATORIA DE PLENO Por la presente se le convoca a sesi\u00f3n ordinaria de Pleno que se celebrar\u00e1 en el Sal\u00f3n de Plenos de la Casa Consistorial, a las VEINTE HORAS del d\u00eda 15 de mayo de 2017, de acuerdo con lo estipulado en el art\u00edculo 113 del ROF, con el siguiente ORDEN DEL D\u00cdA. Parte [&hellip;]<\/p>\n","protected":false},"author":1,"featured_media":303,"comment_status":"open","ping_status":"closed","sticky":false,"template":"","format":"standard","meta":{"_et_pb_use_builder":"","_et_pb_old_content":"","_et_gb_content_width":"","footnotes":""},"categories":[5],"tags":[],"class_list":["post-524","post","type-post","status-publish","format-standard","has-post-thumbnail","hentry","category-plenos"],"yoast_head":"<!-- This site is optimized with the Yoast SEO plugin v24.9 - https:\/\/yoast.com\/wordpress\/plugins\/seo\/ -->\n<title>CONVOCATORIA DE PLENO a las VEINTE HORAS del d\u00eda 15 de mayo de 2017 - Ayuntamiento de Colindres<\/title>\n<meta name=\"robots\" content=\"index, follow, max-snippet:-1, max-image-preview:large, max-video-preview:-1\" \/>\n<link rel=\"canonical\" href=\"https:\/\/www.colindres.es\/index.php\/2017\/05\/10\/convocatoria-de-pleno-a-las-veinte-horas-del-dia-15-de-mayo-de-2017\/\" \/>\n<meta property=\"og:locale\" content=\"es_ES\" \/>\n<meta property=\"og:type\" content=\"article\" \/>\n<meta property=\"og:title\" content=\"CONVOCATORIA DE PLENO a las VEINTE HORAS del d\u00eda 15 de mayo de 2017 - Ayuntamiento de Colindres\" \/>\n<meta property=\"og:description\" content=\"CONVOCATORIA DE PLENO Por la presente se le convoca a sesi\u00f3n ordinaria de Pleno que se celebrar\u00e1 en el Sal\u00f3n de Plenos de la Casa Consistorial, a las VEINTE HORAS del d\u00eda 15 de mayo de 2017, de acuerdo con lo estipulado en el art\u00edculo 113 del ROF, con el siguiente ORDEN DEL D\u00cdA. Parte [&hellip;]\" \/>\n<meta property=\"og:url\" content=\"https:\/\/www.colindres.es\/index.php\/2017\/05\/10\/convocatoria-de-pleno-a-las-veinte-horas-del-dia-15-de-mayo-de-2017\/\" \/>\n<meta property=\"og:site_name\" content=\"Ayuntamiento de Colindres\" \/>\n<meta property=\"article:author\" content=\"https:\/\/es-la.facebook.com\/ayuntamiento.colindres\/\" \/>\n<meta property=\"article:published_time\" content=\"2017-05-10T11:10:51+00:00\" \/>\n<meta property=\"og:image\" content=\"https:\/\/www.colindres.es\/wp-content\/uploads\/2017\/04\/IMG_9265-1024x659.jpg\" \/>\n\t<meta property=\"og:image:width\" content=\"1024\" \/>\n\t<meta property=\"og:image:height\" content=\"659\" \/>\n\t<meta property=\"og:image:type\" content=\"image\/jpeg\" \/>\n<meta name=\"author\" content=\"Ignacio S\u00e1inz San Emeterio\" \/>\n<meta name=\"twitter:card\" content=\"summary_large_image\" \/>\n<meta name=\"twitter:creator\" content=\"@https:\/\/twitter.com\/aytocolindres?lang=es\" \/>\n<meta name=\"twitter:label1\" content=\"Escrito por\" \/>\n\t<meta name=\"twitter:data1\" content=\"Ignacio S\u00e1inz San Emeterio\" \/>\n\t<meta name=\"twitter:label2\" content=\"Tiempo de lectura\" \/>\n\t<meta name=\"twitter:data2\" content=\"2 minutos\" \/>\n<script type=\"application\/ld+json\" class=\"yoast-schema-graph\">{\"@context\":\"https:\/\/schema.org\",\"@graph\":[{\"@type\":\"Article\",\"@id\":\"https:\/\/www.colindres.es\/index.php\/2017\/05\/10\/convocatoria-de-pleno-a-las-veinte-horas-del-dia-15-de-mayo-de-2017\/#article\",\"isPartOf\":{\"@id\":\"https:\/\/www.colindres.es\/index.php\/2017\/05\/10\/convocatoria-de-pleno-a-las-veinte-horas-del-dia-15-de-mayo-de-2017\/\"},\"author\":{\"name\":\"Ignacio S\u00e1inz San Emeterio\",\"@id\":\"https:\/\/www.colindres.es\/#\/schema\/person\/0225d0319539e212e866b144d841eafb\"},\"headline\":\"CONVOCATORIA DE PLENO a las VEINTE HORAS del d\u00eda 15 de mayo de 2017\",\"datePublished\":\"2017-05-10T11:10:51+00:00\",\"mainEntityOfPage\":{\"@id\":\"https:\/\/www.colindres.es\/index.php\/2017\/05\/10\/convocatoria-de-pleno-a-las-veinte-horas-del-dia-15-de-mayo-de-2017\/\"},\"wordCount\":365,\"commentCount\":0,\"publisher\":{\"@id\":\"https:\/\/www.colindres.es\/#organization\"},\"image\":{\"@id\":\"https:\/\/www.colindres.es\/index.php\/2017\/05\/10\/convocatoria-de-pleno-a-las-veinte-horas-del-dia-15-de-mayo-de-2017\/#primaryimage\"},\"thumbnailUrl\":\"https:\/\/www.colindres.es\/wp-content\/uploads\/2017\/04\/IMG_9265.jpg\",\"articleSection\":[\"Plenos\"],\"inLanguage\":\"es\",\"potentialAction\":[{\"@type\":\"CommentAction\",\"name\":\"Comment\",\"target\":[\"https:\/\/www.colindres.es\/index.php\/2017\/05\/10\/convocatoria-de-pleno-a-las-veinte-horas-del-dia-15-de-mayo-de-2017\/#respond\"]}]},{\"@type\":\"WebPage\",\"@id\":\"https:\/\/www.colindres.es\/index.php\/2017\/05\/10\/convocatoria-de-pleno-a-las-veinte-horas-del-dia-15-de-mayo-de-2017\/\",\"url\":\"https:\/\/www.colindres.es\/index.php\/2017\/05\/10\/convocatoria-de-pleno-a-las-veinte-horas-del-dia-15-de-mayo-de-2017\/\",\"name\":\"CONVOCATORIA DE PLENO a las VEINTE HORAS del d\u00eda 15 de mayo de 2017 - Ayuntamiento de Colindres\",\"isPartOf\":{\"@id\":\"https:\/\/www.colindres.es\/#website\"},\"primaryImageOfPage\":{\"@id\":\"https:\/\/www.colindres.es\/index.php\/2017\/05\/10\/convocatoria-de-pleno-a-las-veinte-horas-del-dia-15-de-mayo-de-2017\/#primaryimage\"},\"image\":{\"@id\":\"https:\/\/www.colindres.es\/index.php\/2017\/05\/10\/convocatoria-de-pleno-a-las-veinte-horas-del-dia-15-de-mayo-de-2017\/#primaryimage\"},\"thumbnailUrl\":\"https:\/\/www.colindres.es\/wp-content\/uploads\/2017\/04\/IMG_9265.jpg\",\"datePublished\":\"2017-05-10T11:10:51+00:00\",\"breadcrumb\":{\"@id\":\"https:\/\/www.colindres.es\/index.php\/2017\/05\/10\/convocatoria-de-pleno-a-las-veinte-horas-del-dia-15-de-mayo-de-2017\/#breadcrumb\"},\"inLanguage\":\"es\",\"potentialAction\":[{\"@type\":\"ReadAction\",\"target\":[\"https:\/\/www.colindres.es\/index.php\/2017\/05\/10\/convocatoria-de-pleno-a-las-veinte-horas-del-dia-15-de-mayo-de-2017\/\"]}]},{\"@type\":\"ImageObject\",\"inLanguage\":\"es\",\"@id\":\"https:\/\/www.colindres.es\/index.php\/2017\/05\/10\/convocatoria-de-pleno-a-las-veinte-horas-del-dia-15-de-mayo-de-2017\/#primaryimage\",\"url\":\"https:\/\/www.colindres.es\/wp-content\/uploads\/2017\/04\/IMG_9265.jpg\",\"contentUrl\":\"https:\/\/www.colindres.es\/wp-content\/uploads\/2017\/04\/IMG_9265.jpg\",\"width\":5077,\"height\":3269},{\"@type\":\"BreadcrumbList\",\"@id\":\"https:\/\/www.colindres.es\/index.php\/2017\/05\/10\/convocatoria-de-pleno-a-las-veinte-horas-del-dia-15-de-mayo-de-2017\/#breadcrumb\",\"itemListElement\":[{\"@type\":\"ListItem\",\"position\":1,\"name\":\"Portada\",\"item\":\"https:\/\/www.colindres.es\/\"},{\"@type\":\"ListItem\",\"position\":2,\"name\":\"CONVOCATORIA DE PLENO a las VEINTE HORAS del d\u00eda 15 de mayo de 2017\"}]},{\"@type\":\"WebSite\",\"@id\":\"https:\/\/www.colindres.es\/#website\",\"url\":\"https:\/\/www.colindres.es\/\",\"name\":\"Ayuntamiento de Colindres\",\"description\":\"Dise\u00f1ado por NTIC&#039;s\",\"publisher\":{\"@id\":\"https:\/\/www.colindres.es\/#organization\"},\"potentialAction\":[{\"@type\":\"SearchAction\",\"target\":{\"@type\":\"EntryPoint\",\"urlTemplate\":\"https:\/\/www.colindres.es\/?s={search_term_string}\"},\"query-input\":{\"@type\":\"PropertyValueSpecification\",\"valueRequired\":true,\"valueName\":\"search_term_string\"}}],\"inLanguage\":\"es\"},{\"@type\":\"Organization\",\"@id\":\"https:\/\/www.colindres.es\/#organization\",\"name\":\"AYUNTAMIENTO DE COLINDRES\",\"url\":\"https:\/\/www.colindres.es\/\",\"logo\":{\"@type\":\"ImageObject\",\"inLanguage\":\"es\",\"@id\":\"https:\/\/www.colindres.es\/#\/schema\/logo\/image\/\",\"url\":\"https:\/\/www.colindres.es\/wp-content\/uploads\/2017\/01\/LOGO-PRINCIPAL.jpg\",\"contentUrl\":\"https:\/\/www.colindres.es\/wp-content\/uploads\/2017\/01\/LOGO-PRINCIPAL.jpg\",\"width\":1209,\"height\":579,\"caption\":\"AYUNTAMIENTO DE COLINDRES\"},\"image\":{\"@id\":\"https:\/\/www.colindres.es\/#\/schema\/logo\/image\/\"}},{\"@type\":\"Person\",\"@id\":\"https:\/\/www.colindres.es\/#\/schema\/person\/0225d0319539e212e866b144d841eafb\",\"name\":\"Ignacio S\u00e1inz San Emeterio\",\"image\":{\"@type\":\"ImageObject\",\"inLanguage\":\"es\",\"@id\":\"https:\/\/www.colindres.es\/#\/schema\/person\/image\/\",\"url\":\"https:\/\/secure.gravatar.com\/avatar\/c35e3c2e7764c40bdaf5a44f84884669f6fdecc485d5842b7a4b1a9d0c53eed8?s=96&d=mm&r=g\",\"contentUrl\":\"https:\/\/secure.gravatar.com\/avatar\/c35e3c2e7764c40bdaf5a44f84884669f6fdecc485d5842b7a4b1a9d0c53eed8?s=96&d=mm&r=g\",\"caption\":\"Ignacio S\u00e1inz San Emeterio\"},\"description\":\"Responsable Departamento NTIC's - Ayuntamiento de Colindres\",\"sameAs\":[\"https:\/\/www.colindres.es\",\"https:\/\/es-la.facebook.com\/ayuntamiento.colindres\/\",\"https:\/\/x.com\/https:\/\/twitter.com\/aytocolindres?lang=es\"],\"url\":\"https:\/\/www.colindres.es\/index.php\/author\/colindres\/\"}]}<\/script>\n<!-- \/ Yoast SEO plugin. -->","yoast_head_json":{"title":"CONVOCATORIA DE PLENO a las VEINTE HORAS del d\u00eda 15 de mayo de 2017 - Ayuntamiento de Colindres","robots":{"index":"index","follow":"follow","max-snippet":"max-snippet:-1","max-image-preview":"max-image-preview:large","max-video-preview":"max-video-preview:-1"},"canonical":"https:\/\/www.colindres.es\/index.php\/2017\/05\/10\/convocatoria-de-pleno-a-las-veinte-horas-del-dia-15-de-mayo-de-2017\/","og_locale":"es_ES","og_type":"article","og_title":"CONVOCATORIA DE PLENO a las VEINTE HORAS del d\u00eda 15 de mayo de 2017 - Ayuntamiento de Colindres","og_description":"CONVOCATORIA DE PLENO Por la presente se le convoca a sesi\u00f3n ordinaria de Pleno que se celebrar\u00e1 en el Sal\u00f3n de Plenos de la Casa Consistorial, a las VEINTE HORAS del d\u00eda 15 de mayo de 2017, de acuerdo con lo estipulado en el art\u00edculo 113 del ROF, con el siguiente ORDEN DEL D\u00cdA. Parte [&hellip;]","og_url":"https:\/\/www.colindres.es\/index.php\/2017\/05\/10\/convocatoria-de-pleno-a-las-veinte-horas-del-dia-15-de-mayo-de-2017\/","og_site_name":"Ayuntamiento de Colindres","article_author":"https:\/\/es-la.facebook.com\/ayuntamiento.colindres\/","article_published_time":"2017-05-10T11:10:51+00:00","og_image":[{"width":1024,"height":659,"url":"https:\/\/www.colindres.es\/wp-content\/uploads\/2017\/04\/IMG_9265-1024x659.jpg","type":"image\/jpeg"}],"author":"Ignacio S\u00e1inz San Emeterio","twitter_card":"summary_large_image","twitter_creator":"@https:\/\/twitter.com\/aytocolindres?lang=es","twitter_misc":{"Escrito por":"Ignacio S\u00e1inz San Emeterio","Tiempo de lectura":"2 minutos"},"schema":{"@context":"https:\/\/schema.org","@graph":[{"@type":"Article","@id":"https:\/\/www.colindres.es\/index.php\/2017\/05\/10\/convocatoria-de-pleno-a-las-veinte-horas-del-dia-15-de-mayo-de-2017\/#article","isPartOf":{"@id":"https:\/\/www.colindres.es\/index.php\/2017\/05\/10\/convocatoria-de-pleno-a-las-veinte-horas-del-dia-15-de-mayo-de-2017\/"},"author":{"name":"Ignacio S\u00e1inz San Emeterio","@id":"https:\/\/www.colindres.es\/#\/schema\/person\/0225d0319539e212e866b144d841eafb"},"headline":"CONVOCATORIA DE PLENO a las VEINTE HORAS del d\u00eda 15 de mayo de 2017","datePublished":"2017-05-10T11:10:51+00:00","mainEntityOfPage":{"@id":"https:\/\/www.colindres.es\/index.php\/2017\/05\/10\/convocatoria-de-pleno-a-las-veinte-horas-del-dia-15-de-mayo-de-2017\/"},"wordCount":365,"commentCount":0,"publisher":{"@id":"https:\/\/www.colindres.es\/#organization"},"image":{"@id":"https:\/\/www.colindres.es\/index.php\/2017\/05\/10\/convocatoria-de-pleno-a-las-veinte-horas-del-dia-15-de-mayo-de-2017\/#primaryimage"},"thumbnailUrl":"https:\/\/www.colindres.es\/wp-content\/uploads\/2017\/04\/IMG_9265.jpg","articleSection":["Plenos"],"inLanguage":"es","potentialAction":[{"@type":"CommentAction","name":"Comment","target":["https:\/\/www.colindres.es\/index.php\/2017\/05\/10\/convocatoria-de-pleno-a-las-veinte-horas-del-dia-15-de-mayo-de-2017\/#respond"]}]},{"@type":"WebPage","@id":"https:\/\/www.colindres.es\/index.php\/2017\/05\/10\/convocatoria-de-pleno-a-las-veinte-horas-del-dia-15-de-mayo-de-2017\/","url":"https:\/\/www.colindres.es\/index.php\/2017\/05\/10\/convocatoria-de-pleno-a-las-veinte-horas-del-dia-15-de-mayo-de-2017\/","name":"CONVOCATORIA DE PLENO a las VEINTE HORAS del d\u00eda 15 de mayo de 2017 - Ayuntamiento de Colindres","isPartOf":{"@id":"https:\/\/www.colindres.es\/#website"},"primaryImageOfPage":{"@id":"https:\/\/www.colindres.es\/index.php\/2017\/05\/10\/convocatoria-de-pleno-a-las-veinte-horas-del-dia-15-de-mayo-de-2017\/#primaryimage"},"image":{"@id":"https:\/\/www.colindres.es\/index.php\/2017\/05\/10\/convocatoria-de-pleno-a-las-veinte-horas-del-dia-15-de-mayo-de-2017\/#primaryimage"},"thumbnailUrl":"https:\/\/www.colindres.es\/wp-content\/uploads\/2017\/04\/IMG_9265.jpg","datePublished":"2017-05-10T11:10:51+00:00","breadcrumb":{"@id":"https:\/\/www.colindres.es\/index.php\/2017\/05\/10\/convocatoria-de-pleno-a-las-veinte-horas-del-dia-15-de-mayo-de-2017\/#breadcrumb"},"inLanguage":"es","potentialAction":[{"@type":"ReadAction","target":["https:\/\/www.colindres.es\/index.php\/2017\/05\/10\/convocatoria-de-pleno-a-las-veinte-horas-del-dia-15-de-mayo-de-2017\/"]}]},{"@type":"ImageObject","inLanguage":"es","@id":"https:\/\/www.colindres.es\/index.php\/2017\/05\/10\/convocatoria-de-pleno-a-las-veinte-horas-del-dia-15-de-mayo-de-2017\/#primaryimage","url":"https:\/\/www.colindres.es\/wp-content\/uploads\/2017\/04\/IMG_9265.jpg","contentUrl":"https:\/\/www.colindres.es\/wp-content\/uploads\/2017\/04\/IMG_9265.jpg","width":5077,"height":3269},{"@type":"BreadcrumbList","@id":"https:\/\/www.colindres.es\/index.php\/2017\/05\/10\/convocatoria-de-pleno-a-las-veinte-horas-del-dia-15-de-mayo-de-2017\/#breadcrumb","itemListElement":[{"@type":"ListItem","position":1,"name":"Portada","item":"https:\/\/www.colindres.es\/"},{"@type":"ListItem","position":2,"name":"CONVOCATORIA DE PLENO a las VEINTE HORAS del d\u00eda 15 de mayo de 2017"}]},{"@type":"WebSite","@id":"https:\/\/www.colindres.es\/#website","url":"https:\/\/www.colindres.es\/","name":"Ayuntamiento de Colindres","description":"Dise\u00f1ado por NTIC&#039;s","publisher":{"@id":"https:\/\/www.colindres.es\/#organization"},"potentialAction":[{"@type":"SearchAction","target":{"@type":"EntryPoint","urlTemplate":"https:\/\/www.colindres.es\/?s={search_term_string}"},"query-input":{"@type":"PropertyValueSpecification","valueRequired":true,"valueName":"search_term_string"}}],"inLanguage":"es"},{"@type":"Organization","@id":"https:\/\/www.colindres.es\/#organization","name":"AYUNTAMIENTO DE COLINDRES","url":"https:\/\/www.colindres.es\/","logo":{"@type":"ImageObject","inLanguage":"es","@id":"https:\/\/www.colindres.es\/#\/schema\/logo\/image\/","url":"https:\/\/www.colindres.es\/wp-content\/uploads\/2017\/01\/LOGO-PRINCIPAL.jpg","contentUrl":"https:\/\/www.colindres.es\/wp-content\/uploads\/2017\/01\/LOGO-PRINCIPAL.jpg","width":1209,"height":579,"caption":"AYUNTAMIENTO DE COLINDRES"},"image":{"@id":"https:\/\/www.colindres.es\/#\/schema\/logo\/image\/"}},{"@type":"Person","@id":"https:\/\/www.colindres.es\/#\/schema\/person\/0225d0319539e212e866b144d841eafb","name":"Ignacio S\u00e1inz San Emeterio","image":{"@type":"ImageObject","inLanguage":"es","@id":"https:\/\/www.colindres.es\/#\/schema\/person\/image\/","url":"https:\/\/secure.gravatar.com\/avatar\/c35e3c2e7764c40bdaf5a44f84884669f6fdecc485d5842b7a4b1a9d0c53eed8?s=96&d=mm&r=g","contentUrl":"https:\/\/secure.gravatar.com\/avatar\/c35e3c2e7764c40bdaf5a44f84884669f6fdecc485d5842b7a4b1a9d0c53eed8?s=96&d=mm&r=g","caption":"Ignacio S\u00e1inz San Emeterio"},"description":"Responsable Departamento NTIC's - Ayuntamiento de Colindres","sameAs":["https:\/\/www.colindres.es","https:\/\/es-la.facebook.com\/ayuntamiento.colindres\/","https:\/\/x.com\/https:\/\/twitter.com\/aytocolindres?lang=es"],"url":"https:\/\/www.colindres.es\/index.php\/author\/colindres\/"}]}},"_links":{"self":[{"href":"https:\/\/www.colindres.es\/index.php\/wp-json\/wp\/v2\/posts\/524","targetHints":{"allow":["GET"]}}],"collection":[{"href":"https:\/\/www.colindres.es\/index.php\/wp-json\/wp\/v2\/posts"}],"about":[{"href":"https:\/\/www.colindres.es\/index.php\/wp-json\/wp\/v2\/types\/post"}],"author":[{"embeddable":true,"href":"https:\/\/www.colindres.es\/index.php\/wp-json\/wp\/v2\/users\/1"}],"replies":[{"embeddable":true,"href":"https:\/\/www.colindres.es\/index.php\/wp-json\/wp\/v2\/comments?post=524"}],"version-history":[{"count":1,"href":"https:\/\/www.colindres.es\/index.php\/wp-json\/wp\/v2\/posts\/524\/revisions"}],"predecessor-version":[{"id":525,"href":"https:\/\/www.colindres.es\/index.php\/wp-json\/wp\/v2\/posts\/524\/revisions\/525"}],"wp:featuredmedia":[{"embeddable":true,"href":"https:\/\/www.colindres.es\/index.php\/wp-json\/wp\/v2\/media\/303"}],"wp:attachment":[{"href":"https:\/\/www.colindres.es\/index.php\/wp-json\/wp\/v2\/media?parent=524"}],"wp:term":[{"taxonomy":"category","embeddable":true,"href":"https:\/\/www.colindres.es\/index.php\/wp-json\/wp\/v2\/categories?post=524"},{"taxonomy":"post_tag","embeddable":true,"href":"https:\/\/www.colindres.es\/index.php\/wp-json\/wp\/v2\/tags?post=524"}],"curies":[{"name":"wp","href":"https:\/\/api.w.org\/{rel}","templated":true}]}}