{"id":18093,"date":"2025-02-20T11:25:58","date_gmt":"2025-02-20T10:25:58","guid":{"rendered":"https:\/\/www.colindres.es\/?p=18093"},"modified":"2025-02-20T11:27:00","modified_gmt":"2025-02-20T10:27:00","slug":"bases-reguladoras-de-la-concesion-de-becas-para-la-formacion-de-monitores-entrenadores-y-deportistas-ano-2023-expediente-3606-2024","status":"publish","type":"post","link":"https:\/\/www.colindres.es\/index.php\/2025\/02\/20\/bases-reguladoras-de-la-concesion-de-becas-para-la-formacion-de-monitores-entrenadores-y-deportistas-ano-2023-expediente-3606-2024\/","title":{"rendered":"Bases reguladoras de la concesi\u00f3n de becas para la formaci\u00f3n de monitores, entrenadores y deportistas, a\u00f1o 2023. Expediente 3606\/2024."},"content":{"rendered":"<p>Descargar en formato pdf la convocatoria.<\/p>\n<p><a href=\"https:\/\/www.colindres.es\/wp-content\/uploads\/2025\/02\/20250207_Otros_2025-935-PUBLICACION-BOC-BASES-REGULADORAS.pdf\">Descargar en formato pdf las bases.<\/a><\/p>\n","protected":false},"excerpt":{"rendered":"<p>Descargar en formato pdf la convocatoria. Descargar en formato pdf las bases.<\/p>\n","protected":false},"author":1,"featured_media":16085,"comment_status":"open","ping_status":"closed","sticky":false,"template":"","format":"standard","meta":{"_et_pb_use_builder":"","_et_pb_old_content":"","_et_gb_content_width":"","footnotes":""},"categories":[1],"tags":[],"class_list":["post-18093","post","type-post","status-publish","format-standard","has-post-thumbnail","hentry","category-juntas-de-gobierno"],"yoast_head":"<!-- This site is optimized with the Yoast SEO plugin v24.9 - https:\/\/yoast.com\/wordpress\/plugins\/seo\/ -->\n<title>Bases reguladoras de la concesi\u00f3n de becas para la formaci\u00f3n de monitores, entrenadores y deportistas, a\u00f1o 2023. Expediente 3606\/2024. - Ayuntamiento de Colindres<\/title>\n<meta name=\"robots\" content=\"index, follow, max-snippet:-1, max-image-preview:large, max-video-preview:-1\" \/>\n<link rel=\"canonical\" href=\"https:\/\/www.colindres.es\/index.php\/2025\/02\/20\/bases-reguladoras-de-la-concesion-de-becas-para-la-formacion-de-monitores-entrenadores-y-deportistas-ano-2023-expediente-3606-2024\/\" \/>\n<meta property=\"og:locale\" content=\"es_ES\" \/>\n<meta property=\"og:type\" content=\"article\" \/>\n<meta property=\"og:title\" content=\"Bases reguladoras de la concesi\u00f3n de becas para la formaci\u00f3n de monitores, entrenadores y deportistas, a\u00f1o 2023. Expediente 3606\/2024. - Ayuntamiento de Colindres\" \/>\n<meta property=\"og:description\" content=\"Descargar en formato pdf la convocatoria. Descargar en formato pdf las bases.\" \/>\n<meta property=\"og:url\" content=\"https:\/\/www.colindres.es\/index.php\/2025\/02\/20\/bases-reguladoras-de-la-concesion-de-becas-para-la-formacion-de-monitores-entrenadores-y-deportistas-ano-2023-expediente-3606-2024\/\" \/>\n<meta property=\"og:site_name\" content=\"Ayuntamiento de Colindres\" \/>\n<meta property=\"article:author\" content=\"https:\/\/es-la.facebook.com\/ayuntamiento.colindres\/\" \/>\n<meta property=\"article:published_time\" content=\"2025-02-20T10:25:58+00:00\" \/>\n<meta property=\"article:modified_time\" content=\"2025-02-20T10:27:00+00:00\" \/>\n<meta property=\"og:image\" content=\"https:\/\/www.colindres.es\/wp-content\/uploads\/2020\/12\/escudo-colindres.png\" \/>\n\t<meta property=\"og:image:width\" content=\"300\" \/>\n\t<meta property=\"og:image:height\" content=\"140\" \/>\n\t<meta property=\"og:image:type\" content=\"image\/png\" \/>\n<meta name=\"author\" content=\"Ignacio S\u00e1inz San Emeterio\" \/>\n<meta name=\"twitter:card\" content=\"summary_large_image\" \/>\n<meta name=\"twitter:creator\" content=\"@https:\/\/twitter.com\/aytocolindres?lang=es\" \/>\n<meta name=\"twitter:label1\" content=\"Escrito por\" \/>\n\t<meta name=\"twitter:data1\" content=\"Ignacio S\u00e1inz San Emeterio\" \/>\n\t<meta name=\"twitter:label2\" content=\"Tiempo de lectura\" \/>\n\t<meta name=\"twitter:data2\" content=\"1 minuto\" \/>\n<script type=\"application\/ld+json\" class=\"yoast-schema-graph\">{\"@context\":\"https:\/\/schema.org\",\"@graph\":[{\"@type\":\"Article\",\"@id\":\"https:\/\/www.colindres.es\/index.php\/2025\/02\/20\/bases-reguladoras-de-la-concesion-de-becas-para-la-formacion-de-monitores-entrenadores-y-deportistas-ano-2023-expediente-3606-2024\/#article\",\"isPartOf\":{\"@id\":\"https:\/\/www.colindres.es\/index.php\/2025\/02\/20\/bases-reguladoras-de-la-concesion-de-becas-para-la-formacion-de-monitores-entrenadores-y-deportistas-ano-2023-expediente-3606-2024\/\"},\"author\":{\"name\":\"Ignacio S\u00e1inz San Emeterio\",\"@id\":\"https:\/\/www.colindres.es\/#\/schema\/person\/0225d0319539e212e866b144d841eafb\"},\"headline\":\"Bases reguladoras de la concesi\u00f3n de becas para la formaci\u00f3n de monitores, entrenadores y deportistas, a\u00f1o 2023. Expediente 3606\/2024.\",\"datePublished\":\"2025-02-20T10:25:58+00:00\",\"dateModified\":\"2025-02-20T10:27:00+00:00\",\"mainEntityOfPage\":{\"@id\":\"https:\/\/www.colindres.es\/index.php\/2025\/02\/20\/bases-reguladoras-de-la-concesion-de-becas-para-la-formacion-de-monitores-entrenadores-y-deportistas-ano-2023-expediente-3606-2024\/\"},\"wordCount\":32,\"commentCount\":0,\"publisher\":{\"@id\":\"https:\/\/www.colindres.es\/#organization\"},\"image\":{\"@id\":\"https:\/\/www.colindres.es\/index.php\/2025\/02\/20\/bases-reguladoras-de-la-concesion-de-becas-para-la-formacion-de-monitores-entrenadores-y-deportistas-ano-2023-expediente-3606-2024\/#primaryimage\"},\"thumbnailUrl\":\"https:\/\/www.colindres.es\/wp-content\/uploads\/2020\/12\/escudo-colindres.png\",\"articleSection\":[\"Juntas de Gobierno\"],\"inLanguage\":\"es\",\"potentialAction\":[{\"@type\":\"CommentAction\",\"name\":\"Comment\",\"target\":[\"https:\/\/www.colindres.es\/index.php\/2025\/02\/20\/bases-reguladoras-de-la-concesion-de-becas-para-la-formacion-de-monitores-entrenadores-y-deportistas-ano-2023-expediente-3606-2024\/#respond\"]}]},{\"@type\":\"WebPage\",\"@id\":\"https:\/\/www.colindres.es\/index.php\/2025\/02\/20\/bases-reguladoras-de-la-concesion-de-becas-para-la-formacion-de-monitores-entrenadores-y-deportistas-ano-2023-expediente-3606-2024\/\",\"url\":\"https:\/\/www.colindres.es\/index.php\/2025\/02\/20\/bases-reguladoras-de-la-concesion-de-becas-para-la-formacion-de-monitores-entrenadores-y-deportistas-ano-2023-expediente-3606-2024\/\",\"name\":\"Bases reguladoras de la concesi\u00f3n de becas para la formaci\u00f3n de monitores, entrenadores y deportistas, a\u00f1o 2023. Expediente 3606\/2024. - Ayuntamiento de Colindres\",\"isPartOf\":{\"@id\":\"https:\/\/www.colindres.es\/#website\"},\"primaryImageOfPage\":{\"@id\":\"https:\/\/www.colindres.es\/index.php\/2025\/02\/20\/bases-reguladoras-de-la-concesion-de-becas-para-la-formacion-de-monitores-entrenadores-y-deportistas-ano-2023-expediente-3606-2024\/#primaryimage\"},\"image\":{\"@id\":\"https:\/\/www.colindres.es\/index.php\/2025\/02\/20\/bases-reguladoras-de-la-concesion-de-becas-para-la-formacion-de-monitores-entrenadores-y-deportistas-ano-2023-expediente-3606-2024\/#primaryimage\"},\"thumbnailUrl\":\"https:\/\/www.colindres.es\/wp-content\/uploads\/2020\/12\/escudo-colindres.png\",\"datePublished\":\"2025-02-20T10:25:58+00:00\",\"dateModified\":\"2025-02-20T10:27:00+00:00\",\"breadcrumb\":{\"@id\":\"https:\/\/www.colindres.es\/index.php\/2025\/02\/20\/bases-reguladoras-de-la-concesion-de-becas-para-la-formacion-de-monitores-entrenadores-y-deportistas-ano-2023-expediente-3606-2024\/#breadcrumb\"},\"inLanguage\":\"es\",\"potentialAction\":[{\"@type\":\"ReadAction\",\"target\":[\"https:\/\/www.colindres.es\/index.php\/2025\/02\/20\/bases-reguladoras-de-la-concesion-de-becas-para-la-formacion-de-monitores-entrenadores-y-deportistas-ano-2023-expediente-3606-2024\/\"]}]},{\"@type\":\"ImageObject\",\"inLanguage\":\"es\",\"@id\":\"https:\/\/www.colindres.es\/index.php\/2025\/02\/20\/bases-reguladoras-de-la-concesion-de-becas-para-la-formacion-de-monitores-entrenadores-y-deportistas-ano-2023-expediente-3606-2024\/#primaryimage\",\"url\":\"https:\/\/www.colindres.es\/wp-content\/uploads\/2020\/12\/escudo-colindres.png\",\"contentUrl\":\"https:\/\/www.colindres.es\/wp-content\/uploads\/2020\/12\/escudo-colindres.png\",\"width\":300,\"height\":140},{\"@type\":\"BreadcrumbList\",\"@id\":\"https:\/\/www.colindres.es\/index.php\/2025\/02\/20\/bases-reguladoras-de-la-concesion-de-becas-para-la-formacion-de-monitores-entrenadores-y-deportistas-ano-2023-expediente-3606-2024\/#breadcrumb\",\"itemListElement\":[{\"@type\":\"ListItem\",\"position\":1,\"name\":\"Portada\",\"item\":\"https:\/\/www.colindres.es\/\"},{\"@type\":\"ListItem\",\"position\":2,\"name\":\"Bases reguladoras de la concesi\u00f3n de becas para la formaci\u00f3n de monitores, entrenadores y deportistas, a\u00f1o 2023. Expediente 3606\/2024.\"}]},{\"@type\":\"WebSite\",\"@id\":\"https:\/\/www.colindres.es\/#website\",\"url\":\"https:\/\/www.colindres.es\/\",\"name\":\"Ayuntamiento de Colindres\",\"description\":\"Dise\u00f1ado por NTIC&#039;s\",\"publisher\":{\"@id\":\"https:\/\/www.colindres.es\/#organization\"},\"potentialAction\":[{\"@type\":\"SearchAction\",\"target\":{\"@type\":\"EntryPoint\",\"urlTemplate\":\"https:\/\/www.colindres.es\/?s={search_term_string}\"},\"query-input\":{\"@type\":\"PropertyValueSpecification\",\"valueRequired\":true,\"valueName\":\"search_term_string\"}}],\"inLanguage\":\"es\"},{\"@type\":\"Organization\",\"@id\":\"https:\/\/www.colindres.es\/#organization\",\"name\":\"AYUNTAMIENTO DE COLINDRES\",\"url\":\"https:\/\/www.colindres.es\/\",\"logo\":{\"@type\":\"ImageObject\",\"inLanguage\":\"es\",\"@id\":\"https:\/\/www.colindres.es\/#\/schema\/logo\/image\/\",\"url\":\"https:\/\/www.colindres.es\/wp-content\/uploads\/2017\/01\/LOGO-PRINCIPAL.jpg\",\"contentUrl\":\"https:\/\/www.colindres.es\/wp-content\/uploads\/2017\/01\/LOGO-PRINCIPAL.jpg\",\"width\":1209,\"height\":579,\"caption\":\"AYUNTAMIENTO DE COLINDRES\"},\"image\":{\"@id\":\"https:\/\/www.colindres.es\/#\/schema\/logo\/image\/\"}},{\"@type\":\"Person\",\"@id\":\"https:\/\/www.colindres.es\/#\/schema\/person\/0225d0319539e212e866b144d841eafb\",\"name\":\"Ignacio S\u00e1inz San Emeterio\",\"image\":{\"@type\":\"ImageObject\",\"inLanguage\":\"es\",\"@id\":\"https:\/\/www.colindres.es\/#\/schema\/person\/image\/\",\"url\":\"https:\/\/secure.gravatar.com\/avatar\/c35e3c2e7764c40bdaf5a44f84884669f6fdecc485d5842b7a4b1a9d0c53eed8?s=96&d=mm&r=g\",\"contentUrl\":\"https:\/\/secure.gravatar.com\/avatar\/c35e3c2e7764c40bdaf5a44f84884669f6fdecc485d5842b7a4b1a9d0c53eed8?s=96&d=mm&r=g\",\"caption\":\"Ignacio S\u00e1inz San Emeterio\"},\"description\":\"Responsable Departamento NTIC's - Ayuntamiento de Colindres\",\"sameAs\":[\"https:\/\/www.colindres.es\",\"https:\/\/es-la.facebook.com\/ayuntamiento.colindres\/\",\"https:\/\/x.com\/https:\/\/twitter.com\/aytocolindres?lang=es\"],\"url\":\"https:\/\/www.colindres.es\/index.php\/author\/colindres\/\"}]}<\/script>\n<!-- \/ Yoast SEO plugin. -->","yoast_head_json":{"title":"Bases reguladoras de la concesi\u00f3n de becas para la formaci\u00f3n de monitores, entrenadores y deportistas, a\u00f1o 2023. Expediente 3606\/2024. - Ayuntamiento de Colindres","robots":{"index":"index","follow":"follow","max-snippet":"max-snippet:-1","max-image-preview":"max-image-preview:large","max-video-preview":"max-video-preview:-1"},"canonical":"https:\/\/www.colindres.es\/index.php\/2025\/02\/20\/bases-reguladoras-de-la-concesion-de-becas-para-la-formacion-de-monitores-entrenadores-y-deportistas-ano-2023-expediente-3606-2024\/","og_locale":"es_ES","og_type":"article","og_title":"Bases reguladoras de la concesi\u00f3n de becas para la formaci\u00f3n de monitores, entrenadores y deportistas, a\u00f1o 2023. Expediente 3606\/2024. - Ayuntamiento de Colindres","og_description":"Descargar en formato pdf la convocatoria. Descargar en formato pdf las bases.","og_url":"https:\/\/www.colindres.es\/index.php\/2025\/02\/20\/bases-reguladoras-de-la-concesion-de-becas-para-la-formacion-de-monitores-entrenadores-y-deportistas-ano-2023-expediente-3606-2024\/","og_site_name":"Ayuntamiento de Colindres","article_author":"https:\/\/es-la.facebook.com\/ayuntamiento.colindres\/","article_published_time":"2025-02-20T10:25:58+00:00","article_modified_time":"2025-02-20T10:27:00+00:00","og_image":[{"width":300,"height":140,"url":"https:\/\/www.colindres.es\/wp-content\/uploads\/2020\/12\/escudo-colindres.png","type":"image\/png"}],"author":"Ignacio S\u00e1inz San Emeterio","twitter_card":"summary_large_image","twitter_creator":"@https:\/\/twitter.com\/aytocolindres?lang=es","twitter_misc":{"Escrito por":"Ignacio S\u00e1inz San Emeterio","Tiempo de lectura":"1 minuto"},"schema":{"@context":"https:\/\/schema.org","@graph":[{"@type":"Article","@id":"https:\/\/www.colindres.es\/index.php\/2025\/02\/20\/bases-reguladoras-de-la-concesion-de-becas-para-la-formacion-de-monitores-entrenadores-y-deportistas-ano-2023-expediente-3606-2024\/#article","isPartOf":{"@id":"https:\/\/www.colindres.es\/index.php\/2025\/02\/20\/bases-reguladoras-de-la-concesion-de-becas-para-la-formacion-de-monitores-entrenadores-y-deportistas-ano-2023-expediente-3606-2024\/"},"author":{"name":"Ignacio S\u00e1inz San Emeterio","@id":"https:\/\/www.colindres.es\/#\/schema\/person\/0225d0319539e212e866b144d841eafb"},"headline":"Bases reguladoras de la concesi\u00f3n de becas para la formaci\u00f3n de monitores, entrenadores y deportistas, a\u00f1o 2023. Expediente 3606\/2024.","datePublished":"2025-02-20T10:25:58+00:00","dateModified":"2025-02-20T10:27:00+00:00","mainEntityOfPage":{"@id":"https:\/\/www.colindres.es\/index.php\/2025\/02\/20\/bases-reguladoras-de-la-concesion-de-becas-para-la-formacion-de-monitores-entrenadores-y-deportistas-ano-2023-expediente-3606-2024\/"},"wordCount":32,"commentCount":0,"publisher":{"@id":"https:\/\/www.colindres.es\/#organization"},"image":{"@id":"https:\/\/www.colindres.es\/index.php\/2025\/02\/20\/bases-reguladoras-de-la-concesion-de-becas-para-la-formacion-de-monitores-entrenadores-y-deportistas-ano-2023-expediente-3606-2024\/#primaryimage"},"thumbnailUrl":"https:\/\/www.colindres.es\/wp-content\/uploads\/2020\/12\/escudo-colindres.png","articleSection":["Juntas de Gobierno"],"inLanguage":"es","potentialAction":[{"@type":"CommentAction","name":"Comment","target":["https:\/\/www.colindres.es\/index.php\/2025\/02\/20\/bases-reguladoras-de-la-concesion-de-becas-para-la-formacion-de-monitores-entrenadores-y-deportistas-ano-2023-expediente-3606-2024\/#respond"]}]},{"@type":"WebPage","@id":"https:\/\/www.colindres.es\/index.php\/2025\/02\/20\/bases-reguladoras-de-la-concesion-de-becas-para-la-formacion-de-monitores-entrenadores-y-deportistas-ano-2023-expediente-3606-2024\/","url":"https:\/\/www.colindres.es\/index.php\/2025\/02\/20\/bases-reguladoras-de-la-concesion-de-becas-para-la-formacion-de-monitores-entrenadores-y-deportistas-ano-2023-expediente-3606-2024\/","name":"Bases reguladoras de la concesi\u00f3n de becas para la formaci\u00f3n de monitores, entrenadores y deportistas, a\u00f1o 2023. Expediente 3606\/2024. - Ayuntamiento de Colindres","isPartOf":{"@id":"https:\/\/www.colindres.es\/#website"},"primaryImageOfPage":{"@id":"https:\/\/www.colindres.es\/index.php\/2025\/02\/20\/bases-reguladoras-de-la-concesion-de-becas-para-la-formacion-de-monitores-entrenadores-y-deportistas-ano-2023-expediente-3606-2024\/#primaryimage"},"image":{"@id":"https:\/\/www.colindres.es\/index.php\/2025\/02\/20\/bases-reguladoras-de-la-concesion-de-becas-para-la-formacion-de-monitores-entrenadores-y-deportistas-ano-2023-expediente-3606-2024\/#primaryimage"},"thumbnailUrl":"https:\/\/www.colindres.es\/wp-content\/uploads\/2020\/12\/escudo-colindres.png","datePublished":"2025-02-20T10:25:58+00:00","dateModified":"2025-02-20T10:27:00+00:00","breadcrumb":{"@id":"https:\/\/www.colindres.es\/index.php\/2025\/02\/20\/bases-reguladoras-de-la-concesion-de-becas-para-la-formacion-de-monitores-entrenadores-y-deportistas-ano-2023-expediente-3606-2024\/#breadcrumb"},"inLanguage":"es","potentialAction":[{"@type":"ReadAction","target":["https:\/\/www.colindres.es\/index.php\/2025\/02\/20\/bases-reguladoras-de-la-concesion-de-becas-para-la-formacion-de-monitores-entrenadores-y-deportistas-ano-2023-expediente-3606-2024\/"]}]},{"@type":"ImageObject","inLanguage":"es","@id":"https:\/\/www.colindres.es\/index.php\/2025\/02\/20\/bases-reguladoras-de-la-concesion-de-becas-para-la-formacion-de-monitores-entrenadores-y-deportistas-ano-2023-expediente-3606-2024\/#primaryimage","url":"https:\/\/www.colindres.es\/wp-content\/uploads\/2020\/12\/escudo-colindres.png","contentUrl":"https:\/\/www.colindres.es\/wp-content\/uploads\/2020\/12\/escudo-colindres.png","width":300,"height":140},{"@type":"BreadcrumbList","@id":"https:\/\/www.colindres.es\/index.php\/2025\/02\/20\/bases-reguladoras-de-la-concesion-de-becas-para-la-formacion-de-monitores-entrenadores-y-deportistas-ano-2023-expediente-3606-2024\/#breadcrumb","itemListElement":[{"@type":"ListItem","position":1,"name":"Portada","item":"https:\/\/www.colindres.es\/"},{"@type":"ListItem","position":2,"name":"Bases reguladoras de la concesi\u00f3n de becas para la formaci\u00f3n de monitores, entrenadores y deportistas, a\u00f1o 2023. Expediente 3606\/2024."}]},{"@type":"WebSite","@id":"https:\/\/www.colindres.es\/#website","url":"https:\/\/www.colindres.es\/","name":"Ayuntamiento de Colindres","description":"Dise\u00f1ado por NTIC&#039;s","publisher":{"@id":"https:\/\/www.colindres.es\/#organization"},"potentialAction":[{"@type":"SearchAction","target":{"@type":"EntryPoint","urlTemplate":"https:\/\/www.colindres.es\/?s={search_term_string}"},"query-input":{"@type":"PropertyValueSpecification","valueRequired":true,"valueName":"search_term_string"}}],"inLanguage":"es"},{"@type":"Organization","@id":"https:\/\/www.colindres.es\/#organization","name":"AYUNTAMIENTO DE COLINDRES","url":"https:\/\/www.colindres.es\/","logo":{"@type":"ImageObject","inLanguage":"es","@id":"https:\/\/www.colindres.es\/#\/schema\/logo\/image\/","url":"https:\/\/www.colindres.es\/wp-content\/uploads\/2017\/01\/LOGO-PRINCIPAL.jpg","contentUrl":"https:\/\/www.colindres.es\/wp-content\/uploads\/2017\/01\/LOGO-PRINCIPAL.jpg","width":1209,"height":579,"caption":"AYUNTAMIENTO DE COLINDRES"},"image":{"@id":"https:\/\/www.colindres.es\/#\/schema\/logo\/image\/"}},{"@type":"Person","@id":"https:\/\/www.colindres.es\/#\/schema\/person\/0225d0319539e212e866b144d841eafb","name":"Ignacio S\u00e1inz San Emeterio","image":{"@type":"ImageObject","inLanguage":"es","@id":"https:\/\/www.colindres.es\/#\/schema\/person\/image\/","url":"https:\/\/secure.gravatar.com\/avatar\/c35e3c2e7764c40bdaf5a44f84884669f6fdecc485d5842b7a4b1a9d0c53eed8?s=96&d=mm&r=g","contentUrl":"https:\/\/secure.gravatar.com\/avatar\/c35e3c2e7764c40bdaf5a44f84884669f6fdecc485d5842b7a4b1a9d0c53eed8?s=96&d=mm&r=g","caption":"Ignacio S\u00e1inz San Emeterio"},"description":"Responsable Departamento NTIC's - Ayuntamiento de Colindres","sameAs":["https:\/\/www.colindres.es","https:\/\/es-la.facebook.com\/ayuntamiento.colindres\/","https:\/\/x.com\/https:\/\/twitter.com\/aytocolindres?lang=es"],"url":"https:\/\/www.colindres.es\/index.php\/author\/colindres\/"}]}},"_links":{"self":[{"href":"https:\/\/www.colindres.es\/index.php\/wp-json\/wp\/v2\/posts\/18093","targetHints":{"allow":["GET"]}}],"collection":[{"href":"https:\/\/www.colindres.es\/index.php\/wp-json\/wp\/v2\/posts"}],"about":[{"href":"https:\/\/www.colindres.es\/index.php\/wp-json\/wp\/v2\/types\/post"}],"author":[{"embeddable":true,"href":"https:\/\/www.colindres.es\/index.php\/wp-json\/wp\/v2\/users\/1"}],"replies":[{"embeddable":true,"href":"https:\/\/www.colindres.es\/index.php\/wp-json\/wp\/v2\/comments?post=18093"}],"version-history":[{"count":1,"href":"https:\/\/www.colindres.es\/index.php\/wp-json\/wp\/v2\/posts\/18093\/revisions"}],"predecessor-version":[{"id":18096,"href":"https:\/\/www.colindres.es\/index.php\/wp-json\/wp\/v2\/posts\/18093\/revisions\/18096"}],"wp:featuredmedia":[{"embeddable":true,"href":"https:\/\/www.colindres.es\/index.php\/wp-json\/wp\/v2\/media\/16085"}],"wp:attachment":[{"href":"https:\/\/www.colindres.es\/index.php\/wp-json\/wp\/v2\/media?parent=18093"}],"wp:term":[{"taxonomy":"category","embeddable":true,"href":"https:\/\/www.colindres.es\/index.php\/wp-json\/wp\/v2\/categories?post=18093"},{"taxonomy":"post_tag","embeddable":true,"href":"https:\/\/www.colindres.es\/index.php\/wp-json\/wp\/v2\/tags?post=18093"}],"curies":[{"name":"wp","href":"https:\/\/api.w.org\/{rel}","templated":true}]}}