{"id":17974,"date":"2024-11-12T13:48:02","date_gmt":"2024-11-12T12:48:02","guid":{"rendered":"https:\/\/www.colindres.es\/?p=17974"},"modified":"2024-11-12T13:48:02","modified_gmt":"2024-11-12T12:48:02","slug":"anuncio-reglamento-regulador-de-la-recogida-de-residuos-en-el-ayuntamiento-de-colindres","status":"publish","type":"post","link":"https:\/\/www.colindres.es\/index.php\/2024\/11\/12\/anuncio-reglamento-regulador-de-la-recogida-de-residuos-en-el-ayuntamiento-de-colindres\/","title":{"rendered":"ANUNCIO &#8211; REGLAMENTO REGULADOR DE LA RECOGIDA DE RESIDUOS EN EL AYUNTAMIENTO DE COLINDRES."},"content":{"rendered":"<p>De conformidad con lo previsto en el art\u00edculo 133.1 de la Ley 39\/2015, de 1 de octubre, del Procedimiento Administrativo Com\u00fan de las Administraciones P\u00fablicas, con el objetivo de mejorar la participaci\u00f3n de los ciudadanos en el procedimiento de elaboraci\u00f3n de normas, con car\u00e1cter previo a la elaboraci\u00f3n del proyecto del REGLAMENTO REGULADOR DE LA RECOGIDA DE RESIDUOS EN EL AYUNTAMIENTO DE COLINDRES, se realiza consulta p\u00fablica previa en relaci\u00f3n con la iniciativa de aprobaci\u00f3n del REGLAMENTO REGULADOR DE LA RECOGIDA DE RESIDUOS EN EL AYUNTAMIENTO DE COLINDRES, por plazo de diez d\u00edas h\u00e1biles a contar desde el d\u00eda siguiente al de la publicaci\u00f3n del presente anuncio en el tabl\u00f3n de anuncios de la sede electr\u00f3nica municipal ( https:\/\/colindres.sedelectronica.es\/info.0 ) para recabar la opini\u00f3n de los sujetos y organizaciones m\u00e1s representativas potencialmente afectados por la futura norma, determinando al respecto:<\/p>\n<p><a href=\"https:\/\/www.colindres.es\/index.php\/normativa\/otras-ordenanzas-y-reglamentos\/?et_fb=1&amp;PageSpeed=off\">Descargar el acceso directo a la ordenanza previa firmada electr\u00f3nica.<\/a><\/p>\n","protected":false},"excerpt":{"rendered":"<p>De conformidad con lo previsto en el art\u00edculo 133.1 de la Ley 39\/2015, de 1 de octubre, del Procedimiento Administrativo Com\u00fan de las Administraciones P\u00fablicas, con el objetivo de mejorar la participaci\u00f3n de los ciudadanos en el procedimiento de elaboraci\u00f3n de normas, con car\u00e1cter previo a la elaboraci\u00f3n del proyecto del REGLAMENTO REGULADOR DE LA [&hellip;]<\/p>\n","protected":false},"author":1,"featured_media":0,"comment_status":"open","ping_status":"closed","sticky":false,"template":"","format":"standard","meta":{"_et_pb_use_builder":"","_et_pb_old_content":"","_et_gb_content_width":"","footnotes":""},"categories":[10],"tags":[],"class_list":["post-17974","post","type-post","status-publish","format-standard","hentry","category-anuncios"],"yoast_head":"<!-- This site is optimized with the Yoast SEO plugin v24.9 - https:\/\/yoast.com\/wordpress\/plugins\/seo\/ -->\n<title>ANUNCIO - REGLAMENTO REGULADOR DE LA RECOGIDA DE RESIDUOS EN EL AYUNTAMIENTO DE COLINDRES. - Ayuntamiento de Colindres<\/title>\n<meta name=\"robots\" content=\"index, follow, max-snippet:-1, max-image-preview:large, max-video-preview:-1\" \/>\n<link rel=\"canonical\" href=\"https:\/\/www.colindres.es\/index.php\/2024\/11\/12\/anuncio-reglamento-regulador-de-la-recogida-de-residuos-en-el-ayuntamiento-de-colindres\/\" \/>\n<meta property=\"og:locale\" content=\"es_ES\" \/>\n<meta property=\"og:type\" content=\"article\" \/>\n<meta property=\"og:title\" content=\"ANUNCIO - REGLAMENTO REGULADOR DE LA RECOGIDA DE RESIDUOS EN EL AYUNTAMIENTO DE COLINDRES. - Ayuntamiento de Colindres\" \/>\n<meta property=\"og:description\" content=\"De conformidad con lo previsto en el art\u00edculo 133.1 de la Ley 39\/2015, de 1 de octubre, del Procedimiento Administrativo Com\u00fan de las Administraciones P\u00fablicas, con el objetivo de mejorar la participaci\u00f3n de los ciudadanos en el procedimiento de elaboraci\u00f3n de normas, con car\u00e1cter previo a la elaboraci\u00f3n del proyecto del REGLAMENTO REGULADOR DE LA [&hellip;]\" \/>\n<meta property=\"og:url\" content=\"https:\/\/www.colindres.es\/index.php\/2024\/11\/12\/anuncio-reglamento-regulador-de-la-recogida-de-residuos-en-el-ayuntamiento-de-colindres\/\" \/>\n<meta property=\"og:site_name\" content=\"Ayuntamiento de Colindres\" \/>\n<meta property=\"article:author\" content=\"https:\/\/es-la.facebook.com\/ayuntamiento.colindres\/\" \/>\n<meta property=\"article:published_time\" content=\"2024-11-12T12:48:02+00:00\" \/>\n<meta name=\"author\" content=\"Ignacio S\u00e1inz San Emeterio\" \/>\n<meta name=\"twitter:card\" content=\"summary_large_image\" \/>\n<meta name=\"twitter:creator\" content=\"@https:\/\/twitter.com\/aytocolindres?lang=es\" \/>\n<meta name=\"twitter:label1\" content=\"Escrito por\" \/>\n\t<meta name=\"twitter:data1\" content=\"Ignacio S\u00e1inz San Emeterio\" \/>\n\t<meta name=\"twitter:label2\" content=\"Tiempo de lectura\" \/>\n\t<meta name=\"twitter:data2\" content=\"1 minuto\" \/>\n<script type=\"application\/ld+json\" class=\"yoast-schema-graph\">{\"@context\":\"https:\/\/schema.org\",\"@graph\":[{\"@type\":\"Article\",\"@id\":\"https:\/\/www.colindres.es\/index.php\/2024\/11\/12\/anuncio-reglamento-regulador-de-la-recogida-de-residuos-en-el-ayuntamiento-de-colindres\/#article\",\"isPartOf\":{\"@id\":\"https:\/\/www.colindres.es\/index.php\/2024\/11\/12\/anuncio-reglamento-regulador-de-la-recogida-de-residuos-en-el-ayuntamiento-de-colindres\/\"},\"author\":{\"name\":\"Ignacio S\u00e1inz San Emeterio\",\"@id\":\"https:\/\/www.colindres.es\/#\/schema\/person\/0225d0319539e212e866b144d841eafb\"},\"headline\":\"ANUNCIO &#8211; REGLAMENTO REGULADOR DE LA RECOGIDA DE RESIDUOS EN EL AYUNTAMIENTO DE COLINDRES.\",\"datePublished\":\"2024-11-12T12:48:02+00:00\",\"mainEntityOfPage\":{\"@id\":\"https:\/\/www.colindres.es\/index.php\/2024\/11\/12\/anuncio-reglamento-regulador-de-la-recogida-de-residuos-en-el-ayuntamiento-de-colindres\/\"},\"wordCount\":182,\"commentCount\":0,\"publisher\":{\"@id\":\"https:\/\/www.colindres.es\/#organization\"},\"articleSection\":[\"Anuncios\"],\"inLanguage\":\"es\",\"potentialAction\":[{\"@type\":\"CommentAction\",\"name\":\"Comment\",\"target\":[\"https:\/\/www.colindres.es\/index.php\/2024\/11\/12\/anuncio-reglamento-regulador-de-la-recogida-de-residuos-en-el-ayuntamiento-de-colindres\/#respond\"]}]},{\"@type\":\"WebPage\",\"@id\":\"https:\/\/www.colindres.es\/index.php\/2024\/11\/12\/anuncio-reglamento-regulador-de-la-recogida-de-residuos-en-el-ayuntamiento-de-colindres\/\",\"url\":\"https:\/\/www.colindres.es\/index.php\/2024\/11\/12\/anuncio-reglamento-regulador-de-la-recogida-de-residuos-en-el-ayuntamiento-de-colindres\/\",\"name\":\"ANUNCIO - REGLAMENTO REGULADOR DE LA RECOGIDA DE RESIDUOS EN EL AYUNTAMIENTO DE COLINDRES. - Ayuntamiento de Colindres\",\"isPartOf\":{\"@id\":\"https:\/\/www.colindres.es\/#website\"},\"datePublished\":\"2024-11-12T12:48:02+00:00\",\"breadcrumb\":{\"@id\":\"https:\/\/www.colindres.es\/index.php\/2024\/11\/12\/anuncio-reglamento-regulador-de-la-recogida-de-residuos-en-el-ayuntamiento-de-colindres\/#breadcrumb\"},\"inLanguage\":\"es\",\"potentialAction\":[{\"@type\":\"ReadAction\",\"target\":[\"https:\/\/www.colindres.es\/index.php\/2024\/11\/12\/anuncio-reglamento-regulador-de-la-recogida-de-residuos-en-el-ayuntamiento-de-colindres\/\"]}]},{\"@type\":\"BreadcrumbList\",\"@id\":\"https:\/\/www.colindres.es\/index.php\/2024\/11\/12\/anuncio-reglamento-regulador-de-la-recogida-de-residuos-en-el-ayuntamiento-de-colindres\/#breadcrumb\",\"itemListElement\":[{\"@type\":\"ListItem\",\"position\":1,\"name\":\"Portada\",\"item\":\"https:\/\/www.colindres.es\/\"},{\"@type\":\"ListItem\",\"position\":2,\"name\":\"ANUNCIO &#8211; REGLAMENTO REGULADOR DE LA RECOGIDA DE RESIDUOS EN EL AYUNTAMIENTO DE COLINDRES.\"}]},{\"@type\":\"WebSite\",\"@id\":\"https:\/\/www.colindres.es\/#website\",\"url\":\"https:\/\/www.colindres.es\/\",\"name\":\"Ayuntamiento de Colindres\",\"description\":\"Dise\u00f1ado por NTIC&#039;s\",\"publisher\":{\"@id\":\"https:\/\/www.colindres.es\/#organization\"},\"potentialAction\":[{\"@type\":\"SearchAction\",\"target\":{\"@type\":\"EntryPoint\",\"urlTemplate\":\"https:\/\/www.colindres.es\/?s={search_term_string}\"},\"query-input\":{\"@type\":\"PropertyValueSpecification\",\"valueRequired\":true,\"valueName\":\"search_term_string\"}}],\"inLanguage\":\"es\"},{\"@type\":\"Organization\",\"@id\":\"https:\/\/www.colindres.es\/#organization\",\"name\":\"AYUNTAMIENTO DE COLINDRES\",\"url\":\"https:\/\/www.colindres.es\/\",\"logo\":{\"@type\":\"ImageObject\",\"inLanguage\":\"es\",\"@id\":\"https:\/\/www.colindres.es\/#\/schema\/logo\/image\/\",\"url\":\"https:\/\/www.colindres.es\/wp-content\/uploads\/2017\/01\/LOGO-PRINCIPAL.jpg\",\"contentUrl\":\"https:\/\/www.colindres.es\/wp-content\/uploads\/2017\/01\/LOGO-PRINCIPAL.jpg\",\"width\":1209,\"height\":579,\"caption\":\"AYUNTAMIENTO DE COLINDRES\"},\"image\":{\"@id\":\"https:\/\/www.colindres.es\/#\/schema\/logo\/image\/\"}},{\"@type\":\"Person\",\"@id\":\"https:\/\/www.colindres.es\/#\/schema\/person\/0225d0319539e212e866b144d841eafb\",\"name\":\"Ignacio S\u00e1inz San Emeterio\",\"image\":{\"@type\":\"ImageObject\",\"inLanguage\":\"es\",\"@id\":\"https:\/\/www.colindres.es\/#\/schema\/person\/image\/\",\"url\":\"https:\/\/secure.gravatar.com\/avatar\/c35e3c2e7764c40bdaf5a44f84884669f6fdecc485d5842b7a4b1a9d0c53eed8?s=96&d=mm&r=g\",\"contentUrl\":\"https:\/\/secure.gravatar.com\/avatar\/c35e3c2e7764c40bdaf5a44f84884669f6fdecc485d5842b7a4b1a9d0c53eed8?s=96&d=mm&r=g\",\"caption\":\"Ignacio S\u00e1inz San Emeterio\"},\"description\":\"Responsable Departamento NTIC's - Ayuntamiento de Colindres\",\"sameAs\":[\"https:\/\/www.colindres.es\",\"https:\/\/es-la.facebook.com\/ayuntamiento.colindres\/\",\"https:\/\/x.com\/https:\/\/twitter.com\/aytocolindres?lang=es\"],\"url\":\"https:\/\/www.colindres.es\/index.php\/author\/colindres\/\"}]}<\/script>\n<!-- \/ Yoast SEO plugin. -->","yoast_head_json":{"title":"ANUNCIO - REGLAMENTO REGULADOR DE LA RECOGIDA DE RESIDUOS EN EL AYUNTAMIENTO DE COLINDRES. - Ayuntamiento de Colindres","robots":{"index":"index","follow":"follow","max-snippet":"max-snippet:-1","max-image-preview":"max-image-preview:large","max-video-preview":"max-video-preview:-1"},"canonical":"https:\/\/www.colindres.es\/index.php\/2024\/11\/12\/anuncio-reglamento-regulador-de-la-recogida-de-residuos-en-el-ayuntamiento-de-colindres\/","og_locale":"es_ES","og_type":"article","og_title":"ANUNCIO - REGLAMENTO REGULADOR DE LA RECOGIDA DE RESIDUOS EN EL AYUNTAMIENTO DE COLINDRES. - Ayuntamiento de Colindres","og_description":"De conformidad con lo previsto en el art\u00edculo 133.1 de la Ley 39\/2015, de 1 de octubre, del Procedimiento Administrativo Com\u00fan de las Administraciones P\u00fablicas, con el objetivo de mejorar la participaci\u00f3n de los ciudadanos en el procedimiento de elaboraci\u00f3n de normas, con car\u00e1cter previo a la elaboraci\u00f3n del proyecto del REGLAMENTO REGULADOR DE LA [&hellip;]","og_url":"https:\/\/www.colindres.es\/index.php\/2024\/11\/12\/anuncio-reglamento-regulador-de-la-recogida-de-residuos-en-el-ayuntamiento-de-colindres\/","og_site_name":"Ayuntamiento de Colindres","article_author":"https:\/\/es-la.facebook.com\/ayuntamiento.colindres\/","article_published_time":"2024-11-12T12:48:02+00:00","author":"Ignacio S\u00e1inz San Emeterio","twitter_card":"summary_large_image","twitter_creator":"@https:\/\/twitter.com\/aytocolindres?lang=es","twitter_misc":{"Escrito por":"Ignacio S\u00e1inz San Emeterio","Tiempo de lectura":"1 minuto"},"schema":{"@context":"https:\/\/schema.org","@graph":[{"@type":"Article","@id":"https:\/\/www.colindres.es\/index.php\/2024\/11\/12\/anuncio-reglamento-regulador-de-la-recogida-de-residuos-en-el-ayuntamiento-de-colindres\/#article","isPartOf":{"@id":"https:\/\/www.colindres.es\/index.php\/2024\/11\/12\/anuncio-reglamento-regulador-de-la-recogida-de-residuos-en-el-ayuntamiento-de-colindres\/"},"author":{"name":"Ignacio S\u00e1inz San Emeterio","@id":"https:\/\/www.colindres.es\/#\/schema\/person\/0225d0319539e212e866b144d841eafb"},"headline":"ANUNCIO &#8211; REGLAMENTO REGULADOR DE LA RECOGIDA DE RESIDUOS EN EL AYUNTAMIENTO DE COLINDRES.","datePublished":"2024-11-12T12:48:02+00:00","mainEntityOfPage":{"@id":"https:\/\/www.colindres.es\/index.php\/2024\/11\/12\/anuncio-reglamento-regulador-de-la-recogida-de-residuos-en-el-ayuntamiento-de-colindres\/"},"wordCount":182,"commentCount":0,"publisher":{"@id":"https:\/\/www.colindres.es\/#organization"},"articleSection":["Anuncios"],"inLanguage":"es","potentialAction":[{"@type":"CommentAction","name":"Comment","target":["https:\/\/www.colindres.es\/index.php\/2024\/11\/12\/anuncio-reglamento-regulador-de-la-recogida-de-residuos-en-el-ayuntamiento-de-colindres\/#respond"]}]},{"@type":"WebPage","@id":"https:\/\/www.colindres.es\/index.php\/2024\/11\/12\/anuncio-reglamento-regulador-de-la-recogida-de-residuos-en-el-ayuntamiento-de-colindres\/","url":"https:\/\/www.colindres.es\/index.php\/2024\/11\/12\/anuncio-reglamento-regulador-de-la-recogida-de-residuos-en-el-ayuntamiento-de-colindres\/","name":"ANUNCIO - REGLAMENTO REGULADOR DE LA RECOGIDA DE RESIDUOS EN EL AYUNTAMIENTO DE COLINDRES. - Ayuntamiento de Colindres","isPartOf":{"@id":"https:\/\/www.colindres.es\/#website"},"datePublished":"2024-11-12T12:48:02+00:00","breadcrumb":{"@id":"https:\/\/www.colindres.es\/index.php\/2024\/11\/12\/anuncio-reglamento-regulador-de-la-recogida-de-residuos-en-el-ayuntamiento-de-colindres\/#breadcrumb"},"inLanguage":"es","potentialAction":[{"@type":"ReadAction","target":["https:\/\/www.colindres.es\/index.php\/2024\/11\/12\/anuncio-reglamento-regulador-de-la-recogida-de-residuos-en-el-ayuntamiento-de-colindres\/"]}]},{"@type":"BreadcrumbList","@id":"https:\/\/www.colindres.es\/index.php\/2024\/11\/12\/anuncio-reglamento-regulador-de-la-recogida-de-residuos-en-el-ayuntamiento-de-colindres\/#breadcrumb","itemListElement":[{"@type":"ListItem","position":1,"name":"Portada","item":"https:\/\/www.colindres.es\/"},{"@type":"ListItem","position":2,"name":"ANUNCIO &#8211; REGLAMENTO REGULADOR DE LA RECOGIDA DE RESIDUOS EN EL AYUNTAMIENTO DE COLINDRES."}]},{"@type":"WebSite","@id":"https:\/\/www.colindres.es\/#website","url":"https:\/\/www.colindres.es\/","name":"Ayuntamiento de Colindres","description":"Dise\u00f1ado por NTIC&#039;s","publisher":{"@id":"https:\/\/www.colindres.es\/#organization"},"potentialAction":[{"@type":"SearchAction","target":{"@type":"EntryPoint","urlTemplate":"https:\/\/www.colindres.es\/?s={search_term_string}"},"query-input":{"@type":"PropertyValueSpecification","valueRequired":true,"valueName":"search_term_string"}}],"inLanguage":"es"},{"@type":"Organization","@id":"https:\/\/www.colindres.es\/#organization","name":"AYUNTAMIENTO DE COLINDRES","url":"https:\/\/www.colindres.es\/","logo":{"@type":"ImageObject","inLanguage":"es","@id":"https:\/\/www.colindres.es\/#\/schema\/logo\/image\/","url":"https:\/\/www.colindres.es\/wp-content\/uploads\/2017\/01\/LOGO-PRINCIPAL.jpg","contentUrl":"https:\/\/www.colindres.es\/wp-content\/uploads\/2017\/01\/LOGO-PRINCIPAL.jpg","width":1209,"height":579,"caption":"AYUNTAMIENTO DE COLINDRES"},"image":{"@id":"https:\/\/www.colindres.es\/#\/schema\/logo\/image\/"}},{"@type":"Person","@id":"https:\/\/www.colindres.es\/#\/schema\/person\/0225d0319539e212e866b144d841eafb","name":"Ignacio S\u00e1inz San Emeterio","image":{"@type":"ImageObject","inLanguage":"es","@id":"https:\/\/www.colindres.es\/#\/schema\/person\/image\/","url":"https:\/\/secure.gravatar.com\/avatar\/c35e3c2e7764c40bdaf5a44f84884669f6fdecc485d5842b7a4b1a9d0c53eed8?s=96&d=mm&r=g","contentUrl":"https:\/\/secure.gravatar.com\/avatar\/c35e3c2e7764c40bdaf5a44f84884669f6fdecc485d5842b7a4b1a9d0c53eed8?s=96&d=mm&r=g","caption":"Ignacio S\u00e1inz San Emeterio"},"description":"Responsable Departamento NTIC's - Ayuntamiento de Colindres","sameAs":["https:\/\/www.colindres.es","https:\/\/es-la.facebook.com\/ayuntamiento.colindres\/","https:\/\/x.com\/https:\/\/twitter.com\/aytocolindres?lang=es"],"url":"https:\/\/www.colindres.es\/index.php\/author\/colindres\/"}]}},"_links":{"self":[{"href":"https:\/\/www.colindres.es\/index.php\/wp-json\/wp\/v2\/posts\/17974","targetHints":{"allow":["GET"]}}],"collection":[{"href":"https:\/\/www.colindres.es\/index.php\/wp-json\/wp\/v2\/posts"}],"about":[{"href":"https:\/\/www.colindres.es\/index.php\/wp-json\/wp\/v2\/types\/post"}],"author":[{"embeddable":true,"href":"https:\/\/www.colindres.es\/index.php\/wp-json\/wp\/v2\/users\/1"}],"replies":[{"embeddable":true,"href":"https:\/\/www.colindres.es\/index.php\/wp-json\/wp\/v2\/comments?post=17974"}],"version-history":[{"count":1,"href":"https:\/\/www.colindres.es\/index.php\/wp-json\/wp\/v2\/posts\/17974\/revisions"}],"predecessor-version":[{"id":17975,"href":"https:\/\/www.colindres.es\/index.php\/wp-json\/wp\/v2\/posts\/17974\/revisions\/17975"}],"wp:attachment":[{"href":"https:\/\/www.colindres.es\/index.php\/wp-json\/wp\/v2\/media?parent=17974"}],"wp:term":[{"taxonomy":"category","embeddable":true,"href":"https:\/\/www.colindres.es\/index.php\/wp-json\/wp\/v2\/categories?post=17974"},{"taxonomy":"post_tag","embeddable":true,"href":"https:\/\/www.colindres.es\/index.php\/wp-json\/wp\/v2\/tags?post=17974"}],"curies":[{"name":"wp","href":"https:\/\/api.w.org\/{rel}","templated":true}]}}