{"id":17653,"date":"2024-03-14T20:23:19","date_gmt":"2024-03-14T19:23:19","guid":{"rendered":"https:\/\/www.colindres.es\/?p=17653"},"modified":"2024-03-14T20:35:23","modified_gmt":"2024-03-14T19:35:23","slug":"convocatoria-de-pleno-a-las-catorce-horas-del-19-de-marzo-de-2024","status":"publish","type":"post","link":"https:\/\/www.colindres.es\/index.php\/2024\/03\/14\/convocatoria-de-pleno-a-las-catorce-horas-del-19-de-marzo-de-2024\/","title":{"rendered":"CONVOCATORIA DE PLENO, a las CATORCE HORAS del 19 de marzo de 2024"},"content":{"rendered":"<p>Por la presente se le convoca a sesi\u00f3n ordinaria de Pleno que se celebrar\u00e1 en el Sal\u00f3n de Plenos de la Casa Consistorial, a las CATORCE HORAS del 19 de marzo de 2024, de acuerdo con lo estipulado en el art\u00edculo 113 del ROF, con el siguiente<br \/>\nORDEN DEL D\u00cdA.<br \/>\nParte dispositiva<br \/>\n1.- Acuerdo modificaci\u00f3n de la OR n\u00ba: 4, del Impuesto sobre incremento del valor de los terrenos de naturaleza urbana.<br \/>\n2.- Acuerdo correcci\u00f3n de errores del acuerdo de aprobaci\u00f3n de la modificaci\u00f3n de la OR n\u00ba: 2 del Impuesto sobre veh\u00edculos de tracci\u00f3n mec\u00e1nica (acuerdo de Pleno de fecha 24 de octubre de 2023).<br \/>\n3.- Acuerdo aprobaci\u00f3n expediente de imposici\u00f3n de penalidades noveno informe trimestral en el marco del expediente de contrataci\u00f3n: Servicio de recogida de servicios y limpieza viaria del Ayuntamiento de Colindres (CON\/15\/2018).<br \/>\n4.- Acuerdo aprobaci\u00f3n de la pr\u00f3rroga forzosa en el marco del expediente de contrataci\u00f3n: Servicio de recogida de servicios y limpieza viaria del Ayuntamiento de Colindres (CON\/15\/2018).<br \/>\n5.- Moci\u00f3n grupo municipal PRC registro de entrada n\u00ba: 596, relativa la presencia de la Guardia Civil en Cantabria.<br \/>\nParte de control y fiscalizaci\u00f3n.<br \/>\n1.- Daci\u00f3n de cuenta de Decretos de Alcald\u00eda: del 917\/2023 al 991\/2023 y del 1\/2024 al 230\/2024.<br \/>\n2.- Daci\u00f3n de cuenta informe ejecuci\u00f3n trimestral, PMP y morosidad 4\u00ba Trimestre 2023.<br \/>\n3.- Daci\u00f3n de cuenta de las actas de Junta de Gobierno Local de fecha: 03\/08\/2023; 18.08.2023; 24.08.2023; 04.09.2023; 08.09.2023; 21.09.2023; 28.09.2023; 05.10.2023 y 11.10.2023.<br \/>\n4.- Ruegos y Preguntas<\/p>\n<p>A partir de esta fecha tiene usted a su disposici\u00f3n en la Secretar\u00eda General de esta Corporaci\u00f3n, los antecedentes relacionados con los asuntos que figuran en el orden del d\u00eda<\/p>\n<p>En Colindres, a la fecha de la firma electr\u00f3nica<br \/>\nEl Alcalde,<br \/>\nJavier Incera Goyenechea<\/p>\n<p><a href=\"https:\/\/www.colindres.es\/wp-content\/uploads\/2024\/03\/20240314_Comunicacion_Convocatoria_Convocatoria-pleno-ordinario-19.03.2024.pdf\">Descargar aqu\u00ed el documento oficial en formato pdf.<\/a><\/p>\n","protected":false},"excerpt":{"rendered":"<p>Por la presente se le convoca a sesi\u00f3n ordinaria de Pleno que se celebrar\u00e1 en el Sal\u00f3n de Plenos de la Casa Consistorial, a las CATORCE HORAS del 19 de marzo de 2024, de acuerdo con lo estipulado en el art\u00edculo 113 del ROF, con el siguiente ORDEN DEL D\u00cdA. Parte dispositiva 1.- Acuerdo modificaci\u00f3n [&hellip;]<\/p>\n","protected":false},"author":1,"featured_media":0,"comment_status":"open","ping_status":"closed","sticky":false,"template":"","format":"standard","meta":{"_et_pb_use_builder":"","_et_pb_old_content":"","_et_gb_content_width":"","footnotes":""},"categories":[5],"tags":[],"class_list":["post-17653","post","type-post","status-publish","format-standard","hentry","category-plenos"],"yoast_head":"<!-- This site is optimized with the Yoast SEO plugin v24.9 - https:\/\/yoast.com\/wordpress\/plugins\/seo\/ -->\n<title>CONVOCATORIA DE PLENO, a las CATORCE HORAS del 19 de marzo de 2024 - Ayuntamiento de Colindres<\/title>\n<meta name=\"robots\" content=\"index, follow, max-snippet:-1, max-image-preview:large, max-video-preview:-1\" \/>\n<link rel=\"canonical\" href=\"https:\/\/www.colindres.es\/index.php\/2024\/03\/14\/convocatoria-de-pleno-a-las-catorce-horas-del-19-de-marzo-de-2024\/\" \/>\n<meta property=\"og:locale\" content=\"es_ES\" \/>\n<meta property=\"og:type\" content=\"article\" \/>\n<meta property=\"og:title\" content=\"CONVOCATORIA DE PLENO, a las CATORCE HORAS del 19 de marzo de 2024 - Ayuntamiento de Colindres\" \/>\n<meta property=\"og:description\" content=\"Por la presente se le convoca a sesi\u00f3n ordinaria de Pleno que se celebrar\u00e1 en el Sal\u00f3n de Plenos de la Casa Consistorial, a las CATORCE HORAS del 19 de marzo de 2024, de acuerdo con lo estipulado en el art\u00edculo 113 del ROF, con el siguiente ORDEN DEL D\u00cdA. Parte dispositiva 1.- Acuerdo modificaci\u00f3n [&hellip;]\" \/>\n<meta property=\"og:url\" content=\"https:\/\/www.colindres.es\/index.php\/2024\/03\/14\/convocatoria-de-pleno-a-las-catorce-horas-del-19-de-marzo-de-2024\/\" \/>\n<meta property=\"og:site_name\" content=\"Ayuntamiento de Colindres\" \/>\n<meta property=\"article:author\" content=\"https:\/\/es-la.facebook.com\/ayuntamiento.colindres\/\" \/>\n<meta property=\"article:published_time\" content=\"2024-03-14T19:23:19+00:00\" \/>\n<meta property=\"article:modified_time\" content=\"2024-03-14T19:35:23+00:00\" \/>\n<meta name=\"author\" content=\"Ignacio S\u00e1inz San Emeterio\" \/>\n<meta name=\"twitter:card\" content=\"summary_large_image\" \/>\n<meta name=\"twitter:creator\" content=\"@https:\/\/twitter.com\/aytocolindres?lang=es\" \/>\n<meta name=\"twitter:label1\" content=\"Escrito por\" \/>\n\t<meta name=\"twitter:data1\" content=\"Ignacio S\u00e1inz San Emeterio\" \/>\n\t<meta name=\"twitter:label2\" content=\"Tiempo de lectura\" \/>\n\t<meta name=\"twitter:data2\" content=\"2 minutos\" \/>\n<script type=\"application\/ld+json\" class=\"yoast-schema-graph\">{\"@context\":\"https:\/\/schema.org\",\"@graph\":[{\"@type\":\"Article\",\"@id\":\"https:\/\/www.colindres.es\/index.php\/2024\/03\/14\/convocatoria-de-pleno-a-las-catorce-horas-del-19-de-marzo-de-2024\/#article\",\"isPartOf\":{\"@id\":\"https:\/\/www.colindres.es\/index.php\/2024\/03\/14\/convocatoria-de-pleno-a-las-catorce-horas-del-19-de-marzo-de-2024\/\"},\"author\":{\"name\":\"Ignacio S\u00e1inz San Emeterio\",\"@id\":\"https:\/\/www.colindres.es\/#\/schema\/person\/0225d0319539e212e866b144d841eafb\"},\"headline\":\"CONVOCATORIA DE PLENO, a las CATORCE HORAS del 19 de marzo de 2024\",\"datePublished\":\"2024-03-14T19:23:19+00:00\",\"dateModified\":\"2024-03-14T19:35:23+00:00\",\"mainEntityOfPage\":{\"@id\":\"https:\/\/www.colindres.es\/index.php\/2024\/03\/14\/convocatoria-de-pleno-a-las-catorce-horas-del-19-de-marzo-de-2024\/\"},\"wordCount\":315,\"commentCount\":0,\"publisher\":{\"@id\":\"https:\/\/www.colindres.es\/#organization\"},\"articleSection\":[\"Plenos\"],\"inLanguage\":\"es\",\"potentialAction\":[{\"@type\":\"CommentAction\",\"name\":\"Comment\",\"target\":[\"https:\/\/www.colindres.es\/index.php\/2024\/03\/14\/convocatoria-de-pleno-a-las-catorce-horas-del-19-de-marzo-de-2024\/#respond\"]}]},{\"@type\":\"WebPage\",\"@id\":\"https:\/\/www.colindres.es\/index.php\/2024\/03\/14\/convocatoria-de-pleno-a-las-catorce-horas-del-19-de-marzo-de-2024\/\",\"url\":\"https:\/\/www.colindres.es\/index.php\/2024\/03\/14\/convocatoria-de-pleno-a-las-catorce-horas-del-19-de-marzo-de-2024\/\",\"name\":\"CONVOCATORIA DE PLENO, a las CATORCE HORAS del 19 de marzo de 2024 - Ayuntamiento de Colindres\",\"isPartOf\":{\"@id\":\"https:\/\/www.colindres.es\/#website\"},\"datePublished\":\"2024-03-14T19:23:19+00:00\",\"dateModified\":\"2024-03-14T19:35:23+00:00\",\"breadcrumb\":{\"@id\":\"https:\/\/www.colindres.es\/index.php\/2024\/03\/14\/convocatoria-de-pleno-a-las-catorce-horas-del-19-de-marzo-de-2024\/#breadcrumb\"},\"inLanguage\":\"es\",\"potentialAction\":[{\"@type\":\"ReadAction\",\"target\":[\"https:\/\/www.colindres.es\/index.php\/2024\/03\/14\/convocatoria-de-pleno-a-las-catorce-horas-del-19-de-marzo-de-2024\/\"]}]},{\"@type\":\"BreadcrumbList\",\"@id\":\"https:\/\/www.colindres.es\/index.php\/2024\/03\/14\/convocatoria-de-pleno-a-las-catorce-horas-del-19-de-marzo-de-2024\/#breadcrumb\",\"itemListElement\":[{\"@type\":\"ListItem\",\"position\":1,\"name\":\"Portada\",\"item\":\"https:\/\/www.colindres.es\/\"},{\"@type\":\"ListItem\",\"position\":2,\"name\":\"CONVOCATORIA DE PLENO, a las CATORCE HORAS del 19 de marzo de 2024\"}]},{\"@type\":\"WebSite\",\"@id\":\"https:\/\/www.colindres.es\/#website\",\"url\":\"https:\/\/www.colindres.es\/\",\"name\":\"Ayuntamiento de Colindres\",\"description\":\"Dise\u00f1ado por NTIC&#039;s\",\"publisher\":{\"@id\":\"https:\/\/www.colindres.es\/#organization\"},\"potentialAction\":[{\"@type\":\"SearchAction\",\"target\":{\"@type\":\"EntryPoint\",\"urlTemplate\":\"https:\/\/www.colindres.es\/?s={search_term_string}\"},\"query-input\":{\"@type\":\"PropertyValueSpecification\",\"valueRequired\":true,\"valueName\":\"search_term_string\"}}],\"inLanguage\":\"es\"},{\"@type\":\"Organization\",\"@id\":\"https:\/\/www.colindres.es\/#organization\",\"name\":\"AYUNTAMIENTO DE COLINDRES\",\"url\":\"https:\/\/www.colindres.es\/\",\"logo\":{\"@type\":\"ImageObject\",\"inLanguage\":\"es\",\"@id\":\"https:\/\/www.colindres.es\/#\/schema\/logo\/image\/\",\"url\":\"https:\/\/www.colindres.es\/wp-content\/uploads\/2017\/01\/LOGO-PRINCIPAL.jpg\",\"contentUrl\":\"https:\/\/www.colindres.es\/wp-content\/uploads\/2017\/01\/LOGO-PRINCIPAL.jpg\",\"width\":1209,\"height\":579,\"caption\":\"AYUNTAMIENTO DE COLINDRES\"},\"image\":{\"@id\":\"https:\/\/www.colindres.es\/#\/schema\/logo\/image\/\"}},{\"@type\":\"Person\",\"@id\":\"https:\/\/www.colindres.es\/#\/schema\/person\/0225d0319539e212e866b144d841eafb\",\"name\":\"Ignacio S\u00e1inz San Emeterio\",\"image\":{\"@type\":\"ImageObject\",\"inLanguage\":\"es\",\"@id\":\"https:\/\/www.colindres.es\/#\/schema\/person\/image\/\",\"url\":\"https:\/\/secure.gravatar.com\/avatar\/c35e3c2e7764c40bdaf5a44f84884669f6fdecc485d5842b7a4b1a9d0c53eed8?s=96&d=mm&r=g\",\"contentUrl\":\"https:\/\/secure.gravatar.com\/avatar\/c35e3c2e7764c40bdaf5a44f84884669f6fdecc485d5842b7a4b1a9d0c53eed8?s=96&d=mm&r=g\",\"caption\":\"Ignacio S\u00e1inz San Emeterio\"},\"description\":\"Responsable Departamento NTIC's - Ayuntamiento de Colindres\",\"sameAs\":[\"https:\/\/www.colindres.es\",\"https:\/\/es-la.facebook.com\/ayuntamiento.colindres\/\",\"https:\/\/x.com\/https:\/\/twitter.com\/aytocolindres?lang=es\"],\"url\":\"https:\/\/www.colindres.es\/index.php\/author\/colindres\/\"}]}<\/script>\n<!-- \/ Yoast SEO plugin. -->","yoast_head_json":{"title":"CONVOCATORIA DE PLENO, a las CATORCE HORAS del 19 de marzo de 2024 - Ayuntamiento de Colindres","robots":{"index":"index","follow":"follow","max-snippet":"max-snippet:-1","max-image-preview":"max-image-preview:large","max-video-preview":"max-video-preview:-1"},"canonical":"https:\/\/www.colindres.es\/index.php\/2024\/03\/14\/convocatoria-de-pleno-a-las-catorce-horas-del-19-de-marzo-de-2024\/","og_locale":"es_ES","og_type":"article","og_title":"CONVOCATORIA DE PLENO, a las CATORCE HORAS del 19 de marzo de 2024 - Ayuntamiento de Colindres","og_description":"Por la presente se le convoca a sesi\u00f3n ordinaria de Pleno que se celebrar\u00e1 en el Sal\u00f3n de Plenos de la Casa Consistorial, a las CATORCE HORAS del 19 de marzo de 2024, de acuerdo con lo estipulado en el art\u00edculo 113 del ROF, con el siguiente ORDEN DEL D\u00cdA. Parte dispositiva 1.- Acuerdo modificaci\u00f3n [&hellip;]","og_url":"https:\/\/www.colindres.es\/index.php\/2024\/03\/14\/convocatoria-de-pleno-a-las-catorce-horas-del-19-de-marzo-de-2024\/","og_site_name":"Ayuntamiento de Colindres","article_author":"https:\/\/es-la.facebook.com\/ayuntamiento.colindres\/","article_published_time":"2024-03-14T19:23:19+00:00","article_modified_time":"2024-03-14T19:35:23+00:00","author":"Ignacio S\u00e1inz San Emeterio","twitter_card":"summary_large_image","twitter_creator":"@https:\/\/twitter.com\/aytocolindres?lang=es","twitter_misc":{"Escrito por":"Ignacio S\u00e1inz San Emeterio","Tiempo de lectura":"2 minutos"},"schema":{"@context":"https:\/\/schema.org","@graph":[{"@type":"Article","@id":"https:\/\/www.colindres.es\/index.php\/2024\/03\/14\/convocatoria-de-pleno-a-las-catorce-horas-del-19-de-marzo-de-2024\/#article","isPartOf":{"@id":"https:\/\/www.colindres.es\/index.php\/2024\/03\/14\/convocatoria-de-pleno-a-las-catorce-horas-del-19-de-marzo-de-2024\/"},"author":{"name":"Ignacio S\u00e1inz San Emeterio","@id":"https:\/\/www.colindres.es\/#\/schema\/person\/0225d0319539e212e866b144d841eafb"},"headline":"CONVOCATORIA DE PLENO, a las CATORCE HORAS del 19 de marzo de 2024","datePublished":"2024-03-14T19:23:19+00:00","dateModified":"2024-03-14T19:35:23+00:00","mainEntityOfPage":{"@id":"https:\/\/www.colindres.es\/index.php\/2024\/03\/14\/convocatoria-de-pleno-a-las-catorce-horas-del-19-de-marzo-de-2024\/"},"wordCount":315,"commentCount":0,"publisher":{"@id":"https:\/\/www.colindres.es\/#organization"},"articleSection":["Plenos"],"inLanguage":"es","potentialAction":[{"@type":"CommentAction","name":"Comment","target":["https:\/\/www.colindres.es\/index.php\/2024\/03\/14\/convocatoria-de-pleno-a-las-catorce-horas-del-19-de-marzo-de-2024\/#respond"]}]},{"@type":"WebPage","@id":"https:\/\/www.colindres.es\/index.php\/2024\/03\/14\/convocatoria-de-pleno-a-las-catorce-horas-del-19-de-marzo-de-2024\/","url":"https:\/\/www.colindres.es\/index.php\/2024\/03\/14\/convocatoria-de-pleno-a-las-catorce-horas-del-19-de-marzo-de-2024\/","name":"CONVOCATORIA DE PLENO, a las CATORCE HORAS del 19 de marzo de 2024 - Ayuntamiento de Colindres","isPartOf":{"@id":"https:\/\/www.colindres.es\/#website"},"datePublished":"2024-03-14T19:23:19+00:00","dateModified":"2024-03-14T19:35:23+00:00","breadcrumb":{"@id":"https:\/\/www.colindres.es\/index.php\/2024\/03\/14\/convocatoria-de-pleno-a-las-catorce-horas-del-19-de-marzo-de-2024\/#breadcrumb"},"inLanguage":"es","potentialAction":[{"@type":"ReadAction","target":["https:\/\/www.colindres.es\/index.php\/2024\/03\/14\/convocatoria-de-pleno-a-las-catorce-horas-del-19-de-marzo-de-2024\/"]}]},{"@type":"BreadcrumbList","@id":"https:\/\/www.colindres.es\/index.php\/2024\/03\/14\/convocatoria-de-pleno-a-las-catorce-horas-del-19-de-marzo-de-2024\/#breadcrumb","itemListElement":[{"@type":"ListItem","position":1,"name":"Portada","item":"https:\/\/www.colindres.es\/"},{"@type":"ListItem","position":2,"name":"CONVOCATORIA DE PLENO, a las CATORCE HORAS del 19 de marzo de 2024"}]},{"@type":"WebSite","@id":"https:\/\/www.colindres.es\/#website","url":"https:\/\/www.colindres.es\/","name":"Ayuntamiento de Colindres","description":"Dise\u00f1ado por NTIC&#039;s","publisher":{"@id":"https:\/\/www.colindres.es\/#organization"},"potentialAction":[{"@type":"SearchAction","target":{"@type":"EntryPoint","urlTemplate":"https:\/\/www.colindres.es\/?s={search_term_string}"},"query-input":{"@type":"PropertyValueSpecification","valueRequired":true,"valueName":"search_term_string"}}],"inLanguage":"es"},{"@type":"Organization","@id":"https:\/\/www.colindres.es\/#organization","name":"AYUNTAMIENTO DE COLINDRES","url":"https:\/\/www.colindres.es\/","logo":{"@type":"ImageObject","inLanguage":"es","@id":"https:\/\/www.colindres.es\/#\/schema\/logo\/image\/","url":"https:\/\/www.colindres.es\/wp-content\/uploads\/2017\/01\/LOGO-PRINCIPAL.jpg","contentUrl":"https:\/\/www.colindres.es\/wp-content\/uploads\/2017\/01\/LOGO-PRINCIPAL.jpg","width":1209,"height":579,"caption":"AYUNTAMIENTO DE COLINDRES"},"image":{"@id":"https:\/\/www.colindres.es\/#\/schema\/logo\/image\/"}},{"@type":"Person","@id":"https:\/\/www.colindres.es\/#\/schema\/person\/0225d0319539e212e866b144d841eafb","name":"Ignacio S\u00e1inz San Emeterio","image":{"@type":"ImageObject","inLanguage":"es","@id":"https:\/\/www.colindres.es\/#\/schema\/person\/image\/","url":"https:\/\/secure.gravatar.com\/avatar\/c35e3c2e7764c40bdaf5a44f84884669f6fdecc485d5842b7a4b1a9d0c53eed8?s=96&d=mm&r=g","contentUrl":"https:\/\/secure.gravatar.com\/avatar\/c35e3c2e7764c40bdaf5a44f84884669f6fdecc485d5842b7a4b1a9d0c53eed8?s=96&d=mm&r=g","caption":"Ignacio S\u00e1inz San Emeterio"},"description":"Responsable Departamento NTIC's - Ayuntamiento de Colindres","sameAs":["https:\/\/www.colindres.es","https:\/\/es-la.facebook.com\/ayuntamiento.colindres\/","https:\/\/x.com\/https:\/\/twitter.com\/aytocolindres?lang=es"],"url":"https:\/\/www.colindres.es\/index.php\/author\/colindres\/"}]}},"_links":{"self":[{"href":"https:\/\/www.colindres.es\/index.php\/wp-json\/wp\/v2\/posts\/17653","targetHints":{"allow":["GET"]}}],"collection":[{"href":"https:\/\/www.colindres.es\/index.php\/wp-json\/wp\/v2\/posts"}],"about":[{"href":"https:\/\/www.colindres.es\/index.php\/wp-json\/wp\/v2\/types\/post"}],"author":[{"embeddable":true,"href":"https:\/\/www.colindres.es\/index.php\/wp-json\/wp\/v2\/users\/1"}],"replies":[{"embeddable":true,"href":"https:\/\/www.colindres.es\/index.php\/wp-json\/wp\/v2\/comments?post=17653"}],"version-history":[{"count":2,"href":"https:\/\/www.colindres.es\/index.php\/wp-json\/wp\/v2\/posts\/17653\/revisions"}],"predecessor-version":[{"id":17656,"href":"https:\/\/www.colindres.es\/index.php\/wp-json\/wp\/v2\/posts\/17653\/revisions\/17656"}],"wp:attachment":[{"href":"https:\/\/www.colindres.es\/index.php\/wp-json\/wp\/v2\/media?parent=17653"}],"wp:term":[{"taxonomy":"category","embeddable":true,"href":"https:\/\/www.colindres.es\/index.php\/wp-json\/wp\/v2\/categories?post=17653"},{"taxonomy":"post_tag","embeddable":true,"href":"https:\/\/www.colindres.es\/index.php\/wp-json\/wp\/v2\/tags?post=17653"}],"curies":[{"name":"wp","href":"https:\/\/api.w.org\/{rel}","templated":true}]}}