{"id":17478,"date":"2023-12-04T08:16:25","date_gmt":"2023-12-04T07:16:25","guid":{"rendered":"https:\/\/www.colindres.es\/?p=17478"},"modified":"2023-12-04T08:16:25","modified_gmt":"2023-12-04T07:16:25","slug":"convocatoria-de-pleno-04-de-diciembre-a-las-13-15-h","status":"publish","type":"post","link":"https:\/\/www.colindres.es\/index.php\/2023\/12\/04\/convocatoria-de-pleno-04-de-diciembre-a-las-13-15-h\/","title":{"rendered":"CONVOCATORIA DE PLENO &#8211; 04 de diciembre a las 13.15 h."},"content":{"rendered":"<p>Por la presente se le convoca a sesi\u00f3n ordinaria de Pleno que se celebrar\u00e1 en el Sal\u00f3n de Plenos de la Casa Consistorial, a las TRECE HORAS Y QUINCE MINUTOS del 04 de diciembre de 2023, de acuerdo con lo estipulado en el art\u00edculo 113 del ROF, con el siguiente<br \/>\nORDEN DEL D\u00cdA.<br \/>\nParte dispositiva<br \/>\n1.- Acuerdo de aprobaci\u00f3n bases reguladoras de la concesi\u00f3n de becas a deportistas locales en competiciones nacionales e internacionales (anualidad 2022).<br \/>\n2.- Acuerdo de aprobaci\u00f3n bases reguladoras de la concesi\u00f3n de becas para la formaci\u00f3n de monitores, entrenadores y deportistas (anualidad 2022). 1.-<br \/>\n3.- Acuerdo relativo a nombramiento de representantes del Ayuntamiento de Colindres en la comisi\u00f3n de control del Plan de pensiones<br \/>\n4.- Acuerdo de aprobaci\u00f3n Cuenta General 2022<br \/>\n5.-Acuerdo de aprobaci\u00f3n inicial del Presupuesto General consolidado para el ejercicio 2024, y documentaci\u00f3n anexa.<br \/>\n6.- Moci\u00f3n grupo municipal PRC registro de entrada n\u00ba: 4720, relativo al impuesto de incremento del valor de los terrenos de naturaleza urbana.<br \/>\nParte de control y fiscalizaci\u00f3n.<br \/>\n1.- Daci\u00f3n de cuenta de Decretos de Alcald\u00eda: del 836\/2023 al 916\/2023.<br \/>\n2.- Daci\u00f3n de cuenta informe ejecuci\u00f3n trimestral, PMP y morosidad 1\u00ba, 2\u00ba y 4\u00ba Trimestre 2023.<br \/>\n3.- Daci\u00f3n de cuenta de las actas de Junta de Gobierno Local de fecha: 22.06.2023, 29.06.2023, 06.07.2023, 13.07.2023, 21.07.2023.<br \/>\n4.- Ruegos y Preguntas<br \/>\nA partir de esta fecha tiene usted a su disposici\u00f3n en la Secretar\u00eda General de esta Corporaci\u00f3n, los antecedentes relacionados con los asuntos que figuran en el orden del d\u00eda<br \/>\nEn Colindres, a la fecha de la firma electr\u00f3nica<br \/>\nEl Alcalde,<br \/>\nJavier Incera Goyenechea.<br \/>\nDocumento firmado electr\u00f3nicamente (Ley 39\/2015, de 1 de octubre<\/p>\n<p>D<a href=\"https:\/\/www.colindres.es\/wp-content\/uploads\/2023\/12\/20231129_Comunicacion_Convocatoria_Convocatoria-Pleno-ordinario-04.12.2023.pdf\">escargar el documento oficial en formato pdf.<\/a><\/p>\n","protected":false},"excerpt":{"rendered":"<p>Por la presente se le convoca a sesi\u00f3n ordinaria de Pleno que se celebrar\u00e1 en el Sal\u00f3n de Plenos de la Casa Consistorial, a las TRECE HORAS Y QUINCE MINUTOS del 04 de diciembre de 2023, de acuerdo con lo estipulado en el art\u00edculo 113 del ROF, con el siguiente ORDEN DEL D\u00cdA. Parte dispositiva [&hellip;]<\/p>\n","protected":false},"author":1,"featured_media":0,"comment_status":"open","ping_status":"closed","sticky":false,"template":"","format":"standard","meta":{"_et_pb_use_builder":"","_et_pb_old_content":"","_et_gb_content_width":"","footnotes":""},"categories":[5],"tags":[],"class_list":["post-17478","post","type-post","status-publish","format-standard","hentry","category-plenos"],"yoast_head":"<!-- This site is optimized with the Yoast SEO plugin v24.9 - https:\/\/yoast.com\/wordpress\/plugins\/seo\/ -->\n<title>CONVOCATORIA DE PLENO - 04 de diciembre a las 13.15 h. - Ayuntamiento de Colindres<\/title>\n<meta name=\"robots\" content=\"index, follow, max-snippet:-1, max-image-preview:large, max-video-preview:-1\" \/>\n<link rel=\"canonical\" href=\"https:\/\/www.colindres.es\/index.php\/2023\/12\/04\/convocatoria-de-pleno-04-de-diciembre-a-las-13-15-h\/\" \/>\n<meta property=\"og:locale\" content=\"es_ES\" \/>\n<meta property=\"og:type\" content=\"article\" \/>\n<meta property=\"og:title\" content=\"CONVOCATORIA DE PLENO - 04 de diciembre a las 13.15 h. - Ayuntamiento de Colindres\" \/>\n<meta property=\"og:description\" content=\"Por la presente se le convoca a sesi\u00f3n ordinaria de Pleno que se celebrar\u00e1 en el Sal\u00f3n de Plenos de la Casa Consistorial, a las TRECE HORAS Y QUINCE MINUTOS del 04 de diciembre de 2023, de acuerdo con lo estipulado en el art\u00edculo 113 del ROF, con el siguiente ORDEN DEL D\u00cdA. Parte dispositiva [&hellip;]\" \/>\n<meta property=\"og:url\" content=\"https:\/\/www.colindres.es\/index.php\/2023\/12\/04\/convocatoria-de-pleno-04-de-diciembre-a-las-13-15-h\/\" \/>\n<meta property=\"og:site_name\" content=\"Ayuntamiento de Colindres\" \/>\n<meta property=\"article:author\" content=\"https:\/\/es-la.facebook.com\/ayuntamiento.colindres\/\" \/>\n<meta property=\"article:published_time\" content=\"2023-12-04T07:16:25+00:00\" \/>\n<meta name=\"author\" content=\"Ignacio S\u00e1inz San Emeterio\" \/>\n<meta name=\"twitter:card\" content=\"summary_large_image\" \/>\n<meta name=\"twitter:creator\" content=\"@https:\/\/twitter.com\/aytocolindres?lang=es\" \/>\n<meta name=\"twitter:label1\" content=\"Escrito por\" \/>\n\t<meta name=\"twitter:data1\" content=\"Ignacio S\u00e1inz San Emeterio\" \/>\n\t<meta name=\"twitter:label2\" content=\"Tiempo de lectura\" \/>\n\t<meta name=\"twitter:data2\" content=\"1 minuto\" \/>\n<script type=\"application\/ld+json\" class=\"yoast-schema-graph\">{\"@context\":\"https:\/\/schema.org\",\"@graph\":[{\"@type\":\"Article\",\"@id\":\"https:\/\/www.colindres.es\/index.php\/2023\/12\/04\/convocatoria-de-pleno-04-de-diciembre-a-las-13-15-h\/#article\",\"isPartOf\":{\"@id\":\"https:\/\/www.colindres.es\/index.php\/2023\/12\/04\/convocatoria-de-pleno-04-de-diciembre-a-las-13-15-h\/\"},\"author\":{\"name\":\"Ignacio S\u00e1inz San Emeterio\",\"@id\":\"https:\/\/www.colindres.es\/#\/schema\/person\/0225d0319539e212e866b144d841eafb\"},\"headline\":\"CONVOCATORIA DE PLENO &#8211; 04 de diciembre a las 13.15 h.\",\"datePublished\":\"2023-12-04T07:16:25+00:00\",\"mainEntityOfPage\":{\"@id\":\"https:\/\/www.colindres.es\/index.php\/2023\/12\/04\/convocatoria-de-pleno-04-de-diciembre-a-las-13-15-h\/\"},\"wordCount\":293,\"commentCount\":0,\"publisher\":{\"@id\":\"https:\/\/www.colindres.es\/#organization\"},\"articleSection\":[\"Plenos\"],\"inLanguage\":\"es\",\"potentialAction\":[{\"@type\":\"CommentAction\",\"name\":\"Comment\",\"target\":[\"https:\/\/www.colindres.es\/index.php\/2023\/12\/04\/convocatoria-de-pleno-04-de-diciembre-a-las-13-15-h\/#respond\"]}]},{\"@type\":\"WebPage\",\"@id\":\"https:\/\/www.colindres.es\/index.php\/2023\/12\/04\/convocatoria-de-pleno-04-de-diciembre-a-las-13-15-h\/\",\"url\":\"https:\/\/www.colindres.es\/index.php\/2023\/12\/04\/convocatoria-de-pleno-04-de-diciembre-a-las-13-15-h\/\",\"name\":\"CONVOCATORIA DE PLENO - 04 de diciembre a las 13.15 h. - Ayuntamiento de Colindres\",\"isPartOf\":{\"@id\":\"https:\/\/www.colindres.es\/#website\"},\"datePublished\":\"2023-12-04T07:16:25+00:00\",\"breadcrumb\":{\"@id\":\"https:\/\/www.colindres.es\/index.php\/2023\/12\/04\/convocatoria-de-pleno-04-de-diciembre-a-las-13-15-h\/#breadcrumb\"},\"inLanguage\":\"es\",\"potentialAction\":[{\"@type\":\"ReadAction\",\"target\":[\"https:\/\/www.colindres.es\/index.php\/2023\/12\/04\/convocatoria-de-pleno-04-de-diciembre-a-las-13-15-h\/\"]}]},{\"@type\":\"BreadcrumbList\",\"@id\":\"https:\/\/www.colindres.es\/index.php\/2023\/12\/04\/convocatoria-de-pleno-04-de-diciembre-a-las-13-15-h\/#breadcrumb\",\"itemListElement\":[{\"@type\":\"ListItem\",\"position\":1,\"name\":\"Portada\",\"item\":\"https:\/\/www.colindres.es\/\"},{\"@type\":\"ListItem\",\"position\":2,\"name\":\"CONVOCATORIA DE PLENO &#8211; 04 de diciembre a las 13.15 h.\"}]},{\"@type\":\"WebSite\",\"@id\":\"https:\/\/www.colindres.es\/#website\",\"url\":\"https:\/\/www.colindres.es\/\",\"name\":\"Ayuntamiento de Colindres\",\"description\":\"Dise\u00f1ado por NTIC&#039;s\",\"publisher\":{\"@id\":\"https:\/\/www.colindres.es\/#organization\"},\"potentialAction\":[{\"@type\":\"SearchAction\",\"target\":{\"@type\":\"EntryPoint\",\"urlTemplate\":\"https:\/\/www.colindres.es\/?s={search_term_string}\"},\"query-input\":{\"@type\":\"PropertyValueSpecification\",\"valueRequired\":true,\"valueName\":\"search_term_string\"}}],\"inLanguage\":\"es\"},{\"@type\":\"Organization\",\"@id\":\"https:\/\/www.colindres.es\/#organization\",\"name\":\"AYUNTAMIENTO DE COLINDRES\",\"url\":\"https:\/\/www.colindres.es\/\",\"logo\":{\"@type\":\"ImageObject\",\"inLanguage\":\"es\",\"@id\":\"https:\/\/www.colindres.es\/#\/schema\/logo\/image\/\",\"url\":\"https:\/\/www.colindres.es\/wp-content\/uploads\/2017\/01\/LOGO-PRINCIPAL.jpg\",\"contentUrl\":\"https:\/\/www.colindres.es\/wp-content\/uploads\/2017\/01\/LOGO-PRINCIPAL.jpg\",\"width\":1209,\"height\":579,\"caption\":\"AYUNTAMIENTO DE COLINDRES\"},\"image\":{\"@id\":\"https:\/\/www.colindres.es\/#\/schema\/logo\/image\/\"}},{\"@type\":\"Person\",\"@id\":\"https:\/\/www.colindres.es\/#\/schema\/person\/0225d0319539e212e866b144d841eafb\",\"name\":\"Ignacio S\u00e1inz San Emeterio\",\"image\":{\"@type\":\"ImageObject\",\"inLanguage\":\"es\",\"@id\":\"https:\/\/www.colindres.es\/#\/schema\/person\/image\/\",\"url\":\"https:\/\/secure.gravatar.com\/avatar\/c35e3c2e7764c40bdaf5a44f84884669f6fdecc485d5842b7a4b1a9d0c53eed8?s=96&d=mm&r=g\",\"contentUrl\":\"https:\/\/secure.gravatar.com\/avatar\/c35e3c2e7764c40bdaf5a44f84884669f6fdecc485d5842b7a4b1a9d0c53eed8?s=96&d=mm&r=g\",\"caption\":\"Ignacio S\u00e1inz San Emeterio\"},\"description\":\"Responsable Departamento NTIC's - Ayuntamiento de Colindres\",\"sameAs\":[\"https:\/\/www.colindres.es\",\"https:\/\/es-la.facebook.com\/ayuntamiento.colindres\/\",\"https:\/\/x.com\/https:\/\/twitter.com\/aytocolindres?lang=es\"],\"url\":\"https:\/\/www.colindres.es\/index.php\/author\/colindres\/\"}]}<\/script>\n<!-- \/ Yoast SEO plugin. -->","yoast_head_json":{"title":"CONVOCATORIA DE PLENO - 04 de diciembre a las 13.15 h. - Ayuntamiento de Colindres","robots":{"index":"index","follow":"follow","max-snippet":"max-snippet:-1","max-image-preview":"max-image-preview:large","max-video-preview":"max-video-preview:-1"},"canonical":"https:\/\/www.colindres.es\/index.php\/2023\/12\/04\/convocatoria-de-pleno-04-de-diciembre-a-las-13-15-h\/","og_locale":"es_ES","og_type":"article","og_title":"CONVOCATORIA DE PLENO - 04 de diciembre a las 13.15 h. - Ayuntamiento de Colindres","og_description":"Por la presente se le convoca a sesi\u00f3n ordinaria de Pleno que se celebrar\u00e1 en el Sal\u00f3n de Plenos de la Casa Consistorial, a las TRECE HORAS Y QUINCE MINUTOS del 04 de diciembre de 2023, de acuerdo con lo estipulado en el art\u00edculo 113 del ROF, con el siguiente ORDEN DEL D\u00cdA. Parte dispositiva [&hellip;]","og_url":"https:\/\/www.colindres.es\/index.php\/2023\/12\/04\/convocatoria-de-pleno-04-de-diciembre-a-las-13-15-h\/","og_site_name":"Ayuntamiento de Colindres","article_author":"https:\/\/es-la.facebook.com\/ayuntamiento.colindres\/","article_published_time":"2023-12-04T07:16:25+00:00","author":"Ignacio S\u00e1inz San Emeterio","twitter_card":"summary_large_image","twitter_creator":"@https:\/\/twitter.com\/aytocolindres?lang=es","twitter_misc":{"Escrito por":"Ignacio S\u00e1inz San Emeterio","Tiempo de lectura":"1 minuto"},"schema":{"@context":"https:\/\/schema.org","@graph":[{"@type":"Article","@id":"https:\/\/www.colindres.es\/index.php\/2023\/12\/04\/convocatoria-de-pleno-04-de-diciembre-a-las-13-15-h\/#article","isPartOf":{"@id":"https:\/\/www.colindres.es\/index.php\/2023\/12\/04\/convocatoria-de-pleno-04-de-diciembre-a-las-13-15-h\/"},"author":{"name":"Ignacio S\u00e1inz San Emeterio","@id":"https:\/\/www.colindres.es\/#\/schema\/person\/0225d0319539e212e866b144d841eafb"},"headline":"CONVOCATORIA DE PLENO &#8211; 04 de diciembre a las 13.15 h.","datePublished":"2023-12-04T07:16:25+00:00","mainEntityOfPage":{"@id":"https:\/\/www.colindres.es\/index.php\/2023\/12\/04\/convocatoria-de-pleno-04-de-diciembre-a-las-13-15-h\/"},"wordCount":293,"commentCount":0,"publisher":{"@id":"https:\/\/www.colindres.es\/#organization"},"articleSection":["Plenos"],"inLanguage":"es","potentialAction":[{"@type":"CommentAction","name":"Comment","target":["https:\/\/www.colindres.es\/index.php\/2023\/12\/04\/convocatoria-de-pleno-04-de-diciembre-a-las-13-15-h\/#respond"]}]},{"@type":"WebPage","@id":"https:\/\/www.colindres.es\/index.php\/2023\/12\/04\/convocatoria-de-pleno-04-de-diciembre-a-las-13-15-h\/","url":"https:\/\/www.colindres.es\/index.php\/2023\/12\/04\/convocatoria-de-pleno-04-de-diciembre-a-las-13-15-h\/","name":"CONVOCATORIA DE PLENO - 04 de diciembre a las 13.15 h. - Ayuntamiento de Colindres","isPartOf":{"@id":"https:\/\/www.colindres.es\/#website"},"datePublished":"2023-12-04T07:16:25+00:00","breadcrumb":{"@id":"https:\/\/www.colindres.es\/index.php\/2023\/12\/04\/convocatoria-de-pleno-04-de-diciembre-a-las-13-15-h\/#breadcrumb"},"inLanguage":"es","potentialAction":[{"@type":"ReadAction","target":["https:\/\/www.colindres.es\/index.php\/2023\/12\/04\/convocatoria-de-pleno-04-de-diciembre-a-las-13-15-h\/"]}]},{"@type":"BreadcrumbList","@id":"https:\/\/www.colindres.es\/index.php\/2023\/12\/04\/convocatoria-de-pleno-04-de-diciembre-a-las-13-15-h\/#breadcrumb","itemListElement":[{"@type":"ListItem","position":1,"name":"Portada","item":"https:\/\/www.colindres.es\/"},{"@type":"ListItem","position":2,"name":"CONVOCATORIA DE PLENO &#8211; 04 de diciembre a las 13.15 h."}]},{"@type":"WebSite","@id":"https:\/\/www.colindres.es\/#website","url":"https:\/\/www.colindres.es\/","name":"Ayuntamiento de Colindres","description":"Dise\u00f1ado por NTIC&#039;s","publisher":{"@id":"https:\/\/www.colindres.es\/#organization"},"potentialAction":[{"@type":"SearchAction","target":{"@type":"EntryPoint","urlTemplate":"https:\/\/www.colindres.es\/?s={search_term_string}"},"query-input":{"@type":"PropertyValueSpecification","valueRequired":true,"valueName":"search_term_string"}}],"inLanguage":"es"},{"@type":"Organization","@id":"https:\/\/www.colindres.es\/#organization","name":"AYUNTAMIENTO DE COLINDRES","url":"https:\/\/www.colindres.es\/","logo":{"@type":"ImageObject","inLanguage":"es","@id":"https:\/\/www.colindres.es\/#\/schema\/logo\/image\/","url":"https:\/\/www.colindres.es\/wp-content\/uploads\/2017\/01\/LOGO-PRINCIPAL.jpg","contentUrl":"https:\/\/www.colindres.es\/wp-content\/uploads\/2017\/01\/LOGO-PRINCIPAL.jpg","width":1209,"height":579,"caption":"AYUNTAMIENTO DE COLINDRES"},"image":{"@id":"https:\/\/www.colindres.es\/#\/schema\/logo\/image\/"}},{"@type":"Person","@id":"https:\/\/www.colindres.es\/#\/schema\/person\/0225d0319539e212e866b144d841eafb","name":"Ignacio S\u00e1inz San Emeterio","image":{"@type":"ImageObject","inLanguage":"es","@id":"https:\/\/www.colindres.es\/#\/schema\/person\/image\/","url":"https:\/\/secure.gravatar.com\/avatar\/c35e3c2e7764c40bdaf5a44f84884669f6fdecc485d5842b7a4b1a9d0c53eed8?s=96&d=mm&r=g","contentUrl":"https:\/\/secure.gravatar.com\/avatar\/c35e3c2e7764c40bdaf5a44f84884669f6fdecc485d5842b7a4b1a9d0c53eed8?s=96&d=mm&r=g","caption":"Ignacio S\u00e1inz San Emeterio"},"description":"Responsable Departamento NTIC's - Ayuntamiento de Colindres","sameAs":["https:\/\/www.colindres.es","https:\/\/es-la.facebook.com\/ayuntamiento.colindres\/","https:\/\/x.com\/https:\/\/twitter.com\/aytocolindres?lang=es"],"url":"https:\/\/www.colindres.es\/index.php\/author\/colindres\/"}]}},"_links":{"self":[{"href":"https:\/\/www.colindres.es\/index.php\/wp-json\/wp\/v2\/posts\/17478","targetHints":{"allow":["GET"]}}],"collection":[{"href":"https:\/\/www.colindres.es\/index.php\/wp-json\/wp\/v2\/posts"}],"about":[{"href":"https:\/\/www.colindres.es\/index.php\/wp-json\/wp\/v2\/types\/post"}],"author":[{"embeddable":true,"href":"https:\/\/www.colindres.es\/index.php\/wp-json\/wp\/v2\/users\/1"}],"replies":[{"embeddable":true,"href":"https:\/\/www.colindres.es\/index.php\/wp-json\/wp\/v2\/comments?post=17478"}],"version-history":[{"count":1,"href":"https:\/\/www.colindres.es\/index.php\/wp-json\/wp\/v2\/posts\/17478\/revisions"}],"predecessor-version":[{"id":17480,"href":"https:\/\/www.colindres.es\/index.php\/wp-json\/wp\/v2\/posts\/17478\/revisions\/17480"}],"wp:attachment":[{"href":"https:\/\/www.colindres.es\/index.php\/wp-json\/wp\/v2\/media?parent=17478"}],"wp:term":[{"taxonomy":"category","embeddable":true,"href":"https:\/\/www.colindres.es\/index.php\/wp-json\/wp\/v2\/categories?post=17478"},{"taxonomy":"post_tag","embeddable":true,"href":"https:\/\/www.colindres.es\/index.php\/wp-json\/wp\/v2\/tags?post=17478"}],"curies":[{"name":"wp","href":"https:\/\/api.w.org\/{rel}","templated":true}]}}