{"id":17367,"date":"2023-10-23T13:16:44","date_gmt":"2023-10-23T11:16:44","guid":{"rendered":"https:\/\/www.colindres.es\/?p=17367"},"modified":"2023-10-23T13:16:44","modified_gmt":"2023-10-23T11:16:44","slug":"convocatoria-de-pleno-a-las-trece-horas-y-quince-minutos-del-24-de-octubre-de-2023","status":"publish","type":"post","link":"https:\/\/www.colindres.es\/index.php\/2023\/10\/23\/convocatoria-de-pleno-a-las-trece-horas-y-quince-minutos-del-24-de-octubre-de-2023\/","title":{"rendered":"CONVOCATORIA DE PLENO &#8211; a las TRECE HORAS Y QUINCE MINUTOS del 24 de Octubre de 2023"},"content":{"rendered":"<p>ORDEN DEL D\u00cdA.<br \/>\nParte dispositiva<br \/>\n1.- Acuerdo propuesta Festivos locales 2024.<br \/>\n2.- Acuerdo modificaci\u00f3n ordenanza reguladora de los huertos urbanos.<br \/>\n3.- Acuerdo medallas policia local 2023.<br \/>\n4.- Acuerdo de adhesi\u00f3n al contrato centralizado de gas\u00f3leo de calefacci\u00f3n.<br \/>\n5.- Acuerdo de aprobaci\u00f3n Convenio patrimonial con el Gobierno de Cantabria para la cesi\u00f3n gratuita del uso de la denominada Casa de la M\u00fasica para su destina como Oficina de Empleo.<br \/>\n6.- Acuerdo aprobaci\u00f3n expediente de reconocimiento extrajudicial de cr\u00e9ditos 3\/2023.<br \/>\n7.- Acuerdo delegaci\u00f3n competencia para la aprobaci\u00f3n e imposici\u00f3n de precios p\u00fablicos.<br \/>\n8.- Acuerdo de aprobaci\u00f3n del Plan Estrat\u00e9gico de subvenciones per\u00edodo 2023-2025.<br \/>\n9.- Acuerdo de modificaci\u00f3n de la OR n\u00ba: 1 del Impuesto sobre bienes inmuebles.<br \/>\n10.- Acuerdo de modificaci\u00f3n de la OR n\u00ba: 2 del Impuesto sobre veh\u00edculos de tracci\u00f3n mec\u00e1nica.<br \/>\n11.- Acuerdo de modificaci\u00f3n de la OR n\u00ba: 4, del Impuesto sobre incremento del valor de los terrenos de naturaleza urbana.<br \/>\n12.- Acuerdo de modificaci\u00f3n de la OR n\u00ba: 5, del Impuesto sobre las actividades econ\u00f3micas.<br \/>\n13.- Acuerdo de modificaci\u00f3n de la OR n\u00ba: 6, reguladora de la tasa por tramitaci\u00f3n de licencias urban\u00edsticas.<br \/>\n14.- Acuerdo de modificaci\u00f3n de la OR n\u00ba: 7, reguladora de la tasa por prestaci\u00f3n del servicio de distribuci\u00f3n de agua.<br \/>\n15.- Acuerdo de modificaci\u00f3n de la OR n\u00ba: 8, reguladora de la tasa por prestaci\u00f3n del servicio de recogida de basura.<br \/>\n16.- Acuerdo de modificaci\u00f3n de la OR n\u00ba: 9, reguladora de la tasa por prestaci\u00f3n del servicio de alcantarillado.<br \/>\n17.- Acuerdo de modificaci\u00f3n de la OR n\u00ba: 12, reguladora de la tasa por utilizaci\u00f3n privativa o aprovechamiento especial del dominio p\u00fablico local.<br \/>\n18.- Acuerdo reducci\u00f3n del gasto.<br \/>\n19.- Moci\u00f3n grupo municipal PRC registro de entrada n\u00ba: 4185<br \/>\nParte de control y fiscalizaci\u00f3n.<br \/>\n1.- Daci\u00f3n de cuenta de Decretos de Alcald\u00eda: del 358\/2023 al 835\/2023.<br \/>\n2.- Ruegos y Preguntas<br \/>\nA partir de esta fecha tiene usted a su disposici\u00f3n en la Secretar\u00eda General de esta Corporaci\u00f3n, los antecedentes relacionados con los asuntos que figuran en el orden del d\u00eda<br \/>\nEn Colindres, a la fecha de la firma electr\u00f3nica<br \/>\nEl Alcalde,<br \/>\nJavier Incera Goyenechea.<br \/>\nDocumento firmado electr\u00f3nicamente (Ley 39\/2015, de 1 de octubre)<br \/>\nC\u00f3d. Validaci\u00f3n: 397WJNM6GWQZ33LKGGYX9Q2EF<br \/>\nVerificaci\u00f3n: https:\/\/colindres.sedelectronica.es\/<br \/>\n<a href=\"https:\/\/www.colindres.es\/wp-content\/uploads\/2023\/10\/20231019_Comunicacion_Convocatoria_Convocatoria-ordinaria-Pleno-24.10.20231.pdf\">Documento firmado electr\u00f3nicamente desde la plataforma<\/a><br \/>\nJAVIER INCERA<\/p>\n","protected":false},"excerpt":{"rendered":"<p>ORDEN DEL D\u00cdA. Parte dispositiva 1.- Acuerdo propuesta Festivos locales 2024. 2.- Acuerdo modificaci\u00f3n ordenanza reguladora de los huertos urbanos. 3.- Acuerdo medallas policia local 2023. 4.- Acuerdo de adhesi\u00f3n al contrato centralizado de gas\u00f3leo de calefacci\u00f3n. 5.- Acuerdo de aprobaci\u00f3n Convenio patrimonial con el Gobierno de Cantabria para la cesi\u00f3n gratuita del uso de [&hellip;]<\/p>\n","protected":false},"author":1,"featured_media":16085,"comment_status":"open","ping_status":"closed","sticky":false,"template":"","format":"standard","meta":{"_et_pb_use_builder":"","_et_pb_old_content":"","_et_gb_content_width":"","footnotes":""},"categories":[5],"tags":[],"class_list":["post-17367","post","type-post","status-publish","format-standard","has-post-thumbnail","hentry","category-plenos"],"yoast_head":"<!-- This site is optimized with the Yoast SEO plugin v24.9 - https:\/\/yoast.com\/wordpress\/plugins\/seo\/ -->\n<title>CONVOCATORIA DE PLENO - a las TRECE HORAS Y QUINCE MINUTOS del 24 de Octubre de 2023 - Ayuntamiento de Colindres<\/title>\n<meta name=\"robots\" content=\"index, follow, max-snippet:-1, max-image-preview:large, max-video-preview:-1\" \/>\n<link rel=\"canonical\" href=\"https:\/\/www.colindres.es\/index.php\/2023\/10\/23\/convocatoria-de-pleno-a-las-trece-horas-y-quince-minutos-del-24-de-octubre-de-2023\/\" \/>\n<meta property=\"og:locale\" content=\"es_ES\" \/>\n<meta property=\"og:type\" content=\"article\" \/>\n<meta property=\"og:title\" content=\"CONVOCATORIA DE PLENO - a las TRECE HORAS Y QUINCE MINUTOS del 24 de Octubre de 2023 - Ayuntamiento de Colindres\" \/>\n<meta property=\"og:description\" content=\"ORDEN DEL D\u00cdA. Parte dispositiva 1.- Acuerdo propuesta Festivos locales 2024. 2.- Acuerdo modificaci\u00f3n ordenanza reguladora de los huertos urbanos. 3.- Acuerdo medallas policia local 2023. 4.- Acuerdo de adhesi\u00f3n al contrato centralizado de gas\u00f3leo de calefacci\u00f3n. 5.- Acuerdo de aprobaci\u00f3n Convenio patrimonial con el Gobierno de Cantabria para la cesi\u00f3n gratuita del uso de [&hellip;]\" \/>\n<meta property=\"og:url\" content=\"https:\/\/www.colindres.es\/index.php\/2023\/10\/23\/convocatoria-de-pleno-a-las-trece-horas-y-quince-minutos-del-24-de-octubre-de-2023\/\" \/>\n<meta property=\"og:site_name\" content=\"Ayuntamiento de Colindres\" \/>\n<meta property=\"article:author\" content=\"https:\/\/es-la.facebook.com\/ayuntamiento.colindres\/\" \/>\n<meta property=\"article:published_time\" content=\"2023-10-23T11:16:44+00:00\" \/>\n<meta property=\"og:image\" content=\"https:\/\/www.colindres.es\/wp-content\/uploads\/2020\/12\/escudo-colindres.png\" \/>\n\t<meta property=\"og:image:width\" content=\"300\" \/>\n\t<meta property=\"og:image:height\" content=\"140\" \/>\n\t<meta property=\"og:image:type\" content=\"image\/png\" \/>\n<meta name=\"author\" content=\"Ignacio S\u00e1inz San Emeterio\" \/>\n<meta name=\"twitter:card\" content=\"summary_large_image\" \/>\n<meta name=\"twitter:creator\" content=\"@https:\/\/twitter.com\/aytocolindres?lang=es\" \/>\n<meta name=\"twitter:label1\" content=\"Escrito por\" \/>\n\t<meta name=\"twitter:data1\" content=\"Ignacio S\u00e1inz San Emeterio\" \/>\n\t<meta name=\"twitter:label2\" content=\"Tiempo de lectura\" \/>\n\t<meta name=\"twitter:data2\" content=\"2 minutos\" \/>\n<script type=\"application\/ld+json\" class=\"yoast-schema-graph\">{\"@context\":\"https:\/\/schema.org\",\"@graph\":[{\"@type\":\"Article\",\"@id\":\"https:\/\/www.colindres.es\/index.php\/2023\/10\/23\/convocatoria-de-pleno-a-las-trece-horas-y-quince-minutos-del-24-de-octubre-de-2023\/#article\",\"isPartOf\":{\"@id\":\"https:\/\/www.colindres.es\/index.php\/2023\/10\/23\/convocatoria-de-pleno-a-las-trece-horas-y-quince-minutos-del-24-de-octubre-de-2023\/\"},\"author\":{\"name\":\"Ignacio S\u00e1inz San Emeterio\",\"@id\":\"https:\/\/www.colindres.es\/#\/schema\/person\/0225d0319539e212e866b144d841eafb\"},\"headline\":\"CONVOCATORIA DE PLENO &#8211; a las TRECE HORAS Y QUINCE MINUTOS del 24 de Octubre de 2023\",\"datePublished\":\"2023-10-23T11:16:44+00:00\",\"mainEntityOfPage\":{\"@id\":\"https:\/\/www.colindres.es\/index.php\/2023\/10\/23\/convocatoria-de-pleno-a-las-trece-horas-y-quince-minutos-del-24-de-octubre-de-2023\/\"},\"wordCount\":429,\"commentCount\":0,\"publisher\":{\"@id\":\"https:\/\/www.colindres.es\/#organization\"},\"image\":{\"@id\":\"https:\/\/www.colindres.es\/index.php\/2023\/10\/23\/convocatoria-de-pleno-a-las-trece-horas-y-quince-minutos-del-24-de-octubre-de-2023\/#primaryimage\"},\"thumbnailUrl\":\"https:\/\/www.colindres.es\/wp-content\/uploads\/2020\/12\/escudo-colindres.png\",\"articleSection\":[\"Plenos\"],\"inLanguage\":\"es\",\"potentialAction\":[{\"@type\":\"CommentAction\",\"name\":\"Comment\",\"target\":[\"https:\/\/www.colindres.es\/index.php\/2023\/10\/23\/convocatoria-de-pleno-a-las-trece-horas-y-quince-minutos-del-24-de-octubre-de-2023\/#respond\"]}]},{\"@type\":\"WebPage\",\"@id\":\"https:\/\/www.colindres.es\/index.php\/2023\/10\/23\/convocatoria-de-pleno-a-las-trece-horas-y-quince-minutos-del-24-de-octubre-de-2023\/\",\"url\":\"https:\/\/www.colindres.es\/index.php\/2023\/10\/23\/convocatoria-de-pleno-a-las-trece-horas-y-quince-minutos-del-24-de-octubre-de-2023\/\",\"name\":\"CONVOCATORIA DE PLENO - a las TRECE HORAS Y QUINCE MINUTOS del 24 de Octubre de 2023 - Ayuntamiento de Colindres\",\"isPartOf\":{\"@id\":\"https:\/\/www.colindres.es\/#website\"},\"primaryImageOfPage\":{\"@id\":\"https:\/\/www.colindres.es\/index.php\/2023\/10\/23\/convocatoria-de-pleno-a-las-trece-horas-y-quince-minutos-del-24-de-octubre-de-2023\/#primaryimage\"},\"image\":{\"@id\":\"https:\/\/www.colindres.es\/index.php\/2023\/10\/23\/convocatoria-de-pleno-a-las-trece-horas-y-quince-minutos-del-24-de-octubre-de-2023\/#primaryimage\"},\"thumbnailUrl\":\"https:\/\/www.colindres.es\/wp-content\/uploads\/2020\/12\/escudo-colindres.png\",\"datePublished\":\"2023-10-23T11:16:44+00:00\",\"breadcrumb\":{\"@id\":\"https:\/\/www.colindres.es\/index.php\/2023\/10\/23\/convocatoria-de-pleno-a-las-trece-horas-y-quince-minutos-del-24-de-octubre-de-2023\/#breadcrumb\"},\"inLanguage\":\"es\",\"potentialAction\":[{\"@type\":\"ReadAction\",\"target\":[\"https:\/\/www.colindres.es\/index.php\/2023\/10\/23\/convocatoria-de-pleno-a-las-trece-horas-y-quince-minutos-del-24-de-octubre-de-2023\/\"]}]},{\"@type\":\"ImageObject\",\"inLanguage\":\"es\",\"@id\":\"https:\/\/www.colindres.es\/index.php\/2023\/10\/23\/convocatoria-de-pleno-a-las-trece-horas-y-quince-minutos-del-24-de-octubre-de-2023\/#primaryimage\",\"url\":\"https:\/\/www.colindres.es\/wp-content\/uploads\/2020\/12\/escudo-colindres.png\",\"contentUrl\":\"https:\/\/www.colindres.es\/wp-content\/uploads\/2020\/12\/escudo-colindres.png\",\"width\":300,\"height\":140},{\"@type\":\"BreadcrumbList\",\"@id\":\"https:\/\/www.colindres.es\/index.php\/2023\/10\/23\/convocatoria-de-pleno-a-las-trece-horas-y-quince-minutos-del-24-de-octubre-de-2023\/#breadcrumb\",\"itemListElement\":[{\"@type\":\"ListItem\",\"position\":1,\"name\":\"Portada\",\"item\":\"https:\/\/www.colindres.es\/\"},{\"@type\":\"ListItem\",\"position\":2,\"name\":\"CONVOCATORIA DE PLENO &#8211; a las TRECE HORAS Y QUINCE MINUTOS del 24 de Octubre de 2023\"}]},{\"@type\":\"WebSite\",\"@id\":\"https:\/\/www.colindres.es\/#website\",\"url\":\"https:\/\/www.colindres.es\/\",\"name\":\"Ayuntamiento de Colindres\",\"description\":\"Dise\u00f1ado por NTIC&#039;s\",\"publisher\":{\"@id\":\"https:\/\/www.colindres.es\/#organization\"},\"potentialAction\":[{\"@type\":\"SearchAction\",\"target\":{\"@type\":\"EntryPoint\",\"urlTemplate\":\"https:\/\/www.colindres.es\/?s={search_term_string}\"},\"query-input\":{\"@type\":\"PropertyValueSpecification\",\"valueRequired\":true,\"valueName\":\"search_term_string\"}}],\"inLanguage\":\"es\"},{\"@type\":\"Organization\",\"@id\":\"https:\/\/www.colindres.es\/#organization\",\"name\":\"AYUNTAMIENTO DE COLINDRES\",\"url\":\"https:\/\/www.colindres.es\/\",\"logo\":{\"@type\":\"ImageObject\",\"inLanguage\":\"es\",\"@id\":\"https:\/\/www.colindres.es\/#\/schema\/logo\/image\/\",\"url\":\"https:\/\/www.colindres.es\/wp-content\/uploads\/2017\/01\/LOGO-PRINCIPAL.jpg\",\"contentUrl\":\"https:\/\/www.colindres.es\/wp-content\/uploads\/2017\/01\/LOGO-PRINCIPAL.jpg\",\"width\":1209,\"height\":579,\"caption\":\"AYUNTAMIENTO DE COLINDRES\"},\"image\":{\"@id\":\"https:\/\/www.colindres.es\/#\/schema\/logo\/image\/\"}},{\"@type\":\"Person\",\"@id\":\"https:\/\/www.colindres.es\/#\/schema\/person\/0225d0319539e212e866b144d841eafb\",\"name\":\"Ignacio S\u00e1inz San Emeterio\",\"image\":{\"@type\":\"ImageObject\",\"inLanguage\":\"es\",\"@id\":\"https:\/\/www.colindres.es\/#\/schema\/person\/image\/\",\"url\":\"https:\/\/secure.gravatar.com\/avatar\/c35e3c2e7764c40bdaf5a44f84884669f6fdecc485d5842b7a4b1a9d0c53eed8?s=96&d=mm&r=g\",\"contentUrl\":\"https:\/\/secure.gravatar.com\/avatar\/c35e3c2e7764c40bdaf5a44f84884669f6fdecc485d5842b7a4b1a9d0c53eed8?s=96&d=mm&r=g\",\"caption\":\"Ignacio S\u00e1inz San Emeterio\"},\"description\":\"Responsable Departamento NTIC's - Ayuntamiento de Colindres\",\"sameAs\":[\"https:\/\/www.colindres.es\",\"https:\/\/es-la.facebook.com\/ayuntamiento.colindres\/\",\"https:\/\/x.com\/https:\/\/twitter.com\/aytocolindres?lang=es\"],\"url\":\"https:\/\/www.colindres.es\/index.php\/author\/colindres\/\"}]}<\/script>\n<!-- \/ Yoast SEO plugin. -->","yoast_head_json":{"title":"CONVOCATORIA DE PLENO - a las TRECE HORAS Y QUINCE MINUTOS del 24 de Octubre de 2023 - Ayuntamiento de Colindres","robots":{"index":"index","follow":"follow","max-snippet":"max-snippet:-1","max-image-preview":"max-image-preview:large","max-video-preview":"max-video-preview:-1"},"canonical":"https:\/\/www.colindres.es\/index.php\/2023\/10\/23\/convocatoria-de-pleno-a-las-trece-horas-y-quince-minutos-del-24-de-octubre-de-2023\/","og_locale":"es_ES","og_type":"article","og_title":"CONVOCATORIA DE PLENO - a las TRECE HORAS Y QUINCE MINUTOS del 24 de Octubre de 2023 - Ayuntamiento de Colindres","og_description":"ORDEN DEL D\u00cdA. Parte dispositiva 1.- Acuerdo propuesta Festivos locales 2024. 2.- Acuerdo modificaci\u00f3n ordenanza reguladora de los huertos urbanos. 3.- Acuerdo medallas policia local 2023. 4.- Acuerdo de adhesi\u00f3n al contrato centralizado de gas\u00f3leo de calefacci\u00f3n. 5.- Acuerdo de aprobaci\u00f3n Convenio patrimonial con el Gobierno de Cantabria para la cesi\u00f3n gratuita del uso de [&hellip;]","og_url":"https:\/\/www.colindres.es\/index.php\/2023\/10\/23\/convocatoria-de-pleno-a-las-trece-horas-y-quince-minutos-del-24-de-octubre-de-2023\/","og_site_name":"Ayuntamiento de Colindres","article_author":"https:\/\/es-la.facebook.com\/ayuntamiento.colindres\/","article_published_time":"2023-10-23T11:16:44+00:00","og_image":[{"width":300,"height":140,"url":"https:\/\/www.colindres.es\/wp-content\/uploads\/2020\/12\/escudo-colindres.png","type":"image\/png"}],"author":"Ignacio S\u00e1inz San Emeterio","twitter_card":"summary_large_image","twitter_creator":"@https:\/\/twitter.com\/aytocolindres?lang=es","twitter_misc":{"Escrito por":"Ignacio S\u00e1inz San Emeterio","Tiempo de lectura":"2 minutos"},"schema":{"@context":"https:\/\/schema.org","@graph":[{"@type":"Article","@id":"https:\/\/www.colindres.es\/index.php\/2023\/10\/23\/convocatoria-de-pleno-a-las-trece-horas-y-quince-minutos-del-24-de-octubre-de-2023\/#article","isPartOf":{"@id":"https:\/\/www.colindres.es\/index.php\/2023\/10\/23\/convocatoria-de-pleno-a-las-trece-horas-y-quince-minutos-del-24-de-octubre-de-2023\/"},"author":{"name":"Ignacio S\u00e1inz San Emeterio","@id":"https:\/\/www.colindres.es\/#\/schema\/person\/0225d0319539e212e866b144d841eafb"},"headline":"CONVOCATORIA DE PLENO &#8211; a las TRECE HORAS Y QUINCE MINUTOS del 24 de Octubre de 2023","datePublished":"2023-10-23T11:16:44+00:00","mainEntityOfPage":{"@id":"https:\/\/www.colindres.es\/index.php\/2023\/10\/23\/convocatoria-de-pleno-a-las-trece-horas-y-quince-minutos-del-24-de-octubre-de-2023\/"},"wordCount":429,"commentCount":0,"publisher":{"@id":"https:\/\/www.colindres.es\/#organization"},"image":{"@id":"https:\/\/www.colindres.es\/index.php\/2023\/10\/23\/convocatoria-de-pleno-a-las-trece-horas-y-quince-minutos-del-24-de-octubre-de-2023\/#primaryimage"},"thumbnailUrl":"https:\/\/www.colindres.es\/wp-content\/uploads\/2020\/12\/escudo-colindres.png","articleSection":["Plenos"],"inLanguage":"es","potentialAction":[{"@type":"CommentAction","name":"Comment","target":["https:\/\/www.colindres.es\/index.php\/2023\/10\/23\/convocatoria-de-pleno-a-las-trece-horas-y-quince-minutos-del-24-de-octubre-de-2023\/#respond"]}]},{"@type":"WebPage","@id":"https:\/\/www.colindres.es\/index.php\/2023\/10\/23\/convocatoria-de-pleno-a-las-trece-horas-y-quince-minutos-del-24-de-octubre-de-2023\/","url":"https:\/\/www.colindres.es\/index.php\/2023\/10\/23\/convocatoria-de-pleno-a-las-trece-horas-y-quince-minutos-del-24-de-octubre-de-2023\/","name":"CONVOCATORIA DE PLENO - a las TRECE HORAS Y QUINCE MINUTOS del 24 de Octubre de 2023 - Ayuntamiento de Colindres","isPartOf":{"@id":"https:\/\/www.colindres.es\/#website"},"primaryImageOfPage":{"@id":"https:\/\/www.colindres.es\/index.php\/2023\/10\/23\/convocatoria-de-pleno-a-las-trece-horas-y-quince-minutos-del-24-de-octubre-de-2023\/#primaryimage"},"image":{"@id":"https:\/\/www.colindres.es\/index.php\/2023\/10\/23\/convocatoria-de-pleno-a-las-trece-horas-y-quince-minutos-del-24-de-octubre-de-2023\/#primaryimage"},"thumbnailUrl":"https:\/\/www.colindres.es\/wp-content\/uploads\/2020\/12\/escudo-colindres.png","datePublished":"2023-10-23T11:16:44+00:00","breadcrumb":{"@id":"https:\/\/www.colindres.es\/index.php\/2023\/10\/23\/convocatoria-de-pleno-a-las-trece-horas-y-quince-minutos-del-24-de-octubre-de-2023\/#breadcrumb"},"inLanguage":"es","potentialAction":[{"@type":"ReadAction","target":["https:\/\/www.colindres.es\/index.php\/2023\/10\/23\/convocatoria-de-pleno-a-las-trece-horas-y-quince-minutos-del-24-de-octubre-de-2023\/"]}]},{"@type":"ImageObject","inLanguage":"es","@id":"https:\/\/www.colindres.es\/index.php\/2023\/10\/23\/convocatoria-de-pleno-a-las-trece-horas-y-quince-minutos-del-24-de-octubre-de-2023\/#primaryimage","url":"https:\/\/www.colindres.es\/wp-content\/uploads\/2020\/12\/escudo-colindres.png","contentUrl":"https:\/\/www.colindres.es\/wp-content\/uploads\/2020\/12\/escudo-colindres.png","width":300,"height":140},{"@type":"BreadcrumbList","@id":"https:\/\/www.colindres.es\/index.php\/2023\/10\/23\/convocatoria-de-pleno-a-las-trece-horas-y-quince-minutos-del-24-de-octubre-de-2023\/#breadcrumb","itemListElement":[{"@type":"ListItem","position":1,"name":"Portada","item":"https:\/\/www.colindres.es\/"},{"@type":"ListItem","position":2,"name":"CONVOCATORIA DE PLENO &#8211; a las TRECE HORAS Y QUINCE MINUTOS del 24 de Octubre de 2023"}]},{"@type":"WebSite","@id":"https:\/\/www.colindres.es\/#website","url":"https:\/\/www.colindres.es\/","name":"Ayuntamiento de Colindres","description":"Dise\u00f1ado por NTIC&#039;s","publisher":{"@id":"https:\/\/www.colindres.es\/#organization"},"potentialAction":[{"@type":"SearchAction","target":{"@type":"EntryPoint","urlTemplate":"https:\/\/www.colindres.es\/?s={search_term_string}"},"query-input":{"@type":"PropertyValueSpecification","valueRequired":true,"valueName":"search_term_string"}}],"inLanguage":"es"},{"@type":"Organization","@id":"https:\/\/www.colindres.es\/#organization","name":"AYUNTAMIENTO DE COLINDRES","url":"https:\/\/www.colindres.es\/","logo":{"@type":"ImageObject","inLanguage":"es","@id":"https:\/\/www.colindres.es\/#\/schema\/logo\/image\/","url":"https:\/\/www.colindres.es\/wp-content\/uploads\/2017\/01\/LOGO-PRINCIPAL.jpg","contentUrl":"https:\/\/www.colindres.es\/wp-content\/uploads\/2017\/01\/LOGO-PRINCIPAL.jpg","width":1209,"height":579,"caption":"AYUNTAMIENTO DE COLINDRES"},"image":{"@id":"https:\/\/www.colindres.es\/#\/schema\/logo\/image\/"}},{"@type":"Person","@id":"https:\/\/www.colindres.es\/#\/schema\/person\/0225d0319539e212e866b144d841eafb","name":"Ignacio S\u00e1inz San Emeterio","image":{"@type":"ImageObject","inLanguage":"es","@id":"https:\/\/www.colindres.es\/#\/schema\/person\/image\/","url":"https:\/\/secure.gravatar.com\/avatar\/c35e3c2e7764c40bdaf5a44f84884669f6fdecc485d5842b7a4b1a9d0c53eed8?s=96&d=mm&r=g","contentUrl":"https:\/\/secure.gravatar.com\/avatar\/c35e3c2e7764c40bdaf5a44f84884669f6fdecc485d5842b7a4b1a9d0c53eed8?s=96&d=mm&r=g","caption":"Ignacio S\u00e1inz San Emeterio"},"description":"Responsable Departamento NTIC's - Ayuntamiento de Colindres","sameAs":["https:\/\/www.colindres.es","https:\/\/es-la.facebook.com\/ayuntamiento.colindres\/","https:\/\/x.com\/https:\/\/twitter.com\/aytocolindres?lang=es"],"url":"https:\/\/www.colindres.es\/index.php\/author\/colindres\/"}]}},"_links":{"self":[{"href":"https:\/\/www.colindres.es\/index.php\/wp-json\/wp\/v2\/posts\/17367","targetHints":{"allow":["GET"]}}],"collection":[{"href":"https:\/\/www.colindres.es\/index.php\/wp-json\/wp\/v2\/posts"}],"about":[{"href":"https:\/\/www.colindres.es\/index.php\/wp-json\/wp\/v2\/types\/post"}],"author":[{"embeddable":true,"href":"https:\/\/www.colindres.es\/index.php\/wp-json\/wp\/v2\/users\/1"}],"replies":[{"embeddable":true,"href":"https:\/\/www.colindres.es\/index.php\/wp-json\/wp\/v2\/comments?post=17367"}],"version-history":[{"count":1,"href":"https:\/\/www.colindres.es\/index.php\/wp-json\/wp\/v2\/posts\/17367\/revisions"}],"predecessor-version":[{"id":17369,"href":"https:\/\/www.colindres.es\/index.php\/wp-json\/wp\/v2\/posts\/17367\/revisions\/17369"}],"wp:featuredmedia":[{"embeddable":true,"href":"https:\/\/www.colindres.es\/index.php\/wp-json\/wp\/v2\/media\/16085"}],"wp:attachment":[{"href":"https:\/\/www.colindres.es\/index.php\/wp-json\/wp\/v2\/media?parent=17367"}],"wp:term":[{"taxonomy":"category","embeddable":true,"href":"https:\/\/www.colindres.es\/index.php\/wp-json\/wp\/v2\/categories?post=17367"},{"taxonomy":"post_tag","embeddable":true,"href":"https:\/\/www.colindres.es\/index.php\/wp-json\/wp\/v2\/tags?post=17367"}],"curies":[{"name":"wp","href":"https:\/\/api.w.org\/{rel}","templated":true}]}}