{"id":17194,"date":"2023-04-20T08:45:58","date_gmt":"2023-04-20T06:45:58","guid":{"rendered":"https:\/\/www.colindres.es\/?p=17194"},"modified":"2023-04-20T08:46:27","modified_gmt":"2023-04-20T06:46:27","slug":"17194","status":"publish","type":"post","link":"https:\/\/www.colindres.es\/index.php\/2023\/04\/20\/17194\/","title":{"rendered":"\u00a0BANDO MUNICIPAL &#8211; CENSO ELECTORAL"},"content":{"rendered":"<p><span class=\"Apple-converted-space\">\u00a0<\/span><b>BANDO MUNICIPAL<\/b><\/p>\n<p>Por medio del presente Bando municipal se pone en conocimiento de los vecinos\/as del municipio de Colindres, que, con motivo de las Elecciones Municipales y Auton\u00f3micas a celebrar el 28 de Mayo de 2023, desde el 10 al 17 de abril de 2023 (ambos inclusive) estar\u00e1n expuesto el <b>CENSO ELECTORAL <\/b>en las Oficinas Generales del Ayuntamiento para su consulta y, en su caso, presentaci\u00f3n de reclamaciones.<\/p>\n<p>El horario ser\u00e1 de 08:30 a 14:30 horas de lunes a viernes.<\/p>\n<p>LA consulta deber\u00e1 formularla el propio interesado previa identificaci\u00f3n (DNI, pasaporte o permiso de conducir en el que aparezca la fotograf\u00eda del titular).<span class=\"Apple-converted-space\">\u00a0<\/span><\/p>\n<p>Se comunica tambi\u00e9n que las <b>reclamaciones al censo electoral <\/b>deber\u00e1n tener entrada en la delegaci\u00f3n del Gobierno <b>antes de las 12 horas del d\u00eda 18 de abril de 2023 <\/b>(se presentar\u00e1n en el ayuntamiento con anterioridad entre los d\u00edas 10 y 17 de abril de 2023).<\/p>\n<p>Para general conocimiento se emite el presente Bando municipal, ordenando su exposici\u00f3n en los lugares de costumbre, tabl\u00f3n de anuncios, sede electr\u00f3nica municipal y p\u00e1gina web municipal.<\/p>\n<p>En Colindres, a la fecha de la firma electr\u00f3nica.<\/p>\n<p>El Alcalde,<\/p>\n<p>Javier Incera Goyenechea.<\/p>\n<p><i>Documento firmado electr\u00f3nicamente (Ley 39\/2015, de 1 de octubre<span class=\"Apple-converted-space\">\u00a0<\/span><\/i><\/p>\n<p><a href=\"https:\/\/www.colindres.es\/wp-content\/uploads\/2023\/04\/20230404_Publicacion_Bando_Bando-exposicion-censo-electoral.pdf\">Descargar documento oficial en pdf.<\/a><\/p>\n","protected":false},"excerpt":{"rendered":"<p>\u00a0BANDO MUNICIPAL Por medio del presente Bando municipal se pone en conocimiento de los vecinos\/as del municipio de Colindres, que, con motivo de las Elecciones Municipales y Auton\u00f3micas a celebrar el 28 de Mayo de 2023, desde el 10 al 17 de abril de 2023 (ambos inclusive) estar\u00e1n expuesto el CENSO ELECTORAL en las Oficinas [&hellip;]<\/p>\n","protected":false},"author":1,"featured_media":15132,"comment_status":"open","ping_status":"closed","sticky":false,"template":"","format":"standard","meta":{"_et_pb_use_builder":"","_et_pb_old_content":"","_et_gb_content_width":"","footnotes":""},"categories":[4],"tags":[],"class_list":["post-17194","post","type-post","status-publish","format-standard","has-post-thumbnail","hentry","category-bandos-y-varios"],"yoast_head":"<!-- This site is optimized with the Yoast SEO plugin v24.9 - https:\/\/yoast.com\/wordpress\/plugins\/seo\/ -->\n<title>\u00a0BANDO MUNICIPAL - CENSO ELECTORAL - Ayuntamiento de Colindres<\/title>\n<meta name=\"robots\" content=\"index, follow, max-snippet:-1, max-image-preview:large, max-video-preview:-1\" \/>\n<link rel=\"canonical\" href=\"https:\/\/www.colindres.es\/index.php\/2023\/04\/20\/17194\/\" \/>\n<meta property=\"og:locale\" content=\"es_ES\" \/>\n<meta property=\"og:type\" content=\"article\" \/>\n<meta property=\"og:title\" content=\"\u00a0BANDO MUNICIPAL - CENSO ELECTORAL - Ayuntamiento de Colindres\" \/>\n<meta property=\"og:description\" content=\"\u00a0BANDO MUNICIPAL Por medio del presente Bando municipal se pone en conocimiento de los vecinos\/as del municipio de Colindres, que, con motivo de las Elecciones Municipales y Auton\u00f3micas a celebrar el 28 de Mayo de 2023, desde el 10 al 17 de abril de 2023 (ambos inclusive) estar\u00e1n expuesto el CENSO ELECTORAL en las Oficinas [&hellip;]\" \/>\n<meta property=\"og:url\" content=\"https:\/\/www.colindres.es\/index.php\/2023\/04\/20\/17194\/\" \/>\n<meta property=\"og:site_name\" content=\"Ayuntamiento de Colindres\" \/>\n<meta property=\"article:author\" content=\"https:\/\/es-la.facebook.com\/ayuntamiento.colindres\/\" \/>\n<meta property=\"article:published_time\" content=\"2023-04-20T06:45:58+00:00\" \/>\n<meta property=\"article:modified_time\" content=\"2023-04-20T06:46:27+00:00\" \/>\n<meta property=\"og:image\" content=\"https:\/\/www.colindres.es\/wp-content\/uploads\/2020\/02\/FullSizeRender-10-scaled.jpg\" \/>\n\t<meta property=\"og:image:width\" content=\"2560\" \/>\n\t<meta property=\"og:image:height\" content=\"1509\" \/>\n\t<meta property=\"og:image:type\" content=\"image\/jpeg\" \/>\n<meta name=\"author\" content=\"Ignacio S\u00e1inz San Emeterio\" \/>\n<meta name=\"twitter:card\" content=\"summary_large_image\" \/>\n<meta name=\"twitter:creator\" content=\"@https:\/\/twitter.com\/aytocolindres?lang=es\" \/>\n<meta name=\"twitter:label1\" content=\"Escrito por\" \/>\n\t<meta name=\"twitter:data1\" content=\"Ignacio S\u00e1inz San Emeterio\" \/>\n\t<meta name=\"twitter:label2\" content=\"Tiempo de lectura\" \/>\n\t<meta name=\"twitter:data2\" content=\"1 minuto\" \/>\n<script type=\"application\/ld+json\" class=\"yoast-schema-graph\">{\"@context\":\"https:\/\/schema.org\",\"@graph\":[{\"@type\":\"Article\",\"@id\":\"https:\/\/www.colindres.es\/index.php\/2023\/04\/20\/17194\/#article\",\"isPartOf\":{\"@id\":\"https:\/\/www.colindres.es\/index.php\/2023\/04\/20\/17194\/\"},\"author\":{\"name\":\"Ignacio S\u00e1inz San Emeterio\",\"@id\":\"https:\/\/www.colindres.es\/#\/schema\/person\/0225d0319539e212e866b144d841eafb\"},\"headline\":\"\u00a0BANDO MUNICIPAL &#8211; CENSO ELECTORAL\",\"datePublished\":\"2023-04-20T06:45:58+00:00\",\"dateModified\":\"2023-04-20T06:46:27+00:00\",\"mainEntityOfPage\":{\"@id\":\"https:\/\/www.colindres.es\/index.php\/2023\/04\/20\/17194\/\"},\"wordCount\":212,\"commentCount\":0,\"publisher\":{\"@id\":\"https:\/\/www.colindres.es\/#organization\"},\"image\":{\"@id\":\"https:\/\/www.colindres.es\/index.php\/2023\/04\/20\/17194\/#primaryimage\"},\"thumbnailUrl\":\"https:\/\/www.colindres.es\/wp-content\/uploads\/2020\/02\/FullSizeRender-10-scaled.jpg\",\"articleSection\":[\"Bandos\"],\"inLanguage\":\"es\",\"potentialAction\":[{\"@type\":\"CommentAction\",\"name\":\"Comment\",\"target\":[\"https:\/\/www.colindres.es\/index.php\/2023\/04\/20\/17194\/#respond\"]}]},{\"@type\":\"WebPage\",\"@id\":\"https:\/\/www.colindres.es\/index.php\/2023\/04\/20\/17194\/\",\"url\":\"https:\/\/www.colindres.es\/index.php\/2023\/04\/20\/17194\/\",\"name\":\"\u00a0BANDO MUNICIPAL - CENSO ELECTORAL - Ayuntamiento de Colindres\",\"isPartOf\":{\"@id\":\"https:\/\/www.colindres.es\/#website\"},\"primaryImageOfPage\":{\"@id\":\"https:\/\/www.colindres.es\/index.php\/2023\/04\/20\/17194\/#primaryimage\"},\"image\":{\"@id\":\"https:\/\/www.colindres.es\/index.php\/2023\/04\/20\/17194\/#primaryimage\"},\"thumbnailUrl\":\"https:\/\/www.colindres.es\/wp-content\/uploads\/2020\/02\/FullSizeRender-10-scaled.jpg\",\"datePublished\":\"2023-04-20T06:45:58+00:00\",\"dateModified\":\"2023-04-20T06:46:27+00:00\",\"breadcrumb\":{\"@id\":\"https:\/\/www.colindres.es\/index.php\/2023\/04\/20\/17194\/#breadcrumb\"},\"inLanguage\":\"es\",\"potentialAction\":[{\"@type\":\"ReadAction\",\"target\":[\"https:\/\/www.colindres.es\/index.php\/2023\/04\/20\/17194\/\"]}]},{\"@type\":\"ImageObject\",\"inLanguage\":\"es\",\"@id\":\"https:\/\/www.colindres.es\/index.php\/2023\/04\/20\/17194\/#primaryimage\",\"url\":\"https:\/\/www.colindres.es\/wp-content\/uploads\/2020\/02\/FullSizeRender-10-scaled.jpg\",\"contentUrl\":\"https:\/\/www.colindres.es\/wp-content\/uploads\/2020\/02\/FullSizeRender-10-scaled.jpg\",\"width\":2560,\"height\":1509,\"caption\":\"ayuntamiento de colindres\"},{\"@type\":\"BreadcrumbList\",\"@id\":\"https:\/\/www.colindres.es\/index.php\/2023\/04\/20\/17194\/#breadcrumb\",\"itemListElement\":[{\"@type\":\"ListItem\",\"position\":1,\"name\":\"Portada\",\"item\":\"https:\/\/www.colindres.es\/\"},{\"@type\":\"ListItem\",\"position\":2,\"name\":\"\u00a0BANDO MUNICIPAL &#8211; CENSO ELECTORAL\"}]},{\"@type\":\"WebSite\",\"@id\":\"https:\/\/www.colindres.es\/#website\",\"url\":\"https:\/\/www.colindres.es\/\",\"name\":\"Ayuntamiento de Colindres\",\"description\":\"Dise\u00f1ado por NTIC&#039;s\",\"publisher\":{\"@id\":\"https:\/\/www.colindres.es\/#organization\"},\"potentialAction\":[{\"@type\":\"SearchAction\",\"target\":{\"@type\":\"EntryPoint\",\"urlTemplate\":\"https:\/\/www.colindres.es\/?s={search_term_string}\"},\"query-input\":{\"@type\":\"PropertyValueSpecification\",\"valueRequired\":true,\"valueName\":\"search_term_string\"}}],\"inLanguage\":\"es\"},{\"@type\":\"Organization\",\"@id\":\"https:\/\/www.colindres.es\/#organization\",\"name\":\"AYUNTAMIENTO DE COLINDRES\",\"url\":\"https:\/\/www.colindres.es\/\",\"logo\":{\"@type\":\"ImageObject\",\"inLanguage\":\"es\",\"@id\":\"https:\/\/www.colindres.es\/#\/schema\/logo\/image\/\",\"url\":\"https:\/\/www.colindres.es\/wp-content\/uploads\/2017\/01\/LOGO-PRINCIPAL.jpg\",\"contentUrl\":\"https:\/\/www.colindres.es\/wp-content\/uploads\/2017\/01\/LOGO-PRINCIPAL.jpg\",\"width\":1209,\"height\":579,\"caption\":\"AYUNTAMIENTO DE COLINDRES\"},\"image\":{\"@id\":\"https:\/\/www.colindres.es\/#\/schema\/logo\/image\/\"}},{\"@type\":\"Person\",\"@id\":\"https:\/\/www.colindres.es\/#\/schema\/person\/0225d0319539e212e866b144d841eafb\",\"name\":\"Ignacio S\u00e1inz San Emeterio\",\"image\":{\"@type\":\"ImageObject\",\"inLanguage\":\"es\",\"@id\":\"https:\/\/www.colindres.es\/#\/schema\/person\/image\/\",\"url\":\"https:\/\/secure.gravatar.com\/avatar\/c35e3c2e7764c40bdaf5a44f84884669f6fdecc485d5842b7a4b1a9d0c53eed8?s=96&d=mm&r=g\",\"contentUrl\":\"https:\/\/secure.gravatar.com\/avatar\/c35e3c2e7764c40bdaf5a44f84884669f6fdecc485d5842b7a4b1a9d0c53eed8?s=96&d=mm&r=g\",\"caption\":\"Ignacio S\u00e1inz San Emeterio\"},\"description\":\"Responsable Departamento NTIC's - Ayuntamiento de Colindres\",\"sameAs\":[\"https:\/\/www.colindres.es\",\"https:\/\/es-la.facebook.com\/ayuntamiento.colindres\/\",\"https:\/\/x.com\/https:\/\/twitter.com\/aytocolindres?lang=es\"],\"url\":\"https:\/\/www.colindres.es\/index.php\/author\/colindres\/\"}]}<\/script>\n<!-- \/ Yoast SEO plugin. -->","yoast_head_json":{"title":"\u00a0BANDO MUNICIPAL - CENSO ELECTORAL - Ayuntamiento de Colindres","robots":{"index":"index","follow":"follow","max-snippet":"max-snippet:-1","max-image-preview":"max-image-preview:large","max-video-preview":"max-video-preview:-1"},"canonical":"https:\/\/www.colindres.es\/index.php\/2023\/04\/20\/17194\/","og_locale":"es_ES","og_type":"article","og_title":"\u00a0BANDO MUNICIPAL - CENSO ELECTORAL - Ayuntamiento de Colindres","og_description":"\u00a0BANDO MUNICIPAL Por medio del presente Bando municipal se pone en conocimiento de los vecinos\/as del municipio de Colindres, que, con motivo de las Elecciones Municipales y Auton\u00f3micas a celebrar el 28 de Mayo de 2023, desde el 10 al 17 de abril de 2023 (ambos inclusive) estar\u00e1n expuesto el CENSO ELECTORAL en las Oficinas [&hellip;]","og_url":"https:\/\/www.colindres.es\/index.php\/2023\/04\/20\/17194\/","og_site_name":"Ayuntamiento de Colindres","article_author":"https:\/\/es-la.facebook.com\/ayuntamiento.colindres\/","article_published_time":"2023-04-20T06:45:58+00:00","article_modified_time":"2023-04-20T06:46:27+00:00","og_image":[{"width":2560,"height":1509,"url":"https:\/\/www.colindres.es\/wp-content\/uploads\/2020\/02\/FullSizeRender-10-scaled.jpg","type":"image\/jpeg"}],"author":"Ignacio S\u00e1inz San Emeterio","twitter_card":"summary_large_image","twitter_creator":"@https:\/\/twitter.com\/aytocolindres?lang=es","twitter_misc":{"Escrito por":"Ignacio S\u00e1inz San Emeterio","Tiempo de lectura":"1 minuto"},"schema":{"@context":"https:\/\/schema.org","@graph":[{"@type":"Article","@id":"https:\/\/www.colindres.es\/index.php\/2023\/04\/20\/17194\/#article","isPartOf":{"@id":"https:\/\/www.colindres.es\/index.php\/2023\/04\/20\/17194\/"},"author":{"name":"Ignacio S\u00e1inz San Emeterio","@id":"https:\/\/www.colindres.es\/#\/schema\/person\/0225d0319539e212e866b144d841eafb"},"headline":"\u00a0BANDO MUNICIPAL &#8211; CENSO ELECTORAL","datePublished":"2023-04-20T06:45:58+00:00","dateModified":"2023-04-20T06:46:27+00:00","mainEntityOfPage":{"@id":"https:\/\/www.colindres.es\/index.php\/2023\/04\/20\/17194\/"},"wordCount":212,"commentCount":0,"publisher":{"@id":"https:\/\/www.colindres.es\/#organization"},"image":{"@id":"https:\/\/www.colindres.es\/index.php\/2023\/04\/20\/17194\/#primaryimage"},"thumbnailUrl":"https:\/\/www.colindres.es\/wp-content\/uploads\/2020\/02\/FullSizeRender-10-scaled.jpg","articleSection":["Bandos"],"inLanguage":"es","potentialAction":[{"@type":"CommentAction","name":"Comment","target":["https:\/\/www.colindres.es\/index.php\/2023\/04\/20\/17194\/#respond"]}]},{"@type":"WebPage","@id":"https:\/\/www.colindres.es\/index.php\/2023\/04\/20\/17194\/","url":"https:\/\/www.colindres.es\/index.php\/2023\/04\/20\/17194\/","name":"\u00a0BANDO MUNICIPAL - CENSO ELECTORAL - Ayuntamiento de Colindres","isPartOf":{"@id":"https:\/\/www.colindres.es\/#website"},"primaryImageOfPage":{"@id":"https:\/\/www.colindres.es\/index.php\/2023\/04\/20\/17194\/#primaryimage"},"image":{"@id":"https:\/\/www.colindres.es\/index.php\/2023\/04\/20\/17194\/#primaryimage"},"thumbnailUrl":"https:\/\/www.colindres.es\/wp-content\/uploads\/2020\/02\/FullSizeRender-10-scaled.jpg","datePublished":"2023-04-20T06:45:58+00:00","dateModified":"2023-04-20T06:46:27+00:00","breadcrumb":{"@id":"https:\/\/www.colindres.es\/index.php\/2023\/04\/20\/17194\/#breadcrumb"},"inLanguage":"es","potentialAction":[{"@type":"ReadAction","target":["https:\/\/www.colindres.es\/index.php\/2023\/04\/20\/17194\/"]}]},{"@type":"ImageObject","inLanguage":"es","@id":"https:\/\/www.colindres.es\/index.php\/2023\/04\/20\/17194\/#primaryimage","url":"https:\/\/www.colindres.es\/wp-content\/uploads\/2020\/02\/FullSizeRender-10-scaled.jpg","contentUrl":"https:\/\/www.colindres.es\/wp-content\/uploads\/2020\/02\/FullSizeRender-10-scaled.jpg","width":2560,"height":1509,"caption":"ayuntamiento de colindres"},{"@type":"BreadcrumbList","@id":"https:\/\/www.colindres.es\/index.php\/2023\/04\/20\/17194\/#breadcrumb","itemListElement":[{"@type":"ListItem","position":1,"name":"Portada","item":"https:\/\/www.colindres.es\/"},{"@type":"ListItem","position":2,"name":"\u00a0BANDO MUNICIPAL &#8211; CENSO ELECTORAL"}]},{"@type":"WebSite","@id":"https:\/\/www.colindres.es\/#website","url":"https:\/\/www.colindres.es\/","name":"Ayuntamiento de Colindres","description":"Dise\u00f1ado por NTIC&#039;s","publisher":{"@id":"https:\/\/www.colindres.es\/#organization"},"potentialAction":[{"@type":"SearchAction","target":{"@type":"EntryPoint","urlTemplate":"https:\/\/www.colindres.es\/?s={search_term_string}"},"query-input":{"@type":"PropertyValueSpecification","valueRequired":true,"valueName":"search_term_string"}}],"inLanguage":"es"},{"@type":"Organization","@id":"https:\/\/www.colindres.es\/#organization","name":"AYUNTAMIENTO DE COLINDRES","url":"https:\/\/www.colindres.es\/","logo":{"@type":"ImageObject","inLanguage":"es","@id":"https:\/\/www.colindres.es\/#\/schema\/logo\/image\/","url":"https:\/\/www.colindres.es\/wp-content\/uploads\/2017\/01\/LOGO-PRINCIPAL.jpg","contentUrl":"https:\/\/www.colindres.es\/wp-content\/uploads\/2017\/01\/LOGO-PRINCIPAL.jpg","width":1209,"height":579,"caption":"AYUNTAMIENTO DE COLINDRES"},"image":{"@id":"https:\/\/www.colindres.es\/#\/schema\/logo\/image\/"}},{"@type":"Person","@id":"https:\/\/www.colindres.es\/#\/schema\/person\/0225d0319539e212e866b144d841eafb","name":"Ignacio S\u00e1inz San Emeterio","image":{"@type":"ImageObject","inLanguage":"es","@id":"https:\/\/www.colindres.es\/#\/schema\/person\/image\/","url":"https:\/\/secure.gravatar.com\/avatar\/c35e3c2e7764c40bdaf5a44f84884669f6fdecc485d5842b7a4b1a9d0c53eed8?s=96&d=mm&r=g","contentUrl":"https:\/\/secure.gravatar.com\/avatar\/c35e3c2e7764c40bdaf5a44f84884669f6fdecc485d5842b7a4b1a9d0c53eed8?s=96&d=mm&r=g","caption":"Ignacio S\u00e1inz San Emeterio"},"description":"Responsable Departamento NTIC's - Ayuntamiento de Colindres","sameAs":["https:\/\/www.colindres.es","https:\/\/es-la.facebook.com\/ayuntamiento.colindres\/","https:\/\/x.com\/https:\/\/twitter.com\/aytocolindres?lang=es"],"url":"https:\/\/www.colindres.es\/index.php\/author\/colindres\/"}]}},"_links":{"self":[{"href":"https:\/\/www.colindres.es\/index.php\/wp-json\/wp\/v2\/posts\/17194","targetHints":{"allow":["GET"]}}],"collection":[{"href":"https:\/\/www.colindres.es\/index.php\/wp-json\/wp\/v2\/posts"}],"about":[{"href":"https:\/\/www.colindres.es\/index.php\/wp-json\/wp\/v2\/types\/post"}],"author":[{"embeddable":true,"href":"https:\/\/www.colindres.es\/index.php\/wp-json\/wp\/v2\/users\/1"}],"replies":[{"embeddable":true,"href":"https:\/\/www.colindres.es\/index.php\/wp-json\/wp\/v2\/comments?post=17194"}],"version-history":[{"count":2,"href":"https:\/\/www.colindres.es\/index.php\/wp-json\/wp\/v2\/posts\/17194\/revisions"}],"predecessor-version":[{"id":17197,"href":"https:\/\/www.colindres.es\/index.php\/wp-json\/wp\/v2\/posts\/17194\/revisions\/17197"}],"wp:featuredmedia":[{"embeddable":true,"href":"https:\/\/www.colindres.es\/index.php\/wp-json\/wp\/v2\/media\/15132"}],"wp:attachment":[{"href":"https:\/\/www.colindres.es\/index.php\/wp-json\/wp\/v2\/media?parent=17194"}],"wp:term":[{"taxonomy":"category","embeddable":true,"href":"https:\/\/www.colindres.es\/index.php\/wp-json\/wp\/v2\/categories?post=17194"},{"taxonomy":"post_tag","embeddable":true,"href":"https:\/\/www.colindres.es\/index.php\/wp-json\/wp\/v2\/tags?post=17194"}],"curies":[{"name":"wp","href":"https:\/\/api.w.org\/{rel}","templated":true}]}}