{"id":16963,"date":"2022-10-07T13:15:47","date_gmt":"2022-10-07T11:15:47","guid":{"rendered":"https:\/\/www.colindres.es\/?p=16963"},"modified":"2022-10-07T13:20:55","modified_gmt":"2022-10-07T11:20:55","slug":"aprobacion-inicial-y-exposicion-publica-del-expediente-de-modificacion-de-credito-numero-15-2022-del-ayuntamiento-de-colindres","status":"publish","type":"post","link":"https:\/\/www.colindres.es\/index.php\/2022\/10\/07\/aprobacion-inicial-y-exposicion-publica-del-expediente-de-modificacion-de-credito-numero-15-2022-del-ayuntamiento-de-colindres\/","title":{"rendered":"Aprobaci\u00f3n inicial y exposici\u00f3n p\u00fablica del expediente de modificaci\u00f3n de cr\u00e9dito n\u00famero 15\/2022 del Ayuntamiento de Colindres"},"content":{"rendered":"<p>El Ayuntamiento Pleno, en sesi\u00f3n ordinaria celebrada el d\u00eda 4 de octubre de 2022 acord\u00f3 la aprobaci\u00f3n inicial del Expediente de Modificaci\u00f3n de Cr\u00e9ditos n\u00famero 15\/2022 dentro del Presupuesto General para el ejercicio 2022, bajo la modalidad de transferencia de cr\u00e9dito entre aplicaci\u00f3n presupuestarias entre distintas \u00e1reas de gasto, por importe global de 128.500,00 euros (ciento veintiocho mil quinientos euros).<br \/>\nEl expediente tramitado al efecto, en cumplimiento de lo dispuesto en el art\u00edculo 169.1 por remisi\u00f3n del 177.2 del Texto Refundido de la Ley Reguladora de las Haciendas Locales, aprobado por Real Decreto Legislativo 2\/2004, de 5 de marzo, permanecer\u00e1 expuesto al p\u00fablico en la Intervenci\u00f3n de este Ayuntamiento durante el plazo de quince d\u00edas h\u00e1biles, contados desde el siguiente al de publicaci\u00f3n de este anuncio en el BOC, al objeto de que puedan presentarse las alegaciones que se estimen pertinentes por los interesados.<br \/>\nAsimismo, estar\u00e1 a disposici\u00f3n de los interesados en la sede electr\u00f3nica de este Ayuntamiento [http:\/\/colindres.sedelectronica.es].<br \/>\nLo que se hace p\u00fablico para general conocimiento.<br \/>\nEn Colindres, a la fecha de la firma electr\u00f3nica.<\/p>\n<p>El Alcalde,<br \/>\nFdo.: Javier Incera Goyenechea<br \/>\nDocumento firmado digitalmente (Ley 39\/2015, de 1 de octubre)<\/p>\n<p><a href=\"https:\/\/www.colindres.es\/wp-content\/uploads\/2022\/10\/20221005_Publicacion_Anuncio-de-aprobacion-inicial-en-el-BOP.pdf\">Descargue aqui el documento oficial.<\/a><\/p>\n","protected":false},"excerpt":{"rendered":"<p>El Ayuntamiento Pleno, en sesi\u00f3n ordinaria celebrada el d\u00eda 4 de octubre de 2022 acord\u00f3 la aprobaci\u00f3n inicial del Expediente de Modificaci\u00f3n de Cr\u00e9ditos n\u00famero 15\/2022 dentro del Presupuesto General para el ejercicio 2022, bajo la modalidad de transferencia de cr\u00e9dito entre aplicaci\u00f3n presupuestarias entre distintas \u00e1reas de gasto, por importe global de 128.500,00 euros [&hellip;]<\/p>\n","protected":false},"author":1,"featured_media":15132,"comment_status":"open","ping_status":"closed","sticky":false,"template":"","format":"standard","meta":{"_et_pb_use_builder":"","_et_pb_old_content":"","_et_gb_content_width":"","footnotes":""},"categories":[10],"tags":[],"class_list":["post-16963","post","type-post","status-publish","format-standard","has-post-thumbnail","hentry","category-anuncios"],"yoast_head":"<!-- This site is optimized with the Yoast SEO plugin v24.9 - https:\/\/yoast.com\/wordpress\/plugins\/seo\/ -->\n<title>Aprobaci\u00f3n inicial y exposici\u00f3n p\u00fablica del expediente de modificaci\u00f3n de cr\u00e9dito n\u00famero 15\/2022 del Ayuntamiento de Colindres - Ayuntamiento de Colindres<\/title>\n<meta name=\"robots\" content=\"index, follow, max-snippet:-1, max-image-preview:large, max-video-preview:-1\" \/>\n<link rel=\"canonical\" href=\"https:\/\/www.colindres.es\/index.php\/2022\/10\/07\/aprobacion-inicial-y-exposicion-publica-del-expediente-de-modificacion-de-credito-numero-15-2022-del-ayuntamiento-de-colindres\/\" \/>\n<meta property=\"og:locale\" content=\"es_ES\" \/>\n<meta property=\"og:type\" content=\"article\" \/>\n<meta property=\"og:title\" content=\"Aprobaci\u00f3n inicial y exposici\u00f3n p\u00fablica del expediente de modificaci\u00f3n de cr\u00e9dito n\u00famero 15\/2022 del Ayuntamiento de Colindres - Ayuntamiento de Colindres\" \/>\n<meta property=\"og:description\" content=\"El Ayuntamiento Pleno, en sesi\u00f3n ordinaria celebrada el d\u00eda 4 de octubre de 2022 acord\u00f3 la aprobaci\u00f3n inicial del Expediente de Modificaci\u00f3n de Cr\u00e9ditos n\u00famero 15\/2022 dentro del Presupuesto General para el ejercicio 2022, bajo la modalidad de transferencia de cr\u00e9dito entre aplicaci\u00f3n presupuestarias entre distintas \u00e1reas de gasto, por importe global de 128.500,00 euros [&hellip;]\" \/>\n<meta property=\"og:url\" content=\"https:\/\/www.colindres.es\/index.php\/2022\/10\/07\/aprobacion-inicial-y-exposicion-publica-del-expediente-de-modificacion-de-credito-numero-15-2022-del-ayuntamiento-de-colindres\/\" \/>\n<meta property=\"og:site_name\" content=\"Ayuntamiento de Colindres\" \/>\n<meta property=\"article:author\" content=\"https:\/\/es-la.facebook.com\/ayuntamiento.colindres\/\" \/>\n<meta property=\"article:published_time\" content=\"2022-10-07T11:15:47+00:00\" \/>\n<meta property=\"article:modified_time\" content=\"2022-10-07T11:20:55+00:00\" \/>\n<meta property=\"og:image\" content=\"https:\/\/www.colindres.es\/wp-content\/uploads\/2020\/02\/FullSizeRender-10-scaled.jpg\" \/>\n\t<meta property=\"og:image:width\" content=\"2560\" \/>\n\t<meta property=\"og:image:height\" content=\"1509\" \/>\n\t<meta property=\"og:image:type\" content=\"image\/jpeg\" \/>\n<meta name=\"author\" content=\"Ignacio S\u00e1inz San Emeterio\" \/>\n<meta name=\"twitter:card\" content=\"summary_large_image\" \/>\n<meta name=\"twitter:creator\" content=\"@https:\/\/twitter.com\/aytocolindres?lang=es\" \/>\n<meta name=\"twitter:label1\" content=\"Escrito por\" \/>\n\t<meta name=\"twitter:data1\" content=\"Ignacio S\u00e1inz San Emeterio\" \/>\n\t<meta name=\"twitter:label2\" content=\"Tiempo de lectura\" \/>\n\t<meta name=\"twitter:data2\" content=\"1 minuto\" \/>\n<script type=\"application\/ld+json\" class=\"yoast-schema-graph\">{\"@context\":\"https:\/\/schema.org\",\"@graph\":[{\"@type\":\"Article\",\"@id\":\"https:\/\/www.colindres.es\/index.php\/2022\/10\/07\/aprobacion-inicial-y-exposicion-publica-del-expediente-de-modificacion-de-credito-numero-15-2022-del-ayuntamiento-de-colindres\/#article\",\"isPartOf\":{\"@id\":\"https:\/\/www.colindres.es\/index.php\/2022\/10\/07\/aprobacion-inicial-y-exposicion-publica-del-expediente-de-modificacion-de-credito-numero-15-2022-del-ayuntamiento-de-colindres\/\"},\"author\":{\"name\":\"Ignacio S\u00e1inz San Emeterio\",\"@id\":\"https:\/\/www.colindres.es\/#\/schema\/person\/0225d0319539e212e866b144d841eafb\"},\"headline\":\"Aprobaci\u00f3n inicial y exposici\u00f3n p\u00fablica del expediente de modificaci\u00f3n de cr\u00e9dito n\u00famero 15\/2022 del Ayuntamiento de Colindres\",\"datePublished\":\"2022-10-07T11:15:47+00:00\",\"dateModified\":\"2022-10-07T11:20:55+00:00\",\"mainEntityOfPage\":{\"@id\":\"https:\/\/www.colindres.es\/index.php\/2022\/10\/07\/aprobacion-inicial-y-exposicion-publica-del-expediente-de-modificacion-de-credito-numero-15-2022-del-ayuntamiento-de-colindres\/\"},\"wordCount\":229,\"commentCount\":0,\"publisher\":{\"@id\":\"https:\/\/www.colindres.es\/#organization\"},\"image\":{\"@id\":\"https:\/\/www.colindres.es\/index.php\/2022\/10\/07\/aprobacion-inicial-y-exposicion-publica-del-expediente-de-modificacion-de-credito-numero-15-2022-del-ayuntamiento-de-colindres\/#primaryimage\"},\"thumbnailUrl\":\"https:\/\/www.colindres.es\/wp-content\/uploads\/2020\/02\/FullSizeRender-10-scaled.jpg\",\"articleSection\":[\"Anuncios\"],\"inLanguage\":\"es\",\"potentialAction\":[{\"@type\":\"CommentAction\",\"name\":\"Comment\",\"target\":[\"https:\/\/www.colindres.es\/index.php\/2022\/10\/07\/aprobacion-inicial-y-exposicion-publica-del-expediente-de-modificacion-de-credito-numero-15-2022-del-ayuntamiento-de-colindres\/#respond\"]}]},{\"@type\":\"WebPage\",\"@id\":\"https:\/\/www.colindres.es\/index.php\/2022\/10\/07\/aprobacion-inicial-y-exposicion-publica-del-expediente-de-modificacion-de-credito-numero-15-2022-del-ayuntamiento-de-colindres\/\",\"url\":\"https:\/\/www.colindres.es\/index.php\/2022\/10\/07\/aprobacion-inicial-y-exposicion-publica-del-expediente-de-modificacion-de-credito-numero-15-2022-del-ayuntamiento-de-colindres\/\",\"name\":\"Aprobaci\u00f3n inicial y exposici\u00f3n p\u00fablica del expediente de modificaci\u00f3n de cr\u00e9dito n\u00famero 15\/2022 del Ayuntamiento de Colindres - Ayuntamiento de Colindres\",\"isPartOf\":{\"@id\":\"https:\/\/www.colindres.es\/#website\"},\"primaryImageOfPage\":{\"@id\":\"https:\/\/www.colindres.es\/index.php\/2022\/10\/07\/aprobacion-inicial-y-exposicion-publica-del-expediente-de-modificacion-de-credito-numero-15-2022-del-ayuntamiento-de-colindres\/#primaryimage\"},\"image\":{\"@id\":\"https:\/\/www.colindres.es\/index.php\/2022\/10\/07\/aprobacion-inicial-y-exposicion-publica-del-expediente-de-modificacion-de-credito-numero-15-2022-del-ayuntamiento-de-colindres\/#primaryimage\"},\"thumbnailUrl\":\"https:\/\/www.colindres.es\/wp-content\/uploads\/2020\/02\/FullSizeRender-10-scaled.jpg\",\"datePublished\":\"2022-10-07T11:15:47+00:00\",\"dateModified\":\"2022-10-07T11:20:55+00:00\",\"breadcrumb\":{\"@id\":\"https:\/\/www.colindres.es\/index.php\/2022\/10\/07\/aprobacion-inicial-y-exposicion-publica-del-expediente-de-modificacion-de-credito-numero-15-2022-del-ayuntamiento-de-colindres\/#breadcrumb\"},\"inLanguage\":\"es\",\"potentialAction\":[{\"@type\":\"ReadAction\",\"target\":[\"https:\/\/www.colindres.es\/index.php\/2022\/10\/07\/aprobacion-inicial-y-exposicion-publica-del-expediente-de-modificacion-de-credito-numero-15-2022-del-ayuntamiento-de-colindres\/\"]}]},{\"@type\":\"ImageObject\",\"inLanguage\":\"es\",\"@id\":\"https:\/\/www.colindres.es\/index.php\/2022\/10\/07\/aprobacion-inicial-y-exposicion-publica-del-expediente-de-modificacion-de-credito-numero-15-2022-del-ayuntamiento-de-colindres\/#primaryimage\",\"url\":\"https:\/\/www.colindres.es\/wp-content\/uploads\/2020\/02\/FullSizeRender-10-scaled.jpg\",\"contentUrl\":\"https:\/\/www.colindres.es\/wp-content\/uploads\/2020\/02\/FullSizeRender-10-scaled.jpg\",\"width\":2560,\"height\":1509,\"caption\":\"ayuntamiento de colindres\"},{\"@type\":\"BreadcrumbList\",\"@id\":\"https:\/\/www.colindres.es\/index.php\/2022\/10\/07\/aprobacion-inicial-y-exposicion-publica-del-expediente-de-modificacion-de-credito-numero-15-2022-del-ayuntamiento-de-colindres\/#breadcrumb\",\"itemListElement\":[{\"@type\":\"ListItem\",\"position\":1,\"name\":\"Portada\",\"item\":\"https:\/\/www.colindres.es\/\"},{\"@type\":\"ListItem\",\"position\":2,\"name\":\"Aprobaci\u00f3n inicial y exposici\u00f3n p\u00fablica del expediente de modificaci\u00f3n de cr\u00e9dito n\u00famero 15\/2022 del Ayuntamiento de Colindres\"}]},{\"@type\":\"WebSite\",\"@id\":\"https:\/\/www.colindres.es\/#website\",\"url\":\"https:\/\/www.colindres.es\/\",\"name\":\"Ayuntamiento de Colindres\",\"description\":\"Dise\u00f1ado por NTIC&#039;s\",\"publisher\":{\"@id\":\"https:\/\/www.colindres.es\/#organization\"},\"potentialAction\":[{\"@type\":\"SearchAction\",\"target\":{\"@type\":\"EntryPoint\",\"urlTemplate\":\"https:\/\/www.colindres.es\/?s={search_term_string}\"},\"query-input\":{\"@type\":\"PropertyValueSpecification\",\"valueRequired\":true,\"valueName\":\"search_term_string\"}}],\"inLanguage\":\"es\"},{\"@type\":\"Organization\",\"@id\":\"https:\/\/www.colindres.es\/#organization\",\"name\":\"AYUNTAMIENTO DE COLINDRES\",\"url\":\"https:\/\/www.colindres.es\/\",\"logo\":{\"@type\":\"ImageObject\",\"inLanguage\":\"es\",\"@id\":\"https:\/\/www.colindres.es\/#\/schema\/logo\/image\/\",\"url\":\"https:\/\/www.colindres.es\/wp-content\/uploads\/2017\/01\/LOGO-PRINCIPAL.jpg\",\"contentUrl\":\"https:\/\/www.colindres.es\/wp-content\/uploads\/2017\/01\/LOGO-PRINCIPAL.jpg\",\"width\":1209,\"height\":579,\"caption\":\"AYUNTAMIENTO DE COLINDRES\"},\"image\":{\"@id\":\"https:\/\/www.colindres.es\/#\/schema\/logo\/image\/\"}},{\"@type\":\"Person\",\"@id\":\"https:\/\/www.colindres.es\/#\/schema\/person\/0225d0319539e212e866b144d841eafb\",\"name\":\"Ignacio S\u00e1inz San Emeterio\",\"image\":{\"@type\":\"ImageObject\",\"inLanguage\":\"es\",\"@id\":\"https:\/\/www.colindres.es\/#\/schema\/person\/image\/\",\"url\":\"https:\/\/secure.gravatar.com\/avatar\/c35e3c2e7764c40bdaf5a44f84884669f6fdecc485d5842b7a4b1a9d0c53eed8?s=96&d=mm&r=g\",\"contentUrl\":\"https:\/\/secure.gravatar.com\/avatar\/c35e3c2e7764c40bdaf5a44f84884669f6fdecc485d5842b7a4b1a9d0c53eed8?s=96&d=mm&r=g\",\"caption\":\"Ignacio S\u00e1inz San Emeterio\"},\"description\":\"Responsable Departamento NTIC's - Ayuntamiento de Colindres\",\"sameAs\":[\"https:\/\/www.colindres.es\",\"https:\/\/es-la.facebook.com\/ayuntamiento.colindres\/\",\"https:\/\/x.com\/https:\/\/twitter.com\/aytocolindres?lang=es\"],\"url\":\"https:\/\/www.colindres.es\/index.php\/author\/colindres\/\"}]}<\/script>\n<!-- \/ Yoast SEO plugin. -->","yoast_head_json":{"title":"Aprobaci\u00f3n inicial y exposici\u00f3n p\u00fablica del expediente de modificaci\u00f3n de cr\u00e9dito n\u00famero 15\/2022 del Ayuntamiento de Colindres - Ayuntamiento de Colindres","robots":{"index":"index","follow":"follow","max-snippet":"max-snippet:-1","max-image-preview":"max-image-preview:large","max-video-preview":"max-video-preview:-1"},"canonical":"https:\/\/www.colindres.es\/index.php\/2022\/10\/07\/aprobacion-inicial-y-exposicion-publica-del-expediente-de-modificacion-de-credito-numero-15-2022-del-ayuntamiento-de-colindres\/","og_locale":"es_ES","og_type":"article","og_title":"Aprobaci\u00f3n inicial y exposici\u00f3n p\u00fablica del expediente de modificaci\u00f3n de cr\u00e9dito n\u00famero 15\/2022 del Ayuntamiento de Colindres - Ayuntamiento de Colindres","og_description":"El Ayuntamiento Pleno, en sesi\u00f3n ordinaria celebrada el d\u00eda 4 de octubre de 2022 acord\u00f3 la aprobaci\u00f3n inicial del Expediente de Modificaci\u00f3n de Cr\u00e9ditos n\u00famero 15\/2022 dentro del Presupuesto General para el ejercicio 2022, bajo la modalidad de transferencia de cr\u00e9dito entre aplicaci\u00f3n presupuestarias entre distintas \u00e1reas de gasto, por importe global de 128.500,00 euros [&hellip;]","og_url":"https:\/\/www.colindres.es\/index.php\/2022\/10\/07\/aprobacion-inicial-y-exposicion-publica-del-expediente-de-modificacion-de-credito-numero-15-2022-del-ayuntamiento-de-colindres\/","og_site_name":"Ayuntamiento de Colindres","article_author":"https:\/\/es-la.facebook.com\/ayuntamiento.colindres\/","article_published_time":"2022-10-07T11:15:47+00:00","article_modified_time":"2022-10-07T11:20:55+00:00","og_image":[{"width":2560,"height":1509,"url":"https:\/\/www.colindres.es\/wp-content\/uploads\/2020\/02\/FullSizeRender-10-scaled.jpg","type":"image\/jpeg"}],"author":"Ignacio S\u00e1inz San Emeterio","twitter_card":"summary_large_image","twitter_creator":"@https:\/\/twitter.com\/aytocolindres?lang=es","twitter_misc":{"Escrito por":"Ignacio S\u00e1inz San Emeterio","Tiempo de lectura":"1 minuto"},"schema":{"@context":"https:\/\/schema.org","@graph":[{"@type":"Article","@id":"https:\/\/www.colindres.es\/index.php\/2022\/10\/07\/aprobacion-inicial-y-exposicion-publica-del-expediente-de-modificacion-de-credito-numero-15-2022-del-ayuntamiento-de-colindres\/#article","isPartOf":{"@id":"https:\/\/www.colindres.es\/index.php\/2022\/10\/07\/aprobacion-inicial-y-exposicion-publica-del-expediente-de-modificacion-de-credito-numero-15-2022-del-ayuntamiento-de-colindres\/"},"author":{"name":"Ignacio S\u00e1inz San Emeterio","@id":"https:\/\/www.colindres.es\/#\/schema\/person\/0225d0319539e212e866b144d841eafb"},"headline":"Aprobaci\u00f3n inicial y exposici\u00f3n p\u00fablica del expediente de modificaci\u00f3n de cr\u00e9dito n\u00famero 15\/2022 del Ayuntamiento de Colindres","datePublished":"2022-10-07T11:15:47+00:00","dateModified":"2022-10-07T11:20:55+00:00","mainEntityOfPage":{"@id":"https:\/\/www.colindres.es\/index.php\/2022\/10\/07\/aprobacion-inicial-y-exposicion-publica-del-expediente-de-modificacion-de-credito-numero-15-2022-del-ayuntamiento-de-colindres\/"},"wordCount":229,"commentCount":0,"publisher":{"@id":"https:\/\/www.colindres.es\/#organization"},"image":{"@id":"https:\/\/www.colindres.es\/index.php\/2022\/10\/07\/aprobacion-inicial-y-exposicion-publica-del-expediente-de-modificacion-de-credito-numero-15-2022-del-ayuntamiento-de-colindres\/#primaryimage"},"thumbnailUrl":"https:\/\/www.colindres.es\/wp-content\/uploads\/2020\/02\/FullSizeRender-10-scaled.jpg","articleSection":["Anuncios"],"inLanguage":"es","potentialAction":[{"@type":"CommentAction","name":"Comment","target":["https:\/\/www.colindres.es\/index.php\/2022\/10\/07\/aprobacion-inicial-y-exposicion-publica-del-expediente-de-modificacion-de-credito-numero-15-2022-del-ayuntamiento-de-colindres\/#respond"]}]},{"@type":"WebPage","@id":"https:\/\/www.colindres.es\/index.php\/2022\/10\/07\/aprobacion-inicial-y-exposicion-publica-del-expediente-de-modificacion-de-credito-numero-15-2022-del-ayuntamiento-de-colindres\/","url":"https:\/\/www.colindres.es\/index.php\/2022\/10\/07\/aprobacion-inicial-y-exposicion-publica-del-expediente-de-modificacion-de-credito-numero-15-2022-del-ayuntamiento-de-colindres\/","name":"Aprobaci\u00f3n inicial y exposici\u00f3n p\u00fablica del expediente de modificaci\u00f3n de cr\u00e9dito n\u00famero 15\/2022 del Ayuntamiento de Colindres - Ayuntamiento de Colindres","isPartOf":{"@id":"https:\/\/www.colindres.es\/#website"},"primaryImageOfPage":{"@id":"https:\/\/www.colindres.es\/index.php\/2022\/10\/07\/aprobacion-inicial-y-exposicion-publica-del-expediente-de-modificacion-de-credito-numero-15-2022-del-ayuntamiento-de-colindres\/#primaryimage"},"image":{"@id":"https:\/\/www.colindres.es\/index.php\/2022\/10\/07\/aprobacion-inicial-y-exposicion-publica-del-expediente-de-modificacion-de-credito-numero-15-2022-del-ayuntamiento-de-colindres\/#primaryimage"},"thumbnailUrl":"https:\/\/www.colindres.es\/wp-content\/uploads\/2020\/02\/FullSizeRender-10-scaled.jpg","datePublished":"2022-10-07T11:15:47+00:00","dateModified":"2022-10-07T11:20:55+00:00","breadcrumb":{"@id":"https:\/\/www.colindres.es\/index.php\/2022\/10\/07\/aprobacion-inicial-y-exposicion-publica-del-expediente-de-modificacion-de-credito-numero-15-2022-del-ayuntamiento-de-colindres\/#breadcrumb"},"inLanguage":"es","potentialAction":[{"@type":"ReadAction","target":["https:\/\/www.colindres.es\/index.php\/2022\/10\/07\/aprobacion-inicial-y-exposicion-publica-del-expediente-de-modificacion-de-credito-numero-15-2022-del-ayuntamiento-de-colindres\/"]}]},{"@type":"ImageObject","inLanguage":"es","@id":"https:\/\/www.colindres.es\/index.php\/2022\/10\/07\/aprobacion-inicial-y-exposicion-publica-del-expediente-de-modificacion-de-credito-numero-15-2022-del-ayuntamiento-de-colindres\/#primaryimage","url":"https:\/\/www.colindres.es\/wp-content\/uploads\/2020\/02\/FullSizeRender-10-scaled.jpg","contentUrl":"https:\/\/www.colindres.es\/wp-content\/uploads\/2020\/02\/FullSizeRender-10-scaled.jpg","width":2560,"height":1509,"caption":"ayuntamiento de colindres"},{"@type":"BreadcrumbList","@id":"https:\/\/www.colindres.es\/index.php\/2022\/10\/07\/aprobacion-inicial-y-exposicion-publica-del-expediente-de-modificacion-de-credito-numero-15-2022-del-ayuntamiento-de-colindres\/#breadcrumb","itemListElement":[{"@type":"ListItem","position":1,"name":"Portada","item":"https:\/\/www.colindres.es\/"},{"@type":"ListItem","position":2,"name":"Aprobaci\u00f3n inicial y exposici\u00f3n p\u00fablica del expediente de modificaci\u00f3n de cr\u00e9dito n\u00famero 15\/2022 del Ayuntamiento de Colindres"}]},{"@type":"WebSite","@id":"https:\/\/www.colindres.es\/#website","url":"https:\/\/www.colindres.es\/","name":"Ayuntamiento de Colindres","description":"Dise\u00f1ado por NTIC&#039;s","publisher":{"@id":"https:\/\/www.colindres.es\/#organization"},"potentialAction":[{"@type":"SearchAction","target":{"@type":"EntryPoint","urlTemplate":"https:\/\/www.colindres.es\/?s={search_term_string}"},"query-input":{"@type":"PropertyValueSpecification","valueRequired":true,"valueName":"search_term_string"}}],"inLanguage":"es"},{"@type":"Organization","@id":"https:\/\/www.colindres.es\/#organization","name":"AYUNTAMIENTO DE COLINDRES","url":"https:\/\/www.colindres.es\/","logo":{"@type":"ImageObject","inLanguage":"es","@id":"https:\/\/www.colindres.es\/#\/schema\/logo\/image\/","url":"https:\/\/www.colindres.es\/wp-content\/uploads\/2017\/01\/LOGO-PRINCIPAL.jpg","contentUrl":"https:\/\/www.colindres.es\/wp-content\/uploads\/2017\/01\/LOGO-PRINCIPAL.jpg","width":1209,"height":579,"caption":"AYUNTAMIENTO DE COLINDRES"},"image":{"@id":"https:\/\/www.colindres.es\/#\/schema\/logo\/image\/"}},{"@type":"Person","@id":"https:\/\/www.colindres.es\/#\/schema\/person\/0225d0319539e212e866b144d841eafb","name":"Ignacio S\u00e1inz San Emeterio","image":{"@type":"ImageObject","inLanguage":"es","@id":"https:\/\/www.colindres.es\/#\/schema\/person\/image\/","url":"https:\/\/secure.gravatar.com\/avatar\/c35e3c2e7764c40bdaf5a44f84884669f6fdecc485d5842b7a4b1a9d0c53eed8?s=96&d=mm&r=g","contentUrl":"https:\/\/secure.gravatar.com\/avatar\/c35e3c2e7764c40bdaf5a44f84884669f6fdecc485d5842b7a4b1a9d0c53eed8?s=96&d=mm&r=g","caption":"Ignacio S\u00e1inz San Emeterio"},"description":"Responsable Departamento NTIC's - Ayuntamiento de Colindres","sameAs":["https:\/\/www.colindres.es","https:\/\/es-la.facebook.com\/ayuntamiento.colindres\/","https:\/\/x.com\/https:\/\/twitter.com\/aytocolindres?lang=es"],"url":"https:\/\/www.colindres.es\/index.php\/author\/colindres\/"}]}},"_links":{"self":[{"href":"https:\/\/www.colindres.es\/index.php\/wp-json\/wp\/v2\/posts\/16963","targetHints":{"allow":["GET"]}}],"collection":[{"href":"https:\/\/www.colindres.es\/index.php\/wp-json\/wp\/v2\/posts"}],"about":[{"href":"https:\/\/www.colindres.es\/index.php\/wp-json\/wp\/v2\/types\/post"}],"author":[{"embeddable":true,"href":"https:\/\/www.colindres.es\/index.php\/wp-json\/wp\/v2\/users\/1"}],"replies":[{"embeddable":true,"href":"https:\/\/www.colindres.es\/index.php\/wp-json\/wp\/v2\/comments?post=16963"}],"version-history":[{"count":1,"href":"https:\/\/www.colindres.es\/index.php\/wp-json\/wp\/v2\/posts\/16963\/revisions"}],"predecessor-version":[{"id":16965,"href":"https:\/\/www.colindres.es\/index.php\/wp-json\/wp\/v2\/posts\/16963\/revisions\/16965"}],"wp:featuredmedia":[{"embeddable":true,"href":"https:\/\/www.colindres.es\/index.php\/wp-json\/wp\/v2\/media\/15132"}],"wp:attachment":[{"href":"https:\/\/www.colindres.es\/index.php\/wp-json\/wp\/v2\/media?parent=16963"}],"wp:term":[{"taxonomy":"category","embeddable":true,"href":"https:\/\/www.colindres.es\/index.php\/wp-json\/wp\/v2\/categories?post=16963"},{"taxonomy":"post_tag","embeddable":true,"href":"https:\/\/www.colindres.es\/index.php\/wp-json\/wp\/v2\/tags?post=16963"}],"curies":[{"name":"wp","href":"https:\/\/api.w.org\/{rel}","templated":true}]}}