{"id":16044,"date":"2020-12-01T12:17:00","date_gmt":"2020-12-01T11:17:00","guid":{"rendered":"https:\/\/www.colindres.es\/?p=16044"},"modified":"2020-12-01T12:20:45","modified_gmt":"2020-12-01T11:20:45","slug":"acta-de-la-sesion-ordinaria-de-pleno-celebrada-el-19-de-diciembre-de-2019","status":"publish","type":"post","link":"https:\/\/www.colindres.es\/index.php\/2020\/12\/01\/acta-de-la-sesion-ordinaria-de-pleno-celebrada-el-19-de-diciembre-de-2019\/","title":{"rendered":"ACTA DE LA SESI\u00d3N ORDINARIA DE PLENO (celebrada el 19 de diciembre de 2019)"},"content":{"rendered":"<p>En la Sala de Plenos del Ayuntamiento de Colindres (Cantabria), siendo las veinte horas y cinco minutos del d\u00eda <strong>19 de diciembre de 2019<\/strong>, se re\u00fane el Pleno en primera convocatoria, bajo la Presidencia del Sr. Alcalde, D. JAVIER INCERA GOYENECHEA, con el objeto de celebrar sesi\u00f3n ordinaria convocada el d\u00eda de la fecha, y para la que fueron previamente citados.<\/p>\n<p><strong>ASISTENTES:<\/strong><\/p>\n<p><strong>PRESIDENTE<\/strong>:<\/p>\n<p>Sr. Alcalde-Presidente<\/p>\n<ul>\n<li>JAVIER INCERA GOYENECHEA<\/li>\n<\/ul>\n<p><strong>CONCEJALES\/AS<\/strong>:<\/p>\n<ul>\n<li>D\u00d1A. MARIA EUGENIA CASTA\u00d1EDA ARRASATE<\/li>\n<li>ADRI\u00c1N SETIEN EXP\u00d3SITO<\/li>\n<li>FRANCISCO JAVIER MART\u00cdN SOLAR<\/li>\n<li>D\u00d1A. ARACELI AYESA ESCALANTE<\/li>\n<li>D\u00d1A. MAR\u00cdA YOLANDA ARCE GUTI\u00c9RREZ<\/li>\n<li>JULIO C\u00c9SAR PAZ CONDE<\/li>\n<li>D\u00d1A. MONICA NAVASCUEZ BLANCO<\/li>\n<li>ALBERTO ECHEVARR\u00cdA ORTIZ<\/li>\n<li>C\u00c9SAR PERAL DIEZ<\/li>\n<li>D\u00d1A. MARIA CRISTINA ITURGAIZ \u00c1NGULO<\/li>\n<li>ANTONIO P\u00c9REZ G\u00d3MEZ<\/li>\n<\/ul>\n<p><strong>SECRETARIA: <\/strong>D\u00f1a. Paula Albors Ferrero, Secretaria del Ayuntamiento.<\/p>\n<p><strong>INTERVENTOR:<\/strong> D. Jos\u00e9 Ignacio S\u00e1nchez Mart\u00ednez, Interventor del Ayuntamiento.<\/p>\n<p>La Presidencia, tras comprobar en los t\u00e9rminos expuestos que se da el qu\u00f3rum legalmente exigido por el art\u00edculo 46.2 c) de la Ley 7\/1985, de 2 de abril, Reguladora de las Bases de R\u00e9gimen Local, para la v\u00e1lida celebraci\u00f3n de las sesiones de Pleno, declara abierta \u00e9sta, pas\u00e1ndose al estudio de los asuntos incluidos en el orden del d\u00eda de la convocatoria.<\/p>\n<p><strong><u>Parte dispositiva<\/u><\/strong><\/p>\n<ul>\n<li><strong>1.- Aprobaci\u00f3n del de Convenio de colaboraci\u00f3n entre el Ayuntamiento de Colindres y el Gobierno de Cantabria a trav\u00e9s de su empresa p\u00fablica Gesti\u00f3n de viviendas e infraestructuras en Cantabria, S.L. para la cesi\u00f3n de vivienda para su incorporaci\u00f3n al parque p\u00fablico de viviendas en alquiler del Gobierno de Cantabria.<\/strong><\/li>\n<li><strong>2.- Aprobaci\u00f3n inicial de las OF n\u00ba: 7 y 9 relativas a tasa por distribuci\u00f3n de agua y alcantarillado, respectivamente.<\/strong><\/li>\n<li><strong>3.- Aprobaci\u00f3n propuesta de incremento salarial del 0,3% a los empleados p\u00fablicos.<\/strong><\/li>\n<li><strong>4.- Aprobaci\u00f3n compatibilidad a personal laboral temporal.<\/strong><\/li>\n<li><strong>5.- Moci\u00f3n grupo municipal PP registro de entrada n\u00ba: 6671, de 11 de diciembre de 2019.<\/strong><\/li>\n<\/ul>\n<p><strong><u>Parte de control y fiscalizaci\u00f3n<\/u><\/strong><strong>.<\/strong><\/p>\n<ul>\n<li><strong>1.- Daci\u00f3n de cuenta de Decretos de Alcald\u00eda: del 668\/2019 al 792\/2019<\/strong><\/li>\n<li><strong>2.- Informes trimestrales PMP, morosidad y ejecuci\u00f3n trimestral (3T 2019)<\/strong><\/li>\n<li><strong>3.- Ruegos y Preguntas<\/strong><\/li>\n<\/ul>\n<p><a href=\"https:\/\/www.colindres.es\/wp-content\/uploads\/2020\/12\/16-19.12.2019-APROBADA.pdf\">Pulse aqu\u00ed para descargar el acta en formato pdf del Pleno 16 &#8211; 19.12.2019 APROBADA<\/a><\/p>\n","protected":false},"excerpt":{"rendered":"<p>En la Sala de Plenos del Ayuntamiento de Colindres (Cantabria), siendo las veinte horas y cinco minutos del d\u00eda 19 de diciembre de 2019, se re\u00fane el Pleno en primera convocatoria, bajo la Presidencia del Sr. Alcalde, D. JAVIER INCERA GOYENECHEA, con el objeto de celebrar sesi\u00f3n ordinaria convocada el d\u00eda de la fecha, y [&hellip;]<\/p>\n","protected":false},"author":1,"featured_media":0,"comment_status":"open","ping_status":"closed","sticky":false,"template":"","format":"standard","meta":{"_et_pb_use_builder":"","_et_pb_old_content":"","_et_gb_content_width":"","footnotes":""},"categories":[5],"tags":[],"class_list":["post-16044","post","type-post","status-publish","format-standard","hentry","category-plenos"],"yoast_head":"<!-- This site is optimized with the Yoast SEO plugin v24.9 - https:\/\/yoast.com\/wordpress\/plugins\/seo\/ -->\n<title>ACTA DE LA SESI\u00d3N ORDINARIA DE PLENO (celebrada el 19 de diciembre de 2019) - Ayuntamiento de Colindres<\/title>\n<meta name=\"robots\" content=\"index, follow, max-snippet:-1, max-image-preview:large, max-video-preview:-1\" \/>\n<link rel=\"canonical\" href=\"https:\/\/www.colindres.es\/index.php\/2020\/12\/01\/acta-de-la-sesion-ordinaria-de-pleno-celebrada-el-19-de-diciembre-de-2019\/\" \/>\n<meta property=\"og:locale\" content=\"es_ES\" \/>\n<meta property=\"og:type\" content=\"article\" \/>\n<meta property=\"og:title\" content=\"ACTA DE LA SESI\u00d3N ORDINARIA DE PLENO (celebrada el 19 de diciembre de 2019) - Ayuntamiento de Colindres\" \/>\n<meta property=\"og:description\" content=\"En la Sala de Plenos del Ayuntamiento de Colindres (Cantabria), siendo las veinte horas y cinco minutos del d\u00eda 19 de diciembre de 2019, se re\u00fane el Pleno en primera convocatoria, bajo la Presidencia del Sr. Alcalde, D. JAVIER INCERA GOYENECHEA, con el objeto de celebrar sesi\u00f3n ordinaria convocada el d\u00eda de la fecha, y [&hellip;]\" \/>\n<meta property=\"og:url\" content=\"https:\/\/www.colindres.es\/index.php\/2020\/12\/01\/acta-de-la-sesion-ordinaria-de-pleno-celebrada-el-19-de-diciembre-de-2019\/\" \/>\n<meta property=\"og:site_name\" content=\"Ayuntamiento de Colindres\" \/>\n<meta property=\"article:author\" content=\"https:\/\/es-la.facebook.com\/ayuntamiento.colindres\/\" \/>\n<meta property=\"article:published_time\" content=\"2020-12-01T11:17:00+00:00\" \/>\n<meta property=\"article:modified_time\" content=\"2020-12-01T11:20:45+00:00\" \/>\n<meta name=\"author\" content=\"Ignacio S\u00e1inz San Emeterio\" \/>\n<meta name=\"twitter:card\" content=\"summary_large_image\" \/>\n<meta name=\"twitter:creator\" content=\"@https:\/\/twitter.com\/aytocolindres?lang=es\" \/>\n<meta name=\"twitter:label1\" content=\"Escrito por\" \/>\n\t<meta name=\"twitter:data1\" content=\"Ignacio S\u00e1inz San Emeterio\" \/>\n\t<meta name=\"twitter:label2\" content=\"Tiempo de lectura\" \/>\n\t<meta name=\"twitter:data2\" content=\"2 minutos\" \/>\n<script type=\"application\/ld+json\" class=\"yoast-schema-graph\">{\"@context\":\"https:\/\/schema.org\",\"@graph\":[{\"@type\":\"Article\",\"@id\":\"https:\/\/www.colindres.es\/index.php\/2020\/12\/01\/acta-de-la-sesion-ordinaria-de-pleno-celebrada-el-19-de-diciembre-de-2019\/#article\",\"isPartOf\":{\"@id\":\"https:\/\/www.colindres.es\/index.php\/2020\/12\/01\/acta-de-la-sesion-ordinaria-de-pleno-celebrada-el-19-de-diciembre-de-2019\/\"},\"author\":{\"name\":\"Ignacio S\u00e1inz San Emeterio\",\"@id\":\"https:\/\/www.colindres.es\/#\/schema\/person\/0225d0319539e212e866b144d841eafb\"},\"headline\":\"ACTA DE LA SESI\u00d3N ORDINARIA DE PLENO (celebrada el 19 de diciembre de 2019)\",\"datePublished\":\"2020-12-01T11:17:00+00:00\",\"dateModified\":\"2020-12-01T11:20:45+00:00\",\"mainEntityOfPage\":{\"@id\":\"https:\/\/www.colindres.es\/index.php\/2020\/12\/01\/acta-de-la-sesion-ordinaria-de-pleno-celebrada-el-19-de-diciembre-de-2019\/\"},\"wordCount\":392,\"commentCount\":0,\"publisher\":{\"@id\":\"https:\/\/www.colindres.es\/#organization\"},\"articleSection\":[\"Plenos\"],\"inLanguage\":\"es\",\"potentialAction\":[{\"@type\":\"CommentAction\",\"name\":\"Comment\",\"target\":[\"https:\/\/www.colindres.es\/index.php\/2020\/12\/01\/acta-de-la-sesion-ordinaria-de-pleno-celebrada-el-19-de-diciembre-de-2019\/#respond\"]}]},{\"@type\":\"WebPage\",\"@id\":\"https:\/\/www.colindres.es\/index.php\/2020\/12\/01\/acta-de-la-sesion-ordinaria-de-pleno-celebrada-el-19-de-diciembre-de-2019\/\",\"url\":\"https:\/\/www.colindres.es\/index.php\/2020\/12\/01\/acta-de-la-sesion-ordinaria-de-pleno-celebrada-el-19-de-diciembre-de-2019\/\",\"name\":\"ACTA DE LA SESI\u00d3N ORDINARIA DE PLENO (celebrada el 19 de diciembre de 2019) - Ayuntamiento de Colindres\",\"isPartOf\":{\"@id\":\"https:\/\/www.colindres.es\/#website\"},\"datePublished\":\"2020-12-01T11:17:00+00:00\",\"dateModified\":\"2020-12-01T11:20:45+00:00\",\"breadcrumb\":{\"@id\":\"https:\/\/www.colindres.es\/index.php\/2020\/12\/01\/acta-de-la-sesion-ordinaria-de-pleno-celebrada-el-19-de-diciembre-de-2019\/#breadcrumb\"},\"inLanguage\":\"es\",\"potentialAction\":[{\"@type\":\"ReadAction\",\"target\":[\"https:\/\/www.colindres.es\/index.php\/2020\/12\/01\/acta-de-la-sesion-ordinaria-de-pleno-celebrada-el-19-de-diciembre-de-2019\/\"]}]},{\"@type\":\"BreadcrumbList\",\"@id\":\"https:\/\/www.colindres.es\/index.php\/2020\/12\/01\/acta-de-la-sesion-ordinaria-de-pleno-celebrada-el-19-de-diciembre-de-2019\/#breadcrumb\",\"itemListElement\":[{\"@type\":\"ListItem\",\"position\":1,\"name\":\"Portada\",\"item\":\"https:\/\/www.colindres.es\/\"},{\"@type\":\"ListItem\",\"position\":2,\"name\":\"ACTA DE LA SESI\u00d3N ORDINARIA DE PLENO (celebrada el 19 de diciembre de 2019)\"}]},{\"@type\":\"WebSite\",\"@id\":\"https:\/\/www.colindres.es\/#website\",\"url\":\"https:\/\/www.colindres.es\/\",\"name\":\"Ayuntamiento de Colindres\",\"description\":\"Dise\u00f1ado por NTIC&#039;s\",\"publisher\":{\"@id\":\"https:\/\/www.colindres.es\/#organization\"},\"potentialAction\":[{\"@type\":\"SearchAction\",\"target\":{\"@type\":\"EntryPoint\",\"urlTemplate\":\"https:\/\/www.colindres.es\/?s={search_term_string}\"},\"query-input\":{\"@type\":\"PropertyValueSpecification\",\"valueRequired\":true,\"valueName\":\"search_term_string\"}}],\"inLanguage\":\"es\"},{\"@type\":\"Organization\",\"@id\":\"https:\/\/www.colindres.es\/#organization\",\"name\":\"AYUNTAMIENTO DE COLINDRES\",\"url\":\"https:\/\/www.colindres.es\/\",\"logo\":{\"@type\":\"ImageObject\",\"inLanguage\":\"es\",\"@id\":\"https:\/\/www.colindres.es\/#\/schema\/logo\/image\/\",\"url\":\"https:\/\/www.colindres.es\/wp-content\/uploads\/2017\/01\/LOGO-PRINCIPAL.jpg\",\"contentUrl\":\"https:\/\/www.colindres.es\/wp-content\/uploads\/2017\/01\/LOGO-PRINCIPAL.jpg\",\"width\":1209,\"height\":579,\"caption\":\"AYUNTAMIENTO DE COLINDRES\"},\"image\":{\"@id\":\"https:\/\/www.colindres.es\/#\/schema\/logo\/image\/\"}},{\"@type\":\"Person\",\"@id\":\"https:\/\/www.colindres.es\/#\/schema\/person\/0225d0319539e212e866b144d841eafb\",\"name\":\"Ignacio S\u00e1inz San Emeterio\",\"image\":{\"@type\":\"ImageObject\",\"inLanguage\":\"es\",\"@id\":\"https:\/\/www.colindres.es\/#\/schema\/person\/image\/\",\"url\":\"https:\/\/secure.gravatar.com\/avatar\/c35e3c2e7764c40bdaf5a44f84884669f6fdecc485d5842b7a4b1a9d0c53eed8?s=96&d=mm&r=g\",\"contentUrl\":\"https:\/\/secure.gravatar.com\/avatar\/c35e3c2e7764c40bdaf5a44f84884669f6fdecc485d5842b7a4b1a9d0c53eed8?s=96&d=mm&r=g\",\"caption\":\"Ignacio S\u00e1inz San Emeterio\"},\"description\":\"Responsable Departamento NTIC's - Ayuntamiento de Colindres\",\"sameAs\":[\"https:\/\/www.colindres.es\",\"https:\/\/es-la.facebook.com\/ayuntamiento.colindres\/\",\"https:\/\/x.com\/https:\/\/twitter.com\/aytocolindres?lang=es\"],\"url\":\"https:\/\/www.colindres.es\/index.php\/author\/colindres\/\"}]}<\/script>\n<!-- \/ Yoast SEO plugin. -->","yoast_head_json":{"title":"ACTA DE LA SESI\u00d3N ORDINARIA DE PLENO (celebrada el 19 de diciembre de 2019) - Ayuntamiento de Colindres","robots":{"index":"index","follow":"follow","max-snippet":"max-snippet:-1","max-image-preview":"max-image-preview:large","max-video-preview":"max-video-preview:-1"},"canonical":"https:\/\/www.colindres.es\/index.php\/2020\/12\/01\/acta-de-la-sesion-ordinaria-de-pleno-celebrada-el-19-de-diciembre-de-2019\/","og_locale":"es_ES","og_type":"article","og_title":"ACTA DE LA SESI\u00d3N ORDINARIA DE PLENO (celebrada el 19 de diciembre de 2019) - Ayuntamiento de Colindres","og_description":"En la Sala de Plenos del Ayuntamiento de Colindres (Cantabria), siendo las veinte horas y cinco minutos del d\u00eda 19 de diciembre de 2019, se re\u00fane el Pleno en primera convocatoria, bajo la Presidencia del Sr. Alcalde, D. JAVIER INCERA GOYENECHEA, con el objeto de celebrar sesi\u00f3n ordinaria convocada el d\u00eda de la fecha, y [&hellip;]","og_url":"https:\/\/www.colindres.es\/index.php\/2020\/12\/01\/acta-de-la-sesion-ordinaria-de-pleno-celebrada-el-19-de-diciembre-de-2019\/","og_site_name":"Ayuntamiento de Colindres","article_author":"https:\/\/es-la.facebook.com\/ayuntamiento.colindres\/","article_published_time":"2020-12-01T11:17:00+00:00","article_modified_time":"2020-12-01T11:20:45+00:00","author":"Ignacio S\u00e1inz San Emeterio","twitter_card":"summary_large_image","twitter_creator":"@https:\/\/twitter.com\/aytocolindres?lang=es","twitter_misc":{"Escrito por":"Ignacio S\u00e1inz San Emeterio","Tiempo de lectura":"2 minutos"},"schema":{"@context":"https:\/\/schema.org","@graph":[{"@type":"Article","@id":"https:\/\/www.colindres.es\/index.php\/2020\/12\/01\/acta-de-la-sesion-ordinaria-de-pleno-celebrada-el-19-de-diciembre-de-2019\/#article","isPartOf":{"@id":"https:\/\/www.colindres.es\/index.php\/2020\/12\/01\/acta-de-la-sesion-ordinaria-de-pleno-celebrada-el-19-de-diciembre-de-2019\/"},"author":{"name":"Ignacio S\u00e1inz San Emeterio","@id":"https:\/\/www.colindres.es\/#\/schema\/person\/0225d0319539e212e866b144d841eafb"},"headline":"ACTA DE LA SESI\u00d3N ORDINARIA DE PLENO (celebrada el 19 de diciembre de 2019)","datePublished":"2020-12-01T11:17:00+00:00","dateModified":"2020-12-01T11:20:45+00:00","mainEntityOfPage":{"@id":"https:\/\/www.colindres.es\/index.php\/2020\/12\/01\/acta-de-la-sesion-ordinaria-de-pleno-celebrada-el-19-de-diciembre-de-2019\/"},"wordCount":392,"commentCount":0,"publisher":{"@id":"https:\/\/www.colindres.es\/#organization"},"articleSection":["Plenos"],"inLanguage":"es","potentialAction":[{"@type":"CommentAction","name":"Comment","target":["https:\/\/www.colindres.es\/index.php\/2020\/12\/01\/acta-de-la-sesion-ordinaria-de-pleno-celebrada-el-19-de-diciembre-de-2019\/#respond"]}]},{"@type":"WebPage","@id":"https:\/\/www.colindres.es\/index.php\/2020\/12\/01\/acta-de-la-sesion-ordinaria-de-pleno-celebrada-el-19-de-diciembre-de-2019\/","url":"https:\/\/www.colindres.es\/index.php\/2020\/12\/01\/acta-de-la-sesion-ordinaria-de-pleno-celebrada-el-19-de-diciembre-de-2019\/","name":"ACTA DE LA SESI\u00d3N ORDINARIA DE PLENO (celebrada el 19 de diciembre de 2019) - Ayuntamiento de Colindres","isPartOf":{"@id":"https:\/\/www.colindres.es\/#website"},"datePublished":"2020-12-01T11:17:00+00:00","dateModified":"2020-12-01T11:20:45+00:00","breadcrumb":{"@id":"https:\/\/www.colindres.es\/index.php\/2020\/12\/01\/acta-de-la-sesion-ordinaria-de-pleno-celebrada-el-19-de-diciembre-de-2019\/#breadcrumb"},"inLanguage":"es","potentialAction":[{"@type":"ReadAction","target":["https:\/\/www.colindres.es\/index.php\/2020\/12\/01\/acta-de-la-sesion-ordinaria-de-pleno-celebrada-el-19-de-diciembre-de-2019\/"]}]},{"@type":"BreadcrumbList","@id":"https:\/\/www.colindres.es\/index.php\/2020\/12\/01\/acta-de-la-sesion-ordinaria-de-pleno-celebrada-el-19-de-diciembre-de-2019\/#breadcrumb","itemListElement":[{"@type":"ListItem","position":1,"name":"Portada","item":"https:\/\/www.colindres.es\/"},{"@type":"ListItem","position":2,"name":"ACTA DE LA SESI\u00d3N ORDINARIA DE PLENO (celebrada el 19 de diciembre de 2019)"}]},{"@type":"WebSite","@id":"https:\/\/www.colindres.es\/#website","url":"https:\/\/www.colindres.es\/","name":"Ayuntamiento de Colindres","description":"Dise\u00f1ado por NTIC&#039;s","publisher":{"@id":"https:\/\/www.colindres.es\/#organization"},"potentialAction":[{"@type":"SearchAction","target":{"@type":"EntryPoint","urlTemplate":"https:\/\/www.colindres.es\/?s={search_term_string}"},"query-input":{"@type":"PropertyValueSpecification","valueRequired":true,"valueName":"search_term_string"}}],"inLanguage":"es"},{"@type":"Organization","@id":"https:\/\/www.colindres.es\/#organization","name":"AYUNTAMIENTO DE COLINDRES","url":"https:\/\/www.colindres.es\/","logo":{"@type":"ImageObject","inLanguage":"es","@id":"https:\/\/www.colindres.es\/#\/schema\/logo\/image\/","url":"https:\/\/www.colindres.es\/wp-content\/uploads\/2017\/01\/LOGO-PRINCIPAL.jpg","contentUrl":"https:\/\/www.colindres.es\/wp-content\/uploads\/2017\/01\/LOGO-PRINCIPAL.jpg","width":1209,"height":579,"caption":"AYUNTAMIENTO DE COLINDRES"},"image":{"@id":"https:\/\/www.colindres.es\/#\/schema\/logo\/image\/"}},{"@type":"Person","@id":"https:\/\/www.colindres.es\/#\/schema\/person\/0225d0319539e212e866b144d841eafb","name":"Ignacio S\u00e1inz San Emeterio","image":{"@type":"ImageObject","inLanguage":"es","@id":"https:\/\/www.colindres.es\/#\/schema\/person\/image\/","url":"https:\/\/secure.gravatar.com\/avatar\/c35e3c2e7764c40bdaf5a44f84884669f6fdecc485d5842b7a4b1a9d0c53eed8?s=96&d=mm&r=g","contentUrl":"https:\/\/secure.gravatar.com\/avatar\/c35e3c2e7764c40bdaf5a44f84884669f6fdecc485d5842b7a4b1a9d0c53eed8?s=96&d=mm&r=g","caption":"Ignacio S\u00e1inz San Emeterio"},"description":"Responsable Departamento NTIC's - Ayuntamiento de Colindres","sameAs":["https:\/\/www.colindres.es","https:\/\/es-la.facebook.com\/ayuntamiento.colindres\/","https:\/\/x.com\/https:\/\/twitter.com\/aytocolindres?lang=es"],"url":"https:\/\/www.colindres.es\/index.php\/author\/colindres\/"}]}},"_links":{"self":[{"href":"https:\/\/www.colindres.es\/index.php\/wp-json\/wp\/v2\/posts\/16044","targetHints":{"allow":["GET"]}}],"collection":[{"href":"https:\/\/www.colindres.es\/index.php\/wp-json\/wp\/v2\/posts"}],"about":[{"href":"https:\/\/www.colindres.es\/index.php\/wp-json\/wp\/v2\/types\/post"}],"author":[{"embeddable":true,"href":"https:\/\/www.colindres.es\/index.php\/wp-json\/wp\/v2\/users\/1"}],"replies":[{"embeddable":true,"href":"https:\/\/www.colindres.es\/index.php\/wp-json\/wp\/v2\/comments?post=16044"}],"version-history":[{"count":2,"href":"https:\/\/www.colindres.es\/index.php\/wp-json\/wp\/v2\/posts\/16044\/revisions"}],"predecessor-version":[{"id":16049,"href":"https:\/\/www.colindres.es\/index.php\/wp-json\/wp\/v2\/posts\/16044\/revisions\/16049"}],"wp:attachment":[{"href":"https:\/\/www.colindres.es\/index.php\/wp-json\/wp\/v2\/media?parent=16044"}],"wp:term":[{"taxonomy":"category","embeddable":true,"href":"https:\/\/www.colindres.es\/index.php\/wp-json\/wp\/v2\/categories?post=16044"},{"taxonomy":"post_tag","embeddable":true,"href":"https:\/\/www.colindres.es\/index.php\/wp-json\/wp\/v2\/tags?post=16044"}],"curies":[{"name":"wp","href":"https:\/\/api.w.org\/{rel}","templated":true}]}}