{"id":16023,"date":"2020-12-01T09:19:16","date_gmt":"2020-12-01T08:19:16","guid":{"rendered":"https:\/\/www.colindres.es\/?p=16023"},"modified":"2020-12-01T09:19:16","modified_gmt":"2020-12-01T08:19:16","slug":"acta-de-la-sesion-ordinaria-de-pleno-celebrada-el-3-de-octubre-de-2019","status":"publish","type":"post","link":"https:\/\/www.colindres.es\/index.php\/2020\/12\/01\/acta-de-la-sesion-ordinaria-de-pleno-celebrada-el-3-de-octubre-de-2019\/","title":{"rendered":"ACTA DE LA SESI\u00d3N ORDINARIA DE PLENO (celebrada el 3 de octubre de 2019)"},"content":{"rendered":"<p>En la Sala de Plenos del Ayuntamiento de Colindres (Cantabria), siendo las veinte horas y cinco minutos del d\u00eda <strong>3 de octubre de 2019<\/strong>, se re\u00fane el Pleno en primera convocatoria, bajo la Presidencia del Sr. Alcalde, D. JAVIER INCERA GOYENECHEA, con el objeto de celebrar sesi\u00f3n ordinaria convocada el d\u00eda de la fecha, y para la que fueron previamente citados.<\/p>\n<p><strong>ASISTENTES:<\/strong><\/p>\n<p><strong>PRESIDENTE<\/strong>:<\/p>\n<p>Sr. Alcalde-Presidente<\/p>\n<ul>\n<li>JAVIER INCERA GOYENECHEA<\/li>\n<\/ul>\n<p><strong>CONCEJALES\/AS<\/strong>:<\/p>\n<ul>\n<li>D\u00d1A. MARIA EUGENIA CASTA\u00d1EDA ARRASATE<\/li>\n<li>ADRI\u00c1N SETIEN EXP\u00d3SITO<\/li>\n<li>D\u00d1A. SARAY VILLAL\u00d3N FERN\u00c1NDEZ<\/li>\n<li>FRANCISCO JAVIER MART\u00cdN SOLAR<\/li>\n<li>D\u00d1A. ARACELI AYESA ESCALANTE<\/li>\n<li>ALBERTO ECHEVARRIA ORTIZ<\/li>\n<li>D\u00d1A. MAR\u00cdA YOLANDA ARCE GUTI\u00c9RREZ<\/li>\n<li>JULIO C\u00c9SAR PAZ CONDE<\/li>\n<li>D\u00d1A. MONICA NAVASCUEZ BLANCO<\/li>\n<li>C\u00c9SAR PERAL DIEZ<\/li>\n<li>D\u00d1A. MARIA CRISTINA ITURGAIZ \u00c1NGULO<\/li>\n<li>ANTONIO P\u00c9REZ G\u00d3MEZ<\/li>\n<\/ul>\n<p><strong>SECRETARIA: <\/strong>D\u00f1a. Paula Albors Ferrero, Secretaria del Ayuntamiento.<\/p>\n<p><strong>INTERVENTOR:<\/strong> D. Jos\u00e9 Ignacio S\u00e1nchez Mart\u00ednez, Interventor del Ayuntamiento.<\/p>\n<p>La Presidencia, tras comprobar en los t\u00e9rminos expuestos que se da el qu\u00f3rum legalmente exigido por el art\u00edculo 46.2 c) de la Ley 7\/1985, de 2 de abril, Reguladora de las Bases de R\u00e9gimen Local, para la v\u00e1lida celebraci\u00f3n de las sesiones de Pleno, declara abierta \u00e9sta, pas\u00e1ndose al estudio de los asuntos incluidos en el orden del d\u00eda de la convocatoria.<\/p>\n<p><strong><u>Parte dispositiva<\/u><\/strong><\/p>\n<ul>\n<li><strong>1.- Aprobaci\u00f3n Festivos Locales 2020<\/strong><\/li>\n<li><strong>2.- Aprobaci\u00f3n concesi\u00f3n Medallas Polic\u00eda Local 2019<\/strong><\/li>\n<li><strong>3.- Aprobaci\u00f3n certificaci\u00f3n n\u00ba: 3 y final del contrato de obra: Rehabilitaci\u00f3n de fachadas en edificio servicios municipales<\/strong><\/li>\n<li><strong>4.- Aprobaci\u00f3n Plan Econ\u00f3mico Financiero per\u00edodo 2019\/2020<\/strong><\/li>\n<li><strong>5.- Aprobaci\u00f3n liquidaci\u00f3n contrato gesti\u00f3n instalaciones deportivas<\/strong><\/li>\n<li><strong>6.- Aprobaci\u00f3n reconocimiento extrajudicial cr\u00e9ditos 2\/2019<\/strong><\/li>\n<li><strong>7.- Aprobaci\u00f3n acuerdo sobre nombramiento representaci\u00f3n de las Corporaciones Locales en el Consejo Territorial de la Propiedad Inmobiliaria de Cantabria<\/strong><\/li>\n<li><strong>8.- Aprobaci\u00f3n delegaci\u00f3n en la Junta de Gobierno Local de la competencia de establecimiento y modificaci\u00f3n de los precios p\u00fablicos<\/strong><\/li>\n<li><strong>9.- Proposici\u00f3n de Alcald\u00eda relativa a propuesta de modificaci\u00f3n de la Ordenanza reguladora de acceso y funcionamiento del vivero de empresas nido de SERJUCO<\/strong><\/li>\n<li><strong>10.- Proposici\u00f3n de Alcald\u00eda relativa a EMC 12\/2019: transferencia de cr\u00e9dito.<\/strong><\/li>\n<li><strong>11.- Moci\u00f3n grupo municipal PP relativa a obras del IES (registro de entrada n\u00ba: 2328)<\/strong><\/li>\n<li><strong>12.- Moci\u00f3n grupo municipal PP relativa a incremento efectivos Guardia Civil (registro de entrada n\u00ba: 4982)<\/strong><\/li>\n<li><strong>13.- Moci\u00f3n grupo municipal PP relativa a implantaci\u00f3n de Punto Limpio (registro de entrada n\u00ba: 4983)<\/strong><\/li>\n<li><strong>14.- Moci\u00f3n grupo municipal PP relativa a aprobaci\u00f3n de Reglamento Org\u00e1nico Municipal (registro de entrada n\u00ba: 5256)<\/strong><\/li>\n<li><strong>15.- Moci\u00f3n grupo municipal PSOE y PRC relativa a declaraci\u00f3n emergencia clim\u00e1tica (registro de entrada n\u00ba: 5287)<\/strong><\/li>\n<\/ul>\n<p><strong><u>Parte de control y fiscalizaci\u00f3n<\/u><\/strong><strong>.<\/strong><\/p>\n<ul>\n<li><strong>1.- Daci\u00f3n de cuenta de Decretos de Alcald\u00eda: del 265\/2019 al 580\/2019<\/strong><\/li>\n<li><strong>2.- Daci\u00f3n de cuenta de informe trimestral (2\u00ba T) relativo al Per\u00edodo Medio de Pago (PMP)<\/strong><\/li>\n<li><strong>3.- Daci\u00f3n de cuenta de informe trimestral (2\u00ba T) relativo a ejecuci\u00f3n trimestral del Presupuesto<\/strong><\/li>\n<li><strong>4.- Ruegos y Preguntas<\/strong><\/li>\n<\/ul>\n<p><a href=\"https:\/\/www.colindres.es\/wp-content\/uploads\/2020\/12\/11-03.10.2019-APROBADA.pdf\">Descargue aqu\u00ed el acta en formato pdf del pleno 11 &#8211; 03.10.2019 APROBADA<\/a><\/p>\n","protected":false},"excerpt":{"rendered":"<p>En la Sala de Plenos del Ayuntamiento de Colindres (Cantabria), siendo las veinte horas y cinco minutos del d\u00eda 3 de octubre de 2019, se re\u00fane el Pleno en primera convocatoria, bajo la Presidencia del Sr. Alcalde, D. JAVIER INCERA GOYENECHEA, con el objeto de celebrar sesi\u00f3n ordinaria convocada el d\u00eda de la fecha, y [&hellip;]<\/p>\n","protected":false},"author":1,"featured_media":0,"comment_status":"open","ping_status":"closed","sticky":false,"template":"","format":"standard","meta":{"_et_pb_use_builder":"","_et_pb_old_content":"","_et_gb_content_width":"","footnotes":""},"categories":[5],"tags":[],"class_list":["post-16023","post","type-post","status-publish","format-standard","hentry","category-plenos"],"yoast_head":"<!-- This site is optimized with the Yoast SEO plugin v24.9 - https:\/\/yoast.com\/wordpress\/plugins\/seo\/ -->\n<title>ACTA DE LA SESI\u00d3N ORDINARIA DE PLENO (celebrada el 3 de octubre de 2019) - Ayuntamiento de Colindres<\/title>\n<meta name=\"robots\" content=\"index, follow, max-snippet:-1, max-image-preview:large, max-video-preview:-1\" \/>\n<link rel=\"canonical\" href=\"https:\/\/www.colindres.es\/index.php\/2020\/12\/01\/acta-de-la-sesion-ordinaria-de-pleno-celebrada-el-3-de-octubre-de-2019\/\" \/>\n<meta property=\"og:locale\" content=\"es_ES\" \/>\n<meta property=\"og:type\" content=\"article\" \/>\n<meta property=\"og:title\" content=\"ACTA DE LA SESI\u00d3N ORDINARIA DE PLENO (celebrada el 3 de octubre de 2019) - Ayuntamiento de Colindres\" \/>\n<meta property=\"og:description\" content=\"En la Sala de Plenos del Ayuntamiento de Colindres (Cantabria), siendo las veinte horas y cinco minutos del d\u00eda 3 de octubre de 2019, se re\u00fane el Pleno en primera convocatoria, bajo la Presidencia del Sr. Alcalde, D. JAVIER INCERA GOYENECHEA, con el objeto de celebrar sesi\u00f3n ordinaria convocada el d\u00eda de la fecha, y [&hellip;]\" \/>\n<meta property=\"og:url\" content=\"https:\/\/www.colindres.es\/index.php\/2020\/12\/01\/acta-de-la-sesion-ordinaria-de-pleno-celebrada-el-3-de-octubre-de-2019\/\" \/>\n<meta property=\"og:site_name\" content=\"Ayuntamiento de Colindres\" \/>\n<meta property=\"article:author\" content=\"https:\/\/es-la.facebook.com\/ayuntamiento.colindres\/\" \/>\n<meta property=\"article:published_time\" content=\"2020-12-01T08:19:16+00:00\" \/>\n<meta name=\"author\" content=\"Ignacio S\u00e1inz San Emeterio\" \/>\n<meta name=\"twitter:card\" content=\"summary_large_image\" \/>\n<meta name=\"twitter:creator\" content=\"@https:\/\/twitter.com\/aytocolindres?lang=es\" \/>\n<meta name=\"twitter:label1\" content=\"Escrito por\" \/>\n\t<meta name=\"twitter:data1\" content=\"Ignacio S\u00e1inz San Emeterio\" \/>\n\t<meta name=\"twitter:label2\" content=\"Tiempo de lectura\" \/>\n\t<meta name=\"twitter:data2\" content=\"3 minutos\" \/>\n<script type=\"application\/ld+json\" class=\"yoast-schema-graph\">{\"@context\":\"https:\/\/schema.org\",\"@graph\":[{\"@type\":\"Article\",\"@id\":\"https:\/\/www.colindres.es\/index.php\/2020\/12\/01\/acta-de-la-sesion-ordinaria-de-pleno-celebrada-el-3-de-octubre-de-2019\/#article\",\"isPartOf\":{\"@id\":\"https:\/\/www.colindres.es\/index.php\/2020\/12\/01\/acta-de-la-sesion-ordinaria-de-pleno-celebrada-el-3-de-octubre-de-2019\/\"},\"author\":{\"name\":\"Ignacio S\u00e1inz San Emeterio\",\"@id\":\"https:\/\/www.colindres.es\/#\/schema\/person\/0225d0319539e212e866b144d841eafb\"},\"headline\":\"ACTA DE LA SESI\u00d3N ORDINARIA DE PLENO (celebrada el 3 de octubre de 2019)\",\"datePublished\":\"2020-12-01T08:19:16+00:00\",\"mainEntityOfPage\":{\"@id\":\"https:\/\/www.colindres.es\/index.php\/2020\/12\/01\/acta-de-la-sesion-ordinaria-de-pleno-celebrada-el-3-de-octubre-de-2019\/\"},\"wordCount\":537,\"commentCount\":0,\"publisher\":{\"@id\":\"https:\/\/www.colindres.es\/#organization\"},\"articleSection\":[\"Plenos\"],\"inLanguage\":\"es\",\"potentialAction\":[{\"@type\":\"CommentAction\",\"name\":\"Comment\",\"target\":[\"https:\/\/www.colindres.es\/index.php\/2020\/12\/01\/acta-de-la-sesion-ordinaria-de-pleno-celebrada-el-3-de-octubre-de-2019\/#respond\"]}]},{\"@type\":\"WebPage\",\"@id\":\"https:\/\/www.colindres.es\/index.php\/2020\/12\/01\/acta-de-la-sesion-ordinaria-de-pleno-celebrada-el-3-de-octubre-de-2019\/\",\"url\":\"https:\/\/www.colindres.es\/index.php\/2020\/12\/01\/acta-de-la-sesion-ordinaria-de-pleno-celebrada-el-3-de-octubre-de-2019\/\",\"name\":\"ACTA DE LA SESI\u00d3N ORDINARIA DE PLENO (celebrada el 3 de octubre de 2019) - Ayuntamiento de Colindres\",\"isPartOf\":{\"@id\":\"https:\/\/www.colindres.es\/#website\"},\"datePublished\":\"2020-12-01T08:19:16+00:00\",\"breadcrumb\":{\"@id\":\"https:\/\/www.colindres.es\/index.php\/2020\/12\/01\/acta-de-la-sesion-ordinaria-de-pleno-celebrada-el-3-de-octubre-de-2019\/#breadcrumb\"},\"inLanguage\":\"es\",\"potentialAction\":[{\"@type\":\"ReadAction\",\"target\":[\"https:\/\/www.colindres.es\/index.php\/2020\/12\/01\/acta-de-la-sesion-ordinaria-de-pleno-celebrada-el-3-de-octubre-de-2019\/\"]}]},{\"@type\":\"BreadcrumbList\",\"@id\":\"https:\/\/www.colindres.es\/index.php\/2020\/12\/01\/acta-de-la-sesion-ordinaria-de-pleno-celebrada-el-3-de-octubre-de-2019\/#breadcrumb\",\"itemListElement\":[{\"@type\":\"ListItem\",\"position\":1,\"name\":\"Portada\",\"item\":\"https:\/\/www.colindres.es\/\"},{\"@type\":\"ListItem\",\"position\":2,\"name\":\"ACTA DE LA SESI\u00d3N ORDINARIA DE PLENO (celebrada el 3 de octubre de 2019)\"}]},{\"@type\":\"WebSite\",\"@id\":\"https:\/\/www.colindres.es\/#website\",\"url\":\"https:\/\/www.colindres.es\/\",\"name\":\"Ayuntamiento de Colindres\",\"description\":\"Dise\u00f1ado por NTIC&#039;s\",\"publisher\":{\"@id\":\"https:\/\/www.colindres.es\/#organization\"},\"potentialAction\":[{\"@type\":\"SearchAction\",\"target\":{\"@type\":\"EntryPoint\",\"urlTemplate\":\"https:\/\/www.colindres.es\/?s={search_term_string}\"},\"query-input\":{\"@type\":\"PropertyValueSpecification\",\"valueRequired\":true,\"valueName\":\"search_term_string\"}}],\"inLanguage\":\"es\"},{\"@type\":\"Organization\",\"@id\":\"https:\/\/www.colindres.es\/#organization\",\"name\":\"AYUNTAMIENTO DE COLINDRES\",\"url\":\"https:\/\/www.colindres.es\/\",\"logo\":{\"@type\":\"ImageObject\",\"inLanguage\":\"es\",\"@id\":\"https:\/\/www.colindres.es\/#\/schema\/logo\/image\/\",\"url\":\"https:\/\/www.colindres.es\/wp-content\/uploads\/2017\/01\/LOGO-PRINCIPAL.jpg\",\"contentUrl\":\"https:\/\/www.colindres.es\/wp-content\/uploads\/2017\/01\/LOGO-PRINCIPAL.jpg\",\"width\":1209,\"height\":579,\"caption\":\"AYUNTAMIENTO DE COLINDRES\"},\"image\":{\"@id\":\"https:\/\/www.colindres.es\/#\/schema\/logo\/image\/\"}},{\"@type\":\"Person\",\"@id\":\"https:\/\/www.colindres.es\/#\/schema\/person\/0225d0319539e212e866b144d841eafb\",\"name\":\"Ignacio S\u00e1inz San Emeterio\",\"image\":{\"@type\":\"ImageObject\",\"inLanguage\":\"es\",\"@id\":\"https:\/\/www.colindres.es\/#\/schema\/person\/image\/\",\"url\":\"https:\/\/secure.gravatar.com\/avatar\/c35e3c2e7764c40bdaf5a44f84884669f6fdecc485d5842b7a4b1a9d0c53eed8?s=96&d=mm&r=g\",\"contentUrl\":\"https:\/\/secure.gravatar.com\/avatar\/c35e3c2e7764c40bdaf5a44f84884669f6fdecc485d5842b7a4b1a9d0c53eed8?s=96&d=mm&r=g\",\"caption\":\"Ignacio S\u00e1inz San Emeterio\"},\"description\":\"Responsable Departamento NTIC's - Ayuntamiento de Colindres\",\"sameAs\":[\"https:\/\/www.colindres.es\",\"https:\/\/es-la.facebook.com\/ayuntamiento.colindres\/\",\"https:\/\/x.com\/https:\/\/twitter.com\/aytocolindres?lang=es\"],\"url\":\"https:\/\/www.colindres.es\/index.php\/author\/colindres\/\"}]}<\/script>\n<!-- \/ Yoast SEO plugin. -->","yoast_head_json":{"title":"ACTA DE LA SESI\u00d3N ORDINARIA DE PLENO (celebrada el 3 de octubre de 2019) - Ayuntamiento de Colindres","robots":{"index":"index","follow":"follow","max-snippet":"max-snippet:-1","max-image-preview":"max-image-preview:large","max-video-preview":"max-video-preview:-1"},"canonical":"https:\/\/www.colindres.es\/index.php\/2020\/12\/01\/acta-de-la-sesion-ordinaria-de-pleno-celebrada-el-3-de-octubre-de-2019\/","og_locale":"es_ES","og_type":"article","og_title":"ACTA DE LA SESI\u00d3N ORDINARIA DE PLENO (celebrada el 3 de octubre de 2019) - Ayuntamiento de Colindres","og_description":"En la Sala de Plenos del Ayuntamiento de Colindres (Cantabria), siendo las veinte horas y cinco minutos del d\u00eda 3 de octubre de 2019, se re\u00fane el Pleno en primera convocatoria, bajo la Presidencia del Sr. Alcalde, D. JAVIER INCERA GOYENECHEA, con el objeto de celebrar sesi\u00f3n ordinaria convocada el d\u00eda de la fecha, y [&hellip;]","og_url":"https:\/\/www.colindres.es\/index.php\/2020\/12\/01\/acta-de-la-sesion-ordinaria-de-pleno-celebrada-el-3-de-octubre-de-2019\/","og_site_name":"Ayuntamiento de Colindres","article_author":"https:\/\/es-la.facebook.com\/ayuntamiento.colindres\/","article_published_time":"2020-12-01T08:19:16+00:00","author":"Ignacio S\u00e1inz San Emeterio","twitter_card":"summary_large_image","twitter_creator":"@https:\/\/twitter.com\/aytocolindres?lang=es","twitter_misc":{"Escrito por":"Ignacio S\u00e1inz San Emeterio","Tiempo de lectura":"3 minutos"},"schema":{"@context":"https:\/\/schema.org","@graph":[{"@type":"Article","@id":"https:\/\/www.colindres.es\/index.php\/2020\/12\/01\/acta-de-la-sesion-ordinaria-de-pleno-celebrada-el-3-de-octubre-de-2019\/#article","isPartOf":{"@id":"https:\/\/www.colindres.es\/index.php\/2020\/12\/01\/acta-de-la-sesion-ordinaria-de-pleno-celebrada-el-3-de-octubre-de-2019\/"},"author":{"name":"Ignacio S\u00e1inz San Emeterio","@id":"https:\/\/www.colindres.es\/#\/schema\/person\/0225d0319539e212e866b144d841eafb"},"headline":"ACTA DE LA SESI\u00d3N ORDINARIA DE PLENO (celebrada el 3 de octubre de 2019)","datePublished":"2020-12-01T08:19:16+00:00","mainEntityOfPage":{"@id":"https:\/\/www.colindres.es\/index.php\/2020\/12\/01\/acta-de-la-sesion-ordinaria-de-pleno-celebrada-el-3-de-octubre-de-2019\/"},"wordCount":537,"commentCount":0,"publisher":{"@id":"https:\/\/www.colindres.es\/#organization"},"articleSection":["Plenos"],"inLanguage":"es","potentialAction":[{"@type":"CommentAction","name":"Comment","target":["https:\/\/www.colindres.es\/index.php\/2020\/12\/01\/acta-de-la-sesion-ordinaria-de-pleno-celebrada-el-3-de-octubre-de-2019\/#respond"]}]},{"@type":"WebPage","@id":"https:\/\/www.colindres.es\/index.php\/2020\/12\/01\/acta-de-la-sesion-ordinaria-de-pleno-celebrada-el-3-de-octubre-de-2019\/","url":"https:\/\/www.colindres.es\/index.php\/2020\/12\/01\/acta-de-la-sesion-ordinaria-de-pleno-celebrada-el-3-de-octubre-de-2019\/","name":"ACTA DE LA SESI\u00d3N ORDINARIA DE PLENO (celebrada el 3 de octubre de 2019) - Ayuntamiento de Colindres","isPartOf":{"@id":"https:\/\/www.colindres.es\/#website"},"datePublished":"2020-12-01T08:19:16+00:00","breadcrumb":{"@id":"https:\/\/www.colindres.es\/index.php\/2020\/12\/01\/acta-de-la-sesion-ordinaria-de-pleno-celebrada-el-3-de-octubre-de-2019\/#breadcrumb"},"inLanguage":"es","potentialAction":[{"@type":"ReadAction","target":["https:\/\/www.colindres.es\/index.php\/2020\/12\/01\/acta-de-la-sesion-ordinaria-de-pleno-celebrada-el-3-de-octubre-de-2019\/"]}]},{"@type":"BreadcrumbList","@id":"https:\/\/www.colindres.es\/index.php\/2020\/12\/01\/acta-de-la-sesion-ordinaria-de-pleno-celebrada-el-3-de-octubre-de-2019\/#breadcrumb","itemListElement":[{"@type":"ListItem","position":1,"name":"Portada","item":"https:\/\/www.colindres.es\/"},{"@type":"ListItem","position":2,"name":"ACTA DE LA SESI\u00d3N ORDINARIA DE PLENO (celebrada el 3 de octubre de 2019)"}]},{"@type":"WebSite","@id":"https:\/\/www.colindres.es\/#website","url":"https:\/\/www.colindres.es\/","name":"Ayuntamiento de Colindres","description":"Dise\u00f1ado por NTIC&#039;s","publisher":{"@id":"https:\/\/www.colindres.es\/#organization"},"potentialAction":[{"@type":"SearchAction","target":{"@type":"EntryPoint","urlTemplate":"https:\/\/www.colindres.es\/?s={search_term_string}"},"query-input":{"@type":"PropertyValueSpecification","valueRequired":true,"valueName":"search_term_string"}}],"inLanguage":"es"},{"@type":"Organization","@id":"https:\/\/www.colindres.es\/#organization","name":"AYUNTAMIENTO DE COLINDRES","url":"https:\/\/www.colindres.es\/","logo":{"@type":"ImageObject","inLanguage":"es","@id":"https:\/\/www.colindres.es\/#\/schema\/logo\/image\/","url":"https:\/\/www.colindres.es\/wp-content\/uploads\/2017\/01\/LOGO-PRINCIPAL.jpg","contentUrl":"https:\/\/www.colindres.es\/wp-content\/uploads\/2017\/01\/LOGO-PRINCIPAL.jpg","width":1209,"height":579,"caption":"AYUNTAMIENTO DE COLINDRES"},"image":{"@id":"https:\/\/www.colindres.es\/#\/schema\/logo\/image\/"}},{"@type":"Person","@id":"https:\/\/www.colindres.es\/#\/schema\/person\/0225d0319539e212e866b144d841eafb","name":"Ignacio S\u00e1inz San Emeterio","image":{"@type":"ImageObject","inLanguage":"es","@id":"https:\/\/www.colindres.es\/#\/schema\/person\/image\/","url":"https:\/\/secure.gravatar.com\/avatar\/c35e3c2e7764c40bdaf5a44f84884669f6fdecc485d5842b7a4b1a9d0c53eed8?s=96&d=mm&r=g","contentUrl":"https:\/\/secure.gravatar.com\/avatar\/c35e3c2e7764c40bdaf5a44f84884669f6fdecc485d5842b7a4b1a9d0c53eed8?s=96&d=mm&r=g","caption":"Ignacio S\u00e1inz San Emeterio"},"description":"Responsable Departamento NTIC's - Ayuntamiento de Colindres","sameAs":["https:\/\/www.colindres.es","https:\/\/es-la.facebook.com\/ayuntamiento.colindres\/","https:\/\/x.com\/https:\/\/twitter.com\/aytocolindres?lang=es"],"url":"https:\/\/www.colindres.es\/index.php\/author\/colindres\/"}]}},"_links":{"self":[{"href":"https:\/\/www.colindres.es\/index.php\/wp-json\/wp\/v2\/posts\/16023","targetHints":{"allow":["GET"]}}],"collection":[{"href":"https:\/\/www.colindres.es\/index.php\/wp-json\/wp\/v2\/posts"}],"about":[{"href":"https:\/\/www.colindres.es\/index.php\/wp-json\/wp\/v2\/types\/post"}],"author":[{"embeddable":true,"href":"https:\/\/www.colindres.es\/index.php\/wp-json\/wp\/v2\/users\/1"}],"replies":[{"embeddable":true,"href":"https:\/\/www.colindres.es\/index.php\/wp-json\/wp\/v2\/comments?post=16023"}],"version-history":[{"count":1,"href":"https:\/\/www.colindres.es\/index.php\/wp-json\/wp\/v2\/posts\/16023\/revisions"}],"predecessor-version":[{"id":16025,"href":"https:\/\/www.colindres.es\/index.php\/wp-json\/wp\/v2\/posts\/16023\/revisions\/16025"}],"wp:attachment":[{"href":"https:\/\/www.colindres.es\/index.php\/wp-json\/wp\/v2\/media?parent=16023"}],"wp:term":[{"taxonomy":"category","embeddable":true,"href":"https:\/\/www.colindres.es\/index.php\/wp-json\/wp\/v2\/categories?post=16023"},{"taxonomy":"post_tag","embeddable":true,"href":"https:\/\/www.colindres.es\/index.php\/wp-json\/wp\/v2\/tags?post=16023"}],"curies":[{"name":"wp","href":"https:\/\/api.w.org\/{rel}","templated":true}]}}