{"id":16018,"date":"2020-12-01T09:13:35","date_gmt":"2020-12-01T08:13:35","guid":{"rendered":"https:\/\/www.colindres.es\/?p=16018"},"modified":"2020-12-01T09:13:35","modified_gmt":"2020-12-01T08:13:35","slug":"acta-de-la-sesion-extraordinaria-de-pleno-celebrada-el-20-de-junio-de-2019","status":"publish","type":"post","link":"https:\/\/www.colindres.es\/index.php\/2020\/12\/01\/acta-de-la-sesion-extraordinaria-de-pleno-celebrada-el-20-de-junio-de-2019\/","title":{"rendered":"ACTA DE LA SESI\u00d3N EXTRAORDINARIA DE PLENO (celebrada el 20 de junio de 2019)"},"content":{"rendered":"<p>En la Sala de Plenos del Ayuntamiento de Colindres (Cantabria), siendo las catorce horas y cinco minutos del d\u00eda <strong>20 de junio de 2019<\/strong>, se re\u00fane el Pleno en primera convocatoria, bajo la Presidencia del Sr. Alcalde, D. JAVIER INCERA GOYENECHEA, con el objeto de celebrar sesi\u00f3n extraordinaria previamente convocada el d\u00eda de la fecha, para la que fueron previamente citados.<\/p>\n<p><strong>ASISTENTES:<\/strong><\/p>\n<p><strong>PRESIDENTE<\/strong>:<\/p>\n<p>Sr. Alcalde<\/p>\n<ul>\n<li>JAVIER INCERA GOYENECHEA<\/li>\n<\/ul>\n<p><strong>CONCEJALES\/AS<\/strong>:<\/p>\n<ul>\n<li>D\u00d1A. MARIA EUGENIA CASTA\u00d1EDA ARRASATE<\/li>\n<li>ADRI\u00c1N SETIEN EXP\u00d3SITO<\/li>\n<li>D\u00d1A. SARAY VILLAL\u00d3N FERN\u00c1NDEZ<\/li>\n<li>FRANCISCO JAVIER MART\u00cdN SOLAR<\/li>\n<li>D\u00d1A. ARACELI AYESA ESCALANTE<\/li>\n<li>ALBERTO ECHEVARR\u00cdA ORTIZ<\/li>\n<li>D\u00d1A. YOLANDA ARCE GUTI\u00c9RREZ<\/li>\n<li>JULIO C\u00c9SAR PAZ CONDE<\/li>\n<li>C\u00c9SAR PERAL DIEZ<\/li>\n<li>D\u00d1A. MARIA CRISTINA ITURGARIZ \u00c1NGULO<\/li>\n<li>ANTONIO P\u00c9REZ G\u00d3MEZ<\/li>\n<\/ul>\n<p><strong>SECRETARIA: <\/strong>D\u00f1a. Paula Albors Ferrero, Secretaria del Ayuntamiento.<\/p>\n<p><strong>INTERVENTOR:<\/strong> D. Jos\u00e9 Ignacio S\u00e1nchez Mart\u00ednez, Interventor del Ayuntamiento.<\/p>\n<p>La Presidencia, tras comprobar en los t\u00e9rminos expuestos que se da el qu\u00f3rum legalmente exigido por el art\u00edculo 46.2 c. de la Ley 7\/1985, de 2 de abril, Reguladora de las Bases de R\u00e9gimen Local, para la v\u00e1lida celebraci\u00f3n de las sesiones de Pleno, declara abierta \u00e9sta, pas\u00e1ndose al estudio de los asuntos incluidos en el orden del d\u00eda de la convocatoria.<\/p>\n<ul>\n<li><strong>1.-APROBACI\u00d3N DEL ACTA DE LA SESI\u00d3N ANTERIOR DE FECHA: 12\/06\/2019.<\/strong><\/li>\n<li><strong>2.-APROBACI\u00d3N DE LA PROPUESTA DE PERIODICIDAD DE LAS SESIONES PLENARIAS.<\/strong><\/li>\n<li><strong>3.-APROBACI\u00d3N DE LA PROPUESTA DE ASIGNACI\u00d3N A GRUPOS MUNICIPALES<\/strong><\/li>\n<li><strong>4.-APROBACI\u00d3N DE LA PROPUESTA DE RETRIBUCIONES POR ASISTENCIA A \u00d3RGANOS COLEGIADOS.<\/strong><\/li>\n<li><strong>5.-APROBACI\u00d3N DE LA PROPUESTA DE CONSTITUCI\u00d3N DE LAS COMISIONES INFORMATIVAS PERMANENTES.<\/strong><\/li>\n<li><strong>6.-APROBACI\u00d3N DE LA PROPUESTA DE NOMBRAMIENTO DE REPRESENTANTES EN \u00d3RGANOS COLEGIADOS.<\/strong><\/li>\n<li><strong>7.- APROBACI\u00d3N DE LA PROPUESTA DE CARGOS CON DEDICACI\u00d3N EXCLUSIVA Y PARCIAL.<\/strong><\/li>\n<li><strong>8.- APROBACI\u00d3N INICIAL EMC 8\/2019: TRANSFERENCIA DE CR\u00c9DITO ENTRE \u00c1REAS DE GASTO<\/strong><\/li>\n<li><strong>9.- DACI\u00d3N DE CUENTA DE LA CONSTITUCI\u00d3N DE LOS GRUPOS MUNICIPALES.<\/strong><\/li>\n<li><strong>10.-DACI\u00d3N DE CUENTA DE LOS SIGUIENTES DECRETOS DE ALCALD\u00cdA:<\/strong>\n<ul>\n<li><strong>\u00a0\u00a0\u00a0\u00a0\u00a0\u00a0 10.1.-NOMBRAMIENTO DE TENIENTES DE ALCALDE.<\/strong><\/li>\n<li><strong>\u00a0\u00a0\u00a0\u00a0\u00a0\u00a0 10.2.-FUNCIONES, COMPOSICI\u00d3N Y SESIONES DE LA JUNTA DE GOBIERNO LOCAL.<\/strong><\/li>\n<\/ul>\n<\/li>\n<\/ul>\n<p><a href=\"https:\/\/www.colindres.es\/wp-content\/uploads\/2020\/12\/10-ORGANIZATIVA-20.06.2019-APROBADA.pdf\">Descargue aqu\u00ed el acta en formato pdf del Pleno 10 &#8211; ORGANIZATIVA 20.06.2019 APROBADA<\/a><\/p>\n","protected":false},"excerpt":{"rendered":"<p>En la Sala de Plenos del Ayuntamiento de Colindres (Cantabria), siendo las catorce horas y cinco minutos del d\u00eda 20 de junio de 2019, se re\u00fane el Pleno en primera convocatoria, bajo la Presidencia del Sr. Alcalde, D. JAVIER INCERA GOYENECHEA, con el objeto de celebrar sesi\u00f3n extraordinaria previamente convocada el d\u00eda de la fecha, [&hellip;]<\/p>\n","protected":false},"author":1,"featured_media":0,"comment_status":"open","ping_status":"closed","sticky":false,"template":"","format":"standard","meta":{"_et_pb_use_builder":"","_et_pb_old_content":"","_et_gb_content_width":"","footnotes":""},"categories":[5],"tags":[],"class_list":["post-16018","post","type-post","status-publish","format-standard","hentry","category-plenos"],"yoast_head":"<!-- This site is optimized with the Yoast SEO plugin v24.9 - https:\/\/yoast.com\/wordpress\/plugins\/seo\/ -->\n<title>ACTA DE LA SESI\u00d3N EXTRAORDINARIA DE PLENO (celebrada el 20 de junio de 2019) - Ayuntamiento de Colindres<\/title>\n<meta name=\"robots\" content=\"index, follow, max-snippet:-1, max-image-preview:large, max-video-preview:-1\" \/>\n<link rel=\"canonical\" href=\"https:\/\/www.colindres.es\/index.php\/2020\/12\/01\/acta-de-la-sesion-extraordinaria-de-pleno-celebrada-el-20-de-junio-de-2019\/\" \/>\n<meta property=\"og:locale\" content=\"es_ES\" \/>\n<meta property=\"og:type\" content=\"article\" \/>\n<meta property=\"og:title\" content=\"ACTA DE LA SESI\u00d3N EXTRAORDINARIA DE PLENO (celebrada el 20 de junio de 2019) - Ayuntamiento de Colindres\" \/>\n<meta property=\"og:description\" content=\"En la Sala de Plenos del Ayuntamiento de Colindres (Cantabria), siendo las catorce horas y cinco minutos del d\u00eda 20 de junio de 2019, se re\u00fane el Pleno en primera convocatoria, bajo la Presidencia del Sr. Alcalde, D. JAVIER INCERA GOYENECHEA, con el objeto de celebrar sesi\u00f3n extraordinaria previamente convocada el d\u00eda de la fecha, [&hellip;]\" \/>\n<meta property=\"og:url\" content=\"https:\/\/www.colindres.es\/index.php\/2020\/12\/01\/acta-de-la-sesion-extraordinaria-de-pleno-celebrada-el-20-de-junio-de-2019\/\" \/>\n<meta property=\"og:site_name\" content=\"Ayuntamiento de Colindres\" \/>\n<meta property=\"article:author\" content=\"https:\/\/es-la.facebook.com\/ayuntamiento.colindres\/\" \/>\n<meta property=\"article:published_time\" content=\"2020-12-01T08:13:35+00:00\" \/>\n<meta name=\"author\" content=\"Ignacio S\u00e1inz San Emeterio\" \/>\n<meta name=\"twitter:card\" content=\"summary_large_image\" \/>\n<meta name=\"twitter:creator\" content=\"@https:\/\/twitter.com\/aytocolindres?lang=es\" \/>\n<meta name=\"twitter:label1\" content=\"Escrito por\" \/>\n\t<meta name=\"twitter:data1\" content=\"Ignacio S\u00e1inz San Emeterio\" \/>\n\t<meta name=\"twitter:label2\" content=\"Tiempo de lectura\" \/>\n\t<meta name=\"twitter:data2\" content=\"2 minutos\" \/>\n<script type=\"application\/ld+json\" class=\"yoast-schema-graph\">{\"@context\":\"https:\/\/schema.org\",\"@graph\":[{\"@type\":\"Article\",\"@id\":\"https:\/\/www.colindres.es\/index.php\/2020\/12\/01\/acta-de-la-sesion-extraordinaria-de-pleno-celebrada-el-20-de-junio-de-2019\/#article\",\"isPartOf\":{\"@id\":\"https:\/\/www.colindres.es\/index.php\/2020\/12\/01\/acta-de-la-sesion-extraordinaria-de-pleno-celebrada-el-20-de-junio-de-2019\/\"},\"author\":{\"name\":\"Ignacio S\u00e1inz San Emeterio\",\"@id\":\"https:\/\/www.colindres.es\/#\/schema\/person\/0225d0319539e212e866b144d841eafb\"},\"headline\":\"ACTA DE LA SESI\u00d3N EXTRAORDINARIA DE PLENO (celebrada el 20 de junio de 2019)\",\"datePublished\":\"2020-12-01T08:13:35+00:00\",\"mainEntityOfPage\":{\"@id\":\"https:\/\/www.colindres.es\/index.php\/2020\/12\/01\/acta-de-la-sesion-extraordinaria-de-pleno-celebrada-el-20-de-junio-de-2019\/\"},\"wordCount\":380,\"commentCount\":0,\"publisher\":{\"@id\":\"https:\/\/www.colindres.es\/#organization\"},\"articleSection\":[\"Plenos\"],\"inLanguage\":\"es\",\"potentialAction\":[{\"@type\":\"CommentAction\",\"name\":\"Comment\",\"target\":[\"https:\/\/www.colindres.es\/index.php\/2020\/12\/01\/acta-de-la-sesion-extraordinaria-de-pleno-celebrada-el-20-de-junio-de-2019\/#respond\"]}]},{\"@type\":\"WebPage\",\"@id\":\"https:\/\/www.colindres.es\/index.php\/2020\/12\/01\/acta-de-la-sesion-extraordinaria-de-pleno-celebrada-el-20-de-junio-de-2019\/\",\"url\":\"https:\/\/www.colindres.es\/index.php\/2020\/12\/01\/acta-de-la-sesion-extraordinaria-de-pleno-celebrada-el-20-de-junio-de-2019\/\",\"name\":\"ACTA DE LA SESI\u00d3N EXTRAORDINARIA DE PLENO (celebrada el 20 de junio de 2019) - Ayuntamiento de Colindres\",\"isPartOf\":{\"@id\":\"https:\/\/www.colindres.es\/#website\"},\"datePublished\":\"2020-12-01T08:13:35+00:00\",\"breadcrumb\":{\"@id\":\"https:\/\/www.colindres.es\/index.php\/2020\/12\/01\/acta-de-la-sesion-extraordinaria-de-pleno-celebrada-el-20-de-junio-de-2019\/#breadcrumb\"},\"inLanguage\":\"es\",\"potentialAction\":[{\"@type\":\"ReadAction\",\"target\":[\"https:\/\/www.colindres.es\/index.php\/2020\/12\/01\/acta-de-la-sesion-extraordinaria-de-pleno-celebrada-el-20-de-junio-de-2019\/\"]}]},{\"@type\":\"BreadcrumbList\",\"@id\":\"https:\/\/www.colindres.es\/index.php\/2020\/12\/01\/acta-de-la-sesion-extraordinaria-de-pleno-celebrada-el-20-de-junio-de-2019\/#breadcrumb\",\"itemListElement\":[{\"@type\":\"ListItem\",\"position\":1,\"name\":\"Portada\",\"item\":\"https:\/\/www.colindres.es\/\"},{\"@type\":\"ListItem\",\"position\":2,\"name\":\"ACTA DE LA SESI\u00d3N EXTRAORDINARIA DE PLENO (celebrada el 20 de junio de 2019)\"}]},{\"@type\":\"WebSite\",\"@id\":\"https:\/\/www.colindres.es\/#website\",\"url\":\"https:\/\/www.colindres.es\/\",\"name\":\"Ayuntamiento de Colindres\",\"description\":\"Dise\u00f1ado por NTIC&#039;s\",\"publisher\":{\"@id\":\"https:\/\/www.colindres.es\/#organization\"},\"potentialAction\":[{\"@type\":\"SearchAction\",\"target\":{\"@type\":\"EntryPoint\",\"urlTemplate\":\"https:\/\/www.colindres.es\/?s={search_term_string}\"},\"query-input\":{\"@type\":\"PropertyValueSpecification\",\"valueRequired\":true,\"valueName\":\"search_term_string\"}}],\"inLanguage\":\"es\"},{\"@type\":\"Organization\",\"@id\":\"https:\/\/www.colindres.es\/#organization\",\"name\":\"AYUNTAMIENTO DE COLINDRES\",\"url\":\"https:\/\/www.colindres.es\/\",\"logo\":{\"@type\":\"ImageObject\",\"inLanguage\":\"es\",\"@id\":\"https:\/\/www.colindres.es\/#\/schema\/logo\/image\/\",\"url\":\"https:\/\/www.colindres.es\/wp-content\/uploads\/2017\/01\/LOGO-PRINCIPAL.jpg\",\"contentUrl\":\"https:\/\/www.colindres.es\/wp-content\/uploads\/2017\/01\/LOGO-PRINCIPAL.jpg\",\"width\":1209,\"height\":579,\"caption\":\"AYUNTAMIENTO DE COLINDRES\"},\"image\":{\"@id\":\"https:\/\/www.colindres.es\/#\/schema\/logo\/image\/\"}},{\"@type\":\"Person\",\"@id\":\"https:\/\/www.colindres.es\/#\/schema\/person\/0225d0319539e212e866b144d841eafb\",\"name\":\"Ignacio S\u00e1inz San Emeterio\",\"image\":{\"@type\":\"ImageObject\",\"inLanguage\":\"es\",\"@id\":\"https:\/\/www.colindres.es\/#\/schema\/person\/image\/\",\"url\":\"https:\/\/secure.gravatar.com\/avatar\/c35e3c2e7764c40bdaf5a44f84884669f6fdecc485d5842b7a4b1a9d0c53eed8?s=96&d=mm&r=g\",\"contentUrl\":\"https:\/\/secure.gravatar.com\/avatar\/c35e3c2e7764c40bdaf5a44f84884669f6fdecc485d5842b7a4b1a9d0c53eed8?s=96&d=mm&r=g\",\"caption\":\"Ignacio S\u00e1inz San Emeterio\"},\"description\":\"Responsable Departamento NTIC's - Ayuntamiento de Colindres\",\"sameAs\":[\"https:\/\/www.colindres.es\",\"https:\/\/es-la.facebook.com\/ayuntamiento.colindres\/\",\"https:\/\/x.com\/https:\/\/twitter.com\/aytocolindres?lang=es\"],\"url\":\"https:\/\/www.colindres.es\/index.php\/author\/colindres\/\"}]}<\/script>\n<!-- \/ Yoast SEO plugin. -->","yoast_head_json":{"title":"ACTA DE LA SESI\u00d3N EXTRAORDINARIA DE PLENO (celebrada el 20 de junio de 2019) - Ayuntamiento de Colindres","robots":{"index":"index","follow":"follow","max-snippet":"max-snippet:-1","max-image-preview":"max-image-preview:large","max-video-preview":"max-video-preview:-1"},"canonical":"https:\/\/www.colindres.es\/index.php\/2020\/12\/01\/acta-de-la-sesion-extraordinaria-de-pleno-celebrada-el-20-de-junio-de-2019\/","og_locale":"es_ES","og_type":"article","og_title":"ACTA DE LA SESI\u00d3N EXTRAORDINARIA DE PLENO (celebrada el 20 de junio de 2019) - Ayuntamiento de Colindres","og_description":"En la Sala de Plenos del Ayuntamiento de Colindres (Cantabria), siendo las catorce horas y cinco minutos del d\u00eda 20 de junio de 2019, se re\u00fane el Pleno en primera convocatoria, bajo la Presidencia del Sr. Alcalde, D. JAVIER INCERA GOYENECHEA, con el objeto de celebrar sesi\u00f3n extraordinaria previamente convocada el d\u00eda de la fecha, [&hellip;]","og_url":"https:\/\/www.colindres.es\/index.php\/2020\/12\/01\/acta-de-la-sesion-extraordinaria-de-pleno-celebrada-el-20-de-junio-de-2019\/","og_site_name":"Ayuntamiento de Colindres","article_author":"https:\/\/es-la.facebook.com\/ayuntamiento.colindres\/","article_published_time":"2020-12-01T08:13:35+00:00","author":"Ignacio S\u00e1inz San Emeterio","twitter_card":"summary_large_image","twitter_creator":"@https:\/\/twitter.com\/aytocolindres?lang=es","twitter_misc":{"Escrito por":"Ignacio S\u00e1inz San Emeterio","Tiempo de lectura":"2 minutos"},"schema":{"@context":"https:\/\/schema.org","@graph":[{"@type":"Article","@id":"https:\/\/www.colindres.es\/index.php\/2020\/12\/01\/acta-de-la-sesion-extraordinaria-de-pleno-celebrada-el-20-de-junio-de-2019\/#article","isPartOf":{"@id":"https:\/\/www.colindres.es\/index.php\/2020\/12\/01\/acta-de-la-sesion-extraordinaria-de-pleno-celebrada-el-20-de-junio-de-2019\/"},"author":{"name":"Ignacio S\u00e1inz San Emeterio","@id":"https:\/\/www.colindres.es\/#\/schema\/person\/0225d0319539e212e866b144d841eafb"},"headline":"ACTA DE LA SESI\u00d3N EXTRAORDINARIA DE PLENO (celebrada el 20 de junio de 2019)","datePublished":"2020-12-01T08:13:35+00:00","mainEntityOfPage":{"@id":"https:\/\/www.colindres.es\/index.php\/2020\/12\/01\/acta-de-la-sesion-extraordinaria-de-pleno-celebrada-el-20-de-junio-de-2019\/"},"wordCount":380,"commentCount":0,"publisher":{"@id":"https:\/\/www.colindres.es\/#organization"},"articleSection":["Plenos"],"inLanguage":"es","potentialAction":[{"@type":"CommentAction","name":"Comment","target":["https:\/\/www.colindres.es\/index.php\/2020\/12\/01\/acta-de-la-sesion-extraordinaria-de-pleno-celebrada-el-20-de-junio-de-2019\/#respond"]}]},{"@type":"WebPage","@id":"https:\/\/www.colindres.es\/index.php\/2020\/12\/01\/acta-de-la-sesion-extraordinaria-de-pleno-celebrada-el-20-de-junio-de-2019\/","url":"https:\/\/www.colindres.es\/index.php\/2020\/12\/01\/acta-de-la-sesion-extraordinaria-de-pleno-celebrada-el-20-de-junio-de-2019\/","name":"ACTA DE LA SESI\u00d3N EXTRAORDINARIA DE PLENO (celebrada el 20 de junio de 2019) - Ayuntamiento de Colindres","isPartOf":{"@id":"https:\/\/www.colindres.es\/#website"},"datePublished":"2020-12-01T08:13:35+00:00","breadcrumb":{"@id":"https:\/\/www.colindres.es\/index.php\/2020\/12\/01\/acta-de-la-sesion-extraordinaria-de-pleno-celebrada-el-20-de-junio-de-2019\/#breadcrumb"},"inLanguage":"es","potentialAction":[{"@type":"ReadAction","target":["https:\/\/www.colindres.es\/index.php\/2020\/12\/01\/acta-de-la-sesion-extraordinaria-de-pleno-celebrada-el-20-de-junio-de-2019\/"]}]},{"@type":"BreadcrumbList","@id":"https:\/\/www.colindres.es\/index.php\/2020\/12\/01\/acta-de-la-sesion-extraordinaria-de-pleno-celebrada-el-20-de-junio-de-2019\/#breadcrumb","itemListElement":[{"@type":"ListItem","position":1,"name":"Portada","item":"https:\/\/www.colindres.es\/"},{"@type":"ListItem","position":2,"name":"ACTA DE LA SESI\u00d3N EXTRAORDINARIA DE PLENO (celebrada el 20 de junio de 2019)"}]},{"@type":"WebSite","@id":"https:\/\/www.colindres.es\/#website","url":"https:\/\/www.colindres.es\/","name":"Ayuntamiento de Colindres","description":"Dise\u00f1ado por NTIC&#039;s","publisher":{"@id":"https:\/\/www.colindres.es\/#organization"},"potentialAction":[{"@type":"SearchAction","target":{"@type":"EntryPoint","urlTemplate":"https:\/\/www.colindres.es\/?s={search_term_string}"},"query-input":{"@type":"PropertyValueSpecification","valueRequired":true,"valueName":"search_term_string"}}],"inLanguage":"es"},{"@type":"Organization","@id":"https:\/\/www.colindres.es\/#organization","name":"AYUNTAMIENTO DE COLINDRES","url":"https:\/\/www.colindres.es\/","logo":{"@type":"ImageObject","inLanguage":"es","@id":"https:\/\/www.colindres.es\/#\/schema\/logo\/image\/","url":"https:\/\/www.colindres.es\/wp-content\/uploads\/2017\/01\/LOGO-PRINCIPAL.jpg","contentUrl":"https:\/\/www.colindres.es\/wp-content\/uploads\/2017\/01\/LOGO-PRINCIPAL.jpg","width":1209,"height":579,"caption":"AYUNTAMIENTO DE COLINDRES"},"image":{"@id":"https:\/\/www.colindres.es\/#\/schema\/logo\/image\/"}},{"@type":"Person","@id":"https:\/\/www.colindres.es\/#\/schema\/person\/0225d0319539e212e866b144d841eafb","name":"Ignacio S\u00e1inz San Emeterio","image":{"@type":"ImageObject","inLanguage":"es","@id":"https:\/\/www.colindres.es\/#\/schema\/person\/image\/","url":"https:\/\/secure.gravatar.com\/avatar\/c35e3c2e7764c40bdaf5a44f84884669f6fdecc485d5842b7a4b1a9d0c53eed8?s=96&d=mm&r=g","contentUrl":"https:\/\/secure.gravatar.com\/avatar\/c35e3c2e7764c40bdaf5a44f84884669f6fdecc485d5842b7a4b1a9d0c53eed8?s=96&d=mm&r=g","caption":"Ignacio S\u00e1inz San Emeterio"},"description":"Responsable Departamento NTIC's - Ayuntamiento de Colindres","sameAs":["https:\/\/www.colindres.es","https:\/\/es-la.facebook.com\/ayuntamiento.colindres\/","https:\/\/x.com\/https:\/\/twitter.com\/aytocolindres?lang=es"],"url":"https:\/\/www.colindres.es\/index.php\/author\/colindres\/"}]}},"_links":{"self":[{"href":"https:\/\/www.colindres.es\/index.php\/wp-json\/wp\/v2\/posts\/16018","targetHints":{"allow":["GET"]}}],"collection":[{"href":"https:\/\/www.colindres.es\/index.php\/wp-json\/wp\/v2\/posts"}],"about":[{"href":"https:\/\/www.colindres.es\/index.php\/wp-json\/wp\/v2\/types\/post"}],"author":[{"embeddable":true,"href":"https:\/\/www.colindres.es\/index.php\/wp-json\/wp\/v2\/users\/1"}],"replies":[{"embeddable":true,"href":"https:\/\/www.colindres.es\/index.php\/wp-json\/wp\/v2\/comments?post=16018"}],"version-history":[{"count":1,"href":"https:\/\/www.colindres.es\/index.php\/wp-json\/wp\/v2\/posts\/16018\/revisions"}],"predecessor-version":[{"id":16020,"href":"https:\/\/www.colindres.es\/index.php\/wp-json\/wp\/v2\/posts\/16018\/revisions\/16020"}],"wp:attachment":[{"href":"https:\/\/www.colindres.es\/index.php\/wp-json\/wp\/v2\/media?parent=16018"}],"wp:term":[{"taxonomy":"category","embeddable":true,"href":"https:\/\/www.colindres.es\/index.php\/wp-json\/wp\/v2\/categories?post=16018"},{"taxonomy":"post_tag","embeddable":true,"href":"https:\/\/www.colindres.es\/index.php\/wp-json\/wp\/v2\/tags?post=16018"}],"curies":[{"name":"wp","href":"https:\/\/api.w.org\/{rel}","templated":true}]}}