{"id":16013,"date":"2020-12-01T09:09:37","date_gmt":"2020-12-01T08:09:37","guid":{"rendered":"https:\/\/www.colindres.es\/?p=16013"},"modified":"2020-12-01T09:09:37","modified_gmt":"2020-12-01T08:09:37","slug":"acta-de-la-sesion-extraordinaria-constitutiva-de-la-nueva-corporacion-del-ayuntamiento-de-colindres-celebrada-el-dia-15-de-junio-de-2019","status":"publish","type":"post","link":"https:\/\/www.colindres.es\/index.php\/2020\/12\/01\/acta-de-la-sesion-extraordinaria-constitutiva-de-la-nueva-corporacion-del-ayuntamiento-de-colindres-celebrada-el-dia-15-de-junio-de-2019\/","title":{"rendered":"ACTA DE LA SESI\u00d3N EXTRAORDINARIA CONSTITUTIVA DE LA NUEVA CORPORACI\u00d3N DEL AYUNTAMIENTO DE COLINDRES CELEBRADA EL D\u00cdA 15 DE JUNIO DE 2019."},"content":{"rendered":"<p>En la Sala de Plenos de la Casa Consistorial del Ayuntamiento de Colindres (Cantabria), siendo las doce horas del d\u00eda <strong>15 de junio de 2019<\/strong>, en cumplimento de lo dispuesto en los art\u00edculos 195 de la Ley Org\u00e1nica 5\/85 de 19 de junio de R\u00e9gimen General Electoral, y el art. 37.1 del Reglamento de Organizaci\u00f3n, Funcionamiento y R\u00e9gimen Jur\u00eddico de las Corporaciones Locales, aprobado por el Real Decreto 2568\/86 de 28 de noviembre, concurren debidamente convocados os\/as los concejales\/as electos\/as en las elecciones locales convocadas por Real Decreto 209\/2019, de 1 de abril de 2019:<\/p>\n<p><strong>ASISTENTES:<\/strong><\/p>\n<ul>\n<li>JAVIER INCERA GOYENECHEZ<\/li>\n<li>D\u00d1A. MARIA EUGENIA CASTA\u00d1EDA ARRASATE.<\/li>\n<li>ADRI\u00c1N SETIEN EXP\u00d3SITO<\/li>\n<li>D\u00d1A. SARAY VILLAL\u00d3N FERN\u00c1NDEZ<\/li>\n<li>FRANCISCO JAVIER MART\u00cdN SOLAR<\/li>\n<li>D\u00d1A. ARACELI AYESA ESCALANTE<\/li>\n<li>ALBERTO ECHEVARRIA ORTIZ<\/li>\n<li>D\u00d1A. MAR\u00cdA YOLANDA ARCE GUTI\u00c9RREZ<\/li>\n<li>JULIO C\u00c9SAR PAZ CONDE<\/li>\n<li>D\u00d1A. MONICA NAVASCUEZ BLANCO<\/li>\n<li>C\u00c9SAR PERAL DIEZ<\/li>\n<li>D\u00d1A. MARIA CRISTINA ITURGAIZ \u00c1NGULO<\/li>\n<li>ANTONIO P\u00c9REZ G\u00d3MEZ<\/li>\n<\/ul>\n<p><strong>Secretaria: <\/strong>D\u00f1a. Paula Albors Ferreiro, Secretaria del ayuntamiento.<\/p>\n<p>Constituyen un total de 13 concejales\/as electos\/as y por lo tanto, la mayor\u00eda absoluta de los concejales electos exigida en el art. 195.4 de la LO 5\/1985 de 19 de junio de r\u00e9gimen electoral y se re\u00fanen con el objeto de celebrar la sesi\u00f3n p\u00fablica extraordinaria de constituci\u00f3n del Ayuntamiento, de conformidad con el siguiente orden del d\u00eda:<\/p>\n<ul>\n<li><strong>PRIMERO.- CONSTITUCI\u00d3N DE LA NUEVA CORPORACI\u00d3N MUNICIPAL Y ELECCI\u00d3N DEL TITULAR DE LA ALCALD\u00cdA-PRESIDENCIA.<\/strong><\/li>\n<li><strong>SEGUNDO.- DACI\u00d3N DE CUENTA DE ACTA DE ARQUEO EXTRAORDINARIA E INVENTARIO MUNICIPAL DE BIENES.<\/strong><\/li>\n<\/ul>\n<p><a href=\"https:\/\/www.colindres.es\/wp-content\/uploads\/2020\/12\/09-15.06.2019-APROBADA.pdf\">Descarque aqui el acta en formato pdf del Pleno 09 &#8211; 15.06.2019 APROBADA<\/a><\/p>\n","protected":false},"excerpt":{"rendered":"<p>En la Sala de Plenos de la Casa Consistorial del Ayuntamiento de Colindres (Cantabria), siendo las doce horas del d\u00eda 15 de junio de 2019, en cumplimento de lo dispuesto en los art\u00edculos 195 de la Ley Org\u00e1nica 5\/85 de 19 de junio de R\u00e9gimen General Electoral, y el art. 37.1 del Reglamento de Organizaci\u00f3n, [&hellip;]<\/p>\n","protected":false},"author":1,"featured_media":0,"comment_status":"open","ping_status":"closed","sticky":false,"template":"","format":"standard","meta":{"_et_pb_use_builder":"","_et_pb_old_content":"","_et_gb_content_width":"","footnotes":""},"categories":[5],"tags":[],"class_list":["post-16013","post","type-post","status-publish","format-standard","hentry","category-plenos"],"yoast_head":"<!-- This site is optimized with the Yoast SEO plugin v24.9 - https:\/\/yoast.com\/wordpress\/plugins\/seo\/ -->\n<title>ACTA DE LA SESI\u00d3N EXTRAORDINARIA CONSTITUTIVA DE LA NUEVA CORPORACI\u00d3N DEL AYUNTAMIENTO DE COLINDRES CELEBRADA EL D\u00cdA 15 DE JUNIO DE 2019. - Ayuntamiento de Colindres<\/title>\n<meta name=\"robots\" content=\"index, follow, max-snippet:-1, max-image-preview:large, max-video-preview:-1\" \/>\n<link rel=\"canonical\" href=\"https:\/\/www.colindres.es\/index.php\/2020\/12\/01\/acta-de-la-sesion-extraordinaria-constitutiva-de-la-nueva-corporacion-del-ayuntamiento-de-colindres-celebrada-el-dia-15-de-junio-de-2019\/\" \/>\n<meta property=\"og:locale\" content=\"es_ES\" \/>\n<meta property=\"og:type\" content=\"article\" \/>\n<meta property=\"og:title\" content=\"ACTA DE LA SESI\u00d3N EXTRAORDINARIA CONSTITUTIVA DE LA NUEVA CORPORACI\u00d3N DEL AYUNTAMIENTO DE COLINDRES CELEBRADA EL D\u00cdA 15 DE JUNIO DE 2019. - Ayuntamiento de Colindres\" \/>\n<meta property=\"og:description\" content=\"En la Sala de Plenos de la Casa Consistorial del Ayuntamiento de Colindres (Cantabria), siendo las doce horas del d\u00eda 15 de junio de 2019, en cumplimento de lo dispuesto en los art\u00edculos 195 de la Ley Org\u00e1nica 5\/85 de 19 de junio de R\u00e9gimen General Electoral, y el art. 37.1 del Reglamento de Organizaci\u00f3n, [&hellip;]\" \/>\n<meta property=\"og:url\" content=\"https:\/\/www.colindres.es\/index.php\/2020\/12\/01\/acta-de-la-sesion-extraordinaria-constitutiva-de-la-nueva-corporacion-del-ayuntamiento-de-colindres-celebrada-el-dia-15-de-junio-de-2019\/\" \/>\n<meta property=\"og:site_name\" content=\"Ayuntamiento de Colindres\" \/>\n<meta property=\"article:author\" content=\"https:\/\/es-la.facebook.com\/ayuntamiento.colindres\/\" \/>\n<meta property=\"article:published_time\" content=\"2020-12-01T08:09:37+00:00\" \/>\n<meta name=\"author\" content=\"Ignacio S\u00e1inz San Emeterio\" \/>\n<meta name=\"twitter:card\" content=\"summary_large_image\" \/>\n<meta name=\"twitter:creator\" content=\"@https:\/\/twitter.com\/aytocolindres?lang=es\" \/>\n<meta name=\"twitter:label1\" content=\"Escrito por\" \/>\n\t<meta name=\"twitter:data1\" content=\"Ignacio S\u00e1inz San Emeterio\" \/>\n\t<meta name=\"twitter:label2\" content=\"Tiempo de lectura\" \/>\n\t<meta name=\"twitter:data2\" content=\"1 minuto\" \/>\n<script type=\"application\/ld+json\" class=\"yoast-schema-graph\">{\"@context\":\"https:\/\/schema.org\",\"@graph\":[{\"@type\":\"Article\",\"@id\":\"https:\/\/www.colindres.es\/index.php\/2020\/12\/01\/acta-de-la-sesion-extraordinaria-constitutiva-de-la-nueva-corporacion-del-ayuntamiento-de-colindres-celebrada-el-dia-15-de-junio-de-2019\/#article\",\"isPartOf\":{\"@id\":\"https:\/\/www.colindres.es\/index.php\/2020\/12\/01\/acta-de-la-sesion-extraordinaria-constitutiva-de-la-nueva-corporacion-del-ayuntamiento-de-colindres-celebrada-el-dia-15-de-junio-de-2019\/\"},\"author\":{\"name\":\"Ignacio S\u00e1inz San Emeterio\",\"@id\":\"https:\/\/www.colindres.es\/#\/schema\/person\/0225d0319539e212e866b144d841eafb\"},\"headline\":\"ACTA DE LA SESI\u00d3N EXTRAORDINARIA CONSTITUTIVA DE LA NUEVA CORPORACI\u00d3N DEL AYUNTAMIENTO DE COLINDRES CELEBRADA EL D\u00cdA 15 DE JUNIO DE 2019.\",\"datePublished\":\"2020-12-01T08:09:37+00:00\",\"mainEntityOfPage\":{\"@id\":\"https:\/\/www.colindres.es\/index.php\/2020\/12\/01\/acta-de-la-sesion-extraordinaria-constitutiva-de-la-nueva-corporacion-del-ayuntamiento-de-colindres-celebrada-el-dia-15-de-junio-de-2019\/\"},\"wordCount\":304,\"commentCount\":0,\"publisher\":{\"@id\":\"https:\/\/www.colindres.es\/#organization\"},\"articleSection\":[\"Plenos\"],\"inLanguage\":\"es\",\"potentialAction\":[{\"@type\":\"CommentAction\",\"name\":\"Comment\",\"target\":[\"https:\/\/www.colindres.es\/index.php\/2020\/12\/01\/acta-de-la-sesion-extraordinaria-constitutiva-de-la-nueva-corporacion-del-ayuntamiento-de-colindres-celebrada-el-dia-15-de-junio-de-2019\/#respond\"]}]},{\"@type\":\"WebPage\",\"@id\":\"https:\/\/www.colindres.es\/index.php\/2020\/12\/01\/acta-de-la-sesion-extraordinaria-constitutiva-de-la-nueva-corporacion-del-ayuntamiento-de-colindres-celebrada-el-dia-15-de-junio-de-2019\/\",\"url\":\"https:\/\/www.colindres.es\/index.php\/2020\/12\/01\/acta-de-la-sesion-extraordinaria-constitutiva-de-la-nueva-corporacion-del-ayuntamiento-de-colindres-celebrada-el-dia-15-de-junio-de-2019\/\",\"name\":\"ACTA DE LA SESI\u00d3N EXTRAORDINARIA CONSTITUTIVA DE LA NUEVA CORPORACI\u00d3N DEL AYUNTAMIENTO DE COLINDRES CELEBRADA EL D\u00cdA 15 DE JUNIO DE 2019. - Ayuntamiento de Colindres\",\"isPartOf\":{\"@id\":\"https:\/\/www.colindres.es\/#website\"},\"datePublished\":\"2020-12-01T08:09:37+00:00\",\"breadcrumb\":{\"@id\":\"https:\/\/www.colindres.es\/index.php\/2020\/12\/01\/acta-de-la-sesion-extraordinaria-constitutiva-de-la-nueva-corporacion-del-ayuntamiento-de-colindres-celebrada-el-dia-15-de-junio-de-2019\/#breadcrumb\"},\"inLanguage\":\"es\",\"potentialAction\":[{\"@type\":\"ReadAction\",\"target\":[\"https:\/\/www.colindres.es\/index.php\/2020\/12\/01\/acta-de-la-sesion-extraordinaria-constitutiva-de-la-nueva-corporacion-del-ayuntamiento-de-colindres-celebrada-el-dia-15-de-junio-de-2019\/\"]}]},{\"@type\":\"BreadcrumbList\",\"@id\":\"https:\/\/www.colindres.es\/index.php\/2020\/12\/01\/acta-de-la-sesion-extraordinaria-constitutiva-de-la-nueva-corporacion-del-ayuntamiento-de-colindres-celebrada-el-dia-15-de-junio-de-2019\/#breadcrumb\",\"itemListElement\":[{\"@type\":\"ListItem\",\"position\":1,\"name\":\"Portada\",\"item\":\"https:\/\/www.colindres.es\/\"},{\"@type\":\"ListItem\",\"position\":2,\"name\":\"ACTA DE LA SESI\u00d3N EXTRAORDINARIA CONSTITUTIVA DE LA NUEVA CORPORACI\u00d3N DEL AYUNTAMIENTO DE COLINDRES CELEBRADA EL D\u00cdA 15 DE JUNIO DE 2019.\"}]},{\"@type\":\"WebSite\",\"@id\":\"https:\/\/www.colindres.es\/#website\",\"url\":\"https:\/\/www.colindres.es\/\",\"name\":\"Ayuntamiento de Colindres\",\"description\":\"Dise\u00f1ado por NTIC&#039;s\",\"publisher\":{\"@id\":\"https:\/\/www.colindres.es\/#organization\"},\"potentialAction\":[{\"@type\":\"SearchAction\",\"target\":{\"@type\":\"EntryPoint\",\"urlTemplate\":\"https:\/\/www.colindres.es\/?s={search_term_string}\"},\"query-input\":{\"@type\":\"PropertyValueSpecification\",\"valueRequired\":true,\"valueName\":\"search_term_string\"}}],\"inLanguage\":\"es\"},{\"@type\":\"Organization\",\"@id\":\"https:\/\/www.colindres.es\/#organization\",\"name\":\"AYUNTAMIENTO DE COLINDRES\",\"url\":\"https:\/\/www.colindres.es\/\",\"logo\":{\"@type\":\"ImageObject\",\"inLanguage\":\"es\",\"@id\":\"https:\/\/www.colindres.es\/#\/schema\/logo\/image\/\",\"url\":\"https:\/\/www.colindres.es\/wp-content\/uploads\/2017\/01\/LOGO-PRINCIPAL.jpg\",\"contentUrl\":\"https:\/\/www.colindres.es\/wp-content\/uploads\/2017\/01\/LOGO-PRINCIPAL.jpg\",\"width\":1209,\"height\":579,\"caption\":\"AYUNTAMIENTO DE COLINDRES\"},\"image\":{\"@id\":\"https:\/\/www.colindres.es\/#\/schema\/logo\/image\/\"}},{\"@type\":\"Person\",\"@id\":\"https:\/\/www.colindres.es\/#\/schema\/person\/0225d0319539e212e866b144d841eafb\",\"name\":\"Ignacio S\u00e1inz San Emeterio\",\"image\":{\"@type\":\"ImageObject\",\"inLanguage\":\"es\",\"@id\":\"https:\/\/www.colindres.es\/#\/schema\/person\/image\/\",\"url\":\"https:\/\/secure.gravatar.com\/avatar\/c35e3c2e7764c40bdaf5a44f84884669f6fdecc485d5842b7a4b1a9d0c53eed8?s=96&d=mm&r=g\",\"contentUrl\":\"https:\/\/secure.gravatar.com\/avatar\/c35e3c2e7764c40bdaf5a44f84884669f6fdecc485d5842b7a4b1a9d0c53eed8?s=96&d=mm&r=g\",\"caption\":\"Ignacio S\u00e1inz San Emeterio\"},\"description\":\"Responsable Departamento NTIC's - Ayuntamiento de Colindres\",\"sameAs\":[\"https:\/\/www.colindres.es\",\"https:\/\/es-la.facebook.com\/ayuntamiento.colindres\/\",\"https:\/\/x.com\/https:\/\/twitter.com\/aytocolindres?lang=es\"],\"url\":\"https:\/\/www.colindres.es\/index.php\/author\/colindres\/\"}]}<\/script>\n<!-- \/ Yoast SEO plugin. -->","yoast_head_json":{"title":"ACTA DE LA SESI\u00d3N EXTRAORDINARIA CONSTITUTIVA DE LA NUEVA CORPORACI\u00d3N DEL AYUNTAMIENTO DE COLINDRES CELEBRADA EL D\u00cdA 15 DE JUNIO DE 2019. - Ayuntamiento de Colindres","robots":{"index":"index","follow":"follow","max-snippet":"max-snippet:-1","max-image-preview":"max-image-preview:large","max-video-preview":"max-video-preview:-1"},"canonical":"https:\/\/www.colindres.es\/index.php\/2020\/12\/01\/acta-de-la-sesion-extraordinaria-constitutiva-de-la-nueva-corporacion-del-ayuntamiento-de-colindres-celebrada-el-dia-15-de-junio-de-2019\/","og_locale":"es_ES","og_type":"article","og_title":"ACTA DE LA SESI\u00d3N EXTRAORDINARIA CONSTITUTIVA DE LA NUEVA CORPORACI\u00d3N DEL AYUNTAMIENTO DE COLINDRES CELEBRADA EL D\u00cdA 15 DE JUNIO DE 2019. - Ayuntamiento de Colindres","og_description":"En la Sala de Plenos de la Casa Consistorial del Ayuntamiento de Colindres (Cantabria), siendo las doce horas del d\u00eda 15 de junio de 2019, en cumplimento de lo dispuesto en los art\u00edculos 195 de la Ley Org\u00e1nica 5\/85 de 19 de junio de R\u00e9gimen General Electoral, y el art. 37.1 del Reglamento de Organizaci\u00f3n, [&hellip;]","og_url":"https:\/\/www.colindres.es\/index.php\/2020\/12\/01\/acta-de-la-sesion-extraordinaria-constitutiva-de-la-nueva-corporacion-del-ayuntamiento-de-colindres-celebrada-el-dia-15-de-junio-de-2019\/","og_site_name":"Ayuntamiento de Colindres","article_author":"https:\/\/es-la.facebook.com\/ayuntamiento.colindres\/","article_published_time":"2020-12-01T08:09:37+00:00","author":"Ignacio S\u00e1inz San Emeterio","twitter_card":"summary_large_image","twitter_creator":"@https:\/\/twitter.com\/aytocolindres?lang=es","twitter_misc":{"Escrito por":"Ignacio S\u00e1inz San Emeterio","Tiempo de lectura":"1 minuto"},"schema":{"@context":"https:\/\/schema.org","@graph":[{"@type":"Article","@id":"https:\/\/www.colindres.es\/index.php\/2020\/12\/01\/acta-de-la-sesion-extraordinaria-constitutiva-de-la-nueva-corporacion-del-ayuntamiento-de-colindres-celebrada-el-dia-15-de-junio-de-2019\/#article","isPartOf":{"@id":"https:\/\/www.colindres.es\/index.php\/2020\/12\/01\/acta-de-la-sesion-extraordinaria-constitutiva-de-la-nueva-corporacion-del-ayuntamiento-de-colindres-celebrada-el-dia-15-de-junio-de-2019\/"},"author":{"name":"Ignacio S\u00e1inz San Emeterio","@id":"https:\/\/www.colindres.es\/#\/schema\/person\/0225d0319539e212e866b144d841eafb"},"headline":"ACTA DE LA SESI\u00d3N EXTRAORDINARIA CONSTITUTIVA DE LA NUEVA CORPORACI\u00d3N DEL AYUNTAMIENTO DE COLINDRES CELEBRADA EL D\u00cdA 15 DE JUNIO DE 2019.","datePublished":"2020-12-01T08:09:37+00:00","mainEntityOfPage":{"@id":"https:\/\/www.colindres.es\/index.php\/2020\/12\/01\/acta-de-la-sesion-extraordinaria-constitutiva-de-la-nueva-corporacion-del-ayuntamiento-de-colindres-celebrada-el-dia-15-de-junio-de-2019\/"},"wordCount":304,"commentCount":0,"publisher":{"@id":"https:\/\/www.colindres.es\/#organization"},"articleSection":["Plenos"],"inLanguage":"es","potentialAction":[{"@type":"CommentAction","name":"Comment","target":["https:\/\/www.colindres.es\/index.php\/2020\/12\/01\/acta-de-la-sesion-extraordinaria-constitutiva-de-la-nueva-corporacion-del-ayuntamiento-de-colindres-celebrada-el-dia-15-de-junio-de-2019\/#respond"]}]},{"@type":"WebPage","@id":"https:\/\/www.colindres.es\/index.php\/2020\/12\/01\/acta-de-la-sesion-extraordinaria-constitutiva-de-la-nueva-corporacion-del-ayuntamiento-de-colindres-celebrada-el-dia-15-de-junio-de-2019\/","url":"https:\/\/www.colindres.es\/index.php\/2020\/12\/01\/acta-de-la-sesion-extraordinaria-constitutiva-de-la-nueva-corporacion-del-ayuntamiento-de-colindres-celebrada-el-dia-15-de-junio-de-2019\/","name":"ACTA DE LA SESI\u00d3N EXTRAORDINARIA CONSTITUTIVA DE LA NUEVA CORPORACI\u00d3N DEL AYUNTAMIENTO DE COLINDRES CELEBRADA EL D\u00cdA 15 DE JUNIO DE 2019. - Ayuntamiento de Colindres","isPartOf":{"@id":"https:\/\/www.colindres.es\/#website"},"datePublished":"2020-12-01T08:09:37+00:00","breadcrumb":{"@id":"https:\/\/www.colindres.es\/index.php\/2020\/12\/01\/acta-de-la-sesion-extraordinaria-constitutiva-de-la-nueva-corporacion-del-ayuntamiento-de-colindres-celebrada-el-dia-15-de-junio-de-2019\/#breadcrumb"},"inLanguage":"es","potentialAction":[{"@type":"ReadAction","target":["https:\/\/www.colindres.es\/index.php\/2020\/12\/01\/acta-de-la-sesion-extraordinaria-constitutiva-de-la-nueva-corporacion-del-ayuntamiento-de-colindres-celebrada-el-dia-15-de-junio-de-2019\/"]}]},{"@type":"BreadcrumbList","@id":"https:\/\/www.colindres.es\/index.php\/2020\/12\/01\/acta-de-la-sesion-extraordinaria-constitutiva-de-la-nueva-corporacion-del-ayuntamiento-de-colindres-celebrada-el-dia-15-de-junio-de-2019\/#breadcrumb","itemListElement":[{"@type":"ListItem","position":1,"name":"Portada","item":"https:\/\/www.colindres.es\/"},{"@type":"ListItem","position":2,"name":"ACTA DE LA SESI\u00d3N EXTRAORDINARIA CONSTITUTIVA DE LA NUEVA CORPORACI\u00d3N DEL AYUNTAMIENTO DE COLINDRES CELEBRADA EL D\u00cdA 15 DE JUNIO DE 2019."}]},{"@type":"WebSite","@id":"https:\/\/www.colindres.es\/#website","url":"https:\/\/www.colindres.es\/","name":"Ayuntamiento de Colindres","description":"Dise\u00f1ado por NTIC&#039;s","publisher":{"@id":"https:\/\/www.colindres.es\/#organization"},"potentialAction":[{"@type":"SearchAction","target":{"@type":"EntryPoint","urlTemplate":"https:\/\/www.colindres.es\/?s={search_term_string}"},"query-input":{"@type":"PropertyValueSpecification","valueRequired":true,"valueName":"search_term_string"}}],"inLanguage":"es"},{"@type":"Organization","@id":"https:\/\/www.colindres.es\/#organization","name":"AYUNTAMIENTO DE COLINDRES","url":"https:\/\/www.colindres.es\/","logo":{"@type":"ImageObject","inLanguage":"es","@id":"https:\/\/www.colindres.es\/#\/schema\/logo\/image\/","url":"https:\/\/www.colindres.es\/wp-content\/uploads\/2017\/01\/LOGO-PRINCIPAL.jpg","contentUrl":"https:\/\/www.colindres.es\/wp-content\/uploads\/2017\/01\/LOGO-PRINCIPAL.jpg","width":1209,"height":579,"caption":"AYUNTAMIENTO DE COLINDRES"},"image":{"@id":"https:\/\/www.colindres.es\/#\/schema\/logo\/image\/"}},{"@type":"Person","@id":"https:\/\/www.colindres.es\/#\/schema\/person\/0225d0319539e212e866b144d841eafb","name":"Ignacio S\u00e1inz San Emeterio","image":{"@type":"ImageObject","inLanguage":"es","@id":"https:\/\/www.colindres.es\/#\/schema\/person\/image\/","url":"https:\/\/secure.gravatar.com\/avatar\/c35e3c2e7764c40bdaf5a44f84884669f6fdecc485d5842b7a4b1a9d0c53eed8?s=96&d=mm&r=g","contentUrl":"https:\/\/secure.gravatar.com\/avatar\/c35e3c2e7764c40bdaf5a44f84884669f6fdecc485d5842b7a4b1a9d0c53eed8?s=96&d=mm&r=g","caption":"Ignacio S\u00e1inz San Emeterio"},"description":"Responsable Departamento NTIC's - Ayuntamiento de Colindres","sameAs":["https:\/\/www.colindres.es","https:\/\/es-la.facebook.com\/ayuntamiento.colindres\/","https:\/\/x.com\/https:\/\/twitter.com\/aytocolindres?lang=es"],"url":"https:\/\/www.colindres.es\/index.php\/author\/colindres\/"}]}},"_links":{"self":[{"href":"https:\/\/www.colindres.es\/index.php\/wp-json\/wp\/v2\/posts\/16013","targetHints":{"allow":["GET"]}}],"collection":[{"href":"https:\/\/www.colindres.es\/index.php\/wp-json\/wp\/v2\/posts"}],"about":[{"href":"https:\/\/www.colindres.es\/index.php\/wp-json\/wp\/v2\/types\/post"}],"author":[{"embeddable":true,"href":"https:\/\/www.colindres.es\/index.php\/wp-json\/wp\/v2\/users\/1"}],"replies":[{"embeddable":true,"href":"https:\/\/www.colindres.es\/index.php\/wp-json\/wp\/v2\/comments?post=16013"}],"version-history":[{"count":1,"href":"https:\/\/www.colindres.es\/index.php\/wp-json\/wp\/v2\/posts\/16013\/revisions"}],"predecessor-version":[{"id":16015,"href":"https:\/\/www.colindres.es\/index.php\/wp-json\/wp\/v2\/posts\/16013\/revisions\/16015"}],"wp:attachment":[{"href":"https:\/\/www.colindres.es\/index.php\/wp-json\/wp\/v2\/media?parent=16013"}],"wp:term":[{"taxonomy":"category","embeddable":true,"href":"https:\/\/www.colindres.es\/index.php\/wp-json\/wp\/v2\/categories?post=16013"},{"taxonomy":"post_tag","embeddable":true,"href":"https:\/\/www.colindres.es\/index.php\/wp-json\/wp\/v2\/tags?post=16013"}],"curies":[{"name":"wp","href":"https:\/\/api.w.org\/{rel}","templated":true}]}}