{"id":15991,"date":"2020-12-01T08:47:03","date_gmt":"2020-12-01T07:47:03","guid":{"rendered":"https:\/\/www.colindres.es\/?p=15991"},"modified":"2020-12-01T08:47:03","modified_gmt":"2020-12-01T07:47:03","slug":"acta-de-la-sesion-ordinaria-de-pleno-celebrada-el-21-de-marzo-de-2019","status":"publish","type":"post","link":"https:\/\/www.colindres.es\/index.php\/2020\/12\/01\/acta-de-la-sesion-ordinaria-de-pleno-celebrada-el-21-de-marzo-de-2019\/","title":{"rendered":"ACTA DE LA SESI\u00d3N ORDINARIA DE PLENO (celebrada el 21 de marzo de 2019)"},"content":{"rendered":"<p>En la Sala de Plenos del Ayuntamiento de Colindres (Cantabria), siendo las veinte horas y siete minutos del d\u00eda <strong>21 de marzo de 2019<\/strong>, se re\u00fane el Pleno en primera convocatoria, bajo la Presidencia del Sr. Alcalde, D. JAVIER INCERA GOYENECHEA, con el objeto de celebrar sesi\u00f3n ordinaria convocada el d\u00eda de la fecha, y para la que fueron previamente citados.<\/p>\n<p><strong>ASISTENTES:<\/strong><\/p>\n<p><strong>PRESIDENTE<\/strong>:<\/p>\n<p>Sr. Alcalde-Presidente<\/p>\n<ul>\n<li>JAVIER INCERA GOYENECHEA<\/li>\n<\/ul>\n<p><strong>CONCEJALES\/AS<\/strong>:<\/p>\n<ul>\n<li>D\u00d1A. MARIA EUGENIA CASTA\u00d1EDA ARRASATE.<\/li>\n<li>ADRI\u00c1N SETIEN EXP\u00d3SITO<\/li>\n<li>D\u00d1A. SARAY VILLAL\u00d3N FERN\u00c1NDEZ<\/li>\n<li>ALBERTO ECHEVARR\u00cdA ORTIZ<\/li>\n<li>PABLO RUIZ SOLER<\/li>\n<li>D\u00d1A. ARACELI AYESA ESCALANTE<\/li>\n<li>D\u00d1A. M\u00d3NICA NAVASCUEZ FERN\u00c1NDEZ<\/li>\n<li>MARIANO TORRE ARNAIZ<\/li>\n<li>C\u00c9SAR PERAL DIEZ<\/li>\n<li>ANTONIO P\u00c9REZ G\u00d3MEZ<\/li>\n<li>D\u00d1A. AURORA CUERO FUENTECILLA<\/li>\n<\/ul>\n<p><strong>SECRETARIA: <\/strong>D\u00f1a. Paula Albors Ferrero, Secretaria del Ayuntamiento.<\/p>\n<p><strong>INTERVENTOR:<\/strong> D. Jos\u00e9 Ignacio S\u00e1nchez Mart\u00ednez, Interventor del Ayuntamiento.<\/p>\n<p>La Presidencia, tras comprobar en los t\u00e9rminos expuestos que se da el qu\u00f3rum legalmente exigido por el art\u00edculo 46.2 c) de la Ley 7\/1985, de 2 de abril, Reguladora de las Bases de R\u00e9gimen Local, para la v\u00e1lida celebraci\u00f3n de las sesiones de Pleno, declara abierta \u00e9sta, pas\u00e1ndose al estudio de los asuntos incluidos en el orden del d\u00eda de la convocatoria.<\/p>\n<p><strong><u>Parte dispositiva<\/u><\/strong><strong>.<\/strong><\/p>\n<ul>\n<li><strong>1.- Acuerdo de adjudicaci\u00f3n del contrato de obra: RENOVACI\u00d3N DEL EDIFICIO DE GESTI\u00d3N Y VESTUARIOS CAMPO DE FUTBOL EL CARMEN. EXPEDIENTE N\u00ba: CON\/16\/2018.<\/strong><\/li>\n<li><strong>2.- Acuerdo de aprobaci\u00f3n de las bases que han regir la concesi\u00f3n de becas a deportistas locales en competiciones nacionales e internacionales en el ejercicio 2018.<\/strong><\/li>\n<li><strong>3.- Acuerdo de aprobaci\u00f3n de las bases que han regir la concesi\u00f3n de becas para la formaci\u00f3n de monitores, entrenadores y deportistas en el ejercicio 2018.<\/strong><\/li>\n<li><strong>4.- Acuerdo de aprobaci\u00f3n inicial de la modificaci\u00f3n de la Ordenanza reguladora de las prestaciones econ\u00f3micas de emergencia social.<\/strong><\/li>\n<li><strong>5.- Acuerdo de bonificaci\u00f3n del ICIO por la ejecuci\u00f3n de obra a ASCASAM.<\/strong><\/li>\n<li><strong>6.- Aprobaci\u00f3n inicial del EMC 4\/2014: transferencia de cr\u00e9dito entre aplicaciones de distinta \u00e1rea de gasto<\/strong><\/li>\n<li><strong>7.- Acuerdo de aprobaci\u00f3n de la modificaci\u00f3n n\u00ba: 1 del contrato de obra: PARQUE DEL ENTORNO DE VIAR EN COLINDRES (CON\/9\/2018).<\/strong><\/li>\n<li><strong>8.- Acuerdo concesi\u00f3n pr\u00f3rroga plazo de ejecuci\u00f3n del contrato de obra: REHABILITACI\u00d3N DE FACHADAS EN EDIFICIO DE SERVICIOS MUNICIPALES. CASA DE LOS MAESTROS (CON\/7\/2018).<\/strong><\/li>\n<li><strong>9.- Acuerdo concesi\u00f3n pr\u00f3rroga plazo de ejecuci\u00f3n del contrato de obra: REORDENACI\u00d3N DE LA PLAZA DE LAS INSTITUCIONES (CON\/8\/2018).<\/strong><strong>\u00a0<\/strong><\/li>\n<li><strong>10.- Acuerdo de aprobaci\u00f3n expediente de contrataci\u00f3n del servicio de recogida de residuos municipales y limpieza viaria del Ayuntamiento de Colindres (CON\/15\/2018)<\/strong><\/li>\n<\/ul>\n<p><strong><u>Parte de control y fiscalizaci\u00f3n<\/u><\/strong><strong>.<\/strong><\/p>\n<ul>\n<li><strong>1.- Daci\u00f3n de informe de ejecuci\u00f3n del 4\u00ba trimestre 2018.<\/strong><\/li>\n<li><strong>2.- Daci\u00f3n de cuenta de informes trimestrales PMP y morosidad 4\u00ba T 2018<\/strong><\/li>\n<li><strong>3.- Daci\u00f3n de cuenta de liquidaci\u00f3n presupuesto 2018<\/strong><\/li>\n<li><strong>4.- Daci\u00f3n de cuenta de Decretos de Alcald\u00eda: del 656\/2018 al 677\/2018 y del 1 al 159\/2019<\/strong><\/li>\n<li><strong>5.- Ruegos y Preguntas<\/strong><\/li>\n<\/ul>\n<p><a href=\"https:\/\/www.colindres.es\/wp-content\/uploads\/2020\/12\/03-21.03.2019.pdf\">Descargue aqu\u00ed el acta en formato pdf del Pleno 03 &#8211; 21.03.2019<\/a><\/p>\n","protected":false},"excerpt":{"rendered":"<p>En la Sala de Plenos del Ayuntamiento de Colindres (Cantabria), siendo las veinte horas y siete minutos del d\u00eda 21 de marzo de 2019, se re\u00fane el Pleno en primera convocatoria, bajo la Presidencia del Sr. Alcalde, D. JAVIER INCERA GOYENECHEA, con el objeto de celebrar sesi\u00f3n ordinaria convocada el d\u00eda de la fecha, y [&hellip;]<\/p>\n","protected":false},"author":1,"featured_media":0,"comment_status":"open","ping_status":"closed","sticky":false,"template":"","format":"standard","meta":{"_et_pb_use_builder":"","_et_pb_old_content":"","_et_gb_content_width":"","footnotes":""},"categories":[5],"tags":[],"class_list":["post-15991","post","type-post","status-publish","format-standard","hentry","category-plenos"],"yoast_head":"<!-- This site is optimized with the Yoast SEO plugin v24.9 - https:\/\/yoast.com\/wordpress\/plugins\/seo\/ -->\n<title>ACTA DE LA SESI\u00d3N ORDINARIA DE PLENO (celebrada el 21 de marzo de 2019) - Ayuntamiento de Colindres<\/title>\n<meta name=\"robots\" content=\"index, follow, max-snippet:-1, max-image-preview:large, max-video-preview:-1\" \/>\n<link rel=\"canonical\" href=\"https:\/\/www.colindres.es\/index.php\/2020\/12\/01\/acta-de-la-sesion-ordinaria-de-pleno-celebrada-el-21-de-marzo-de-2019\/\" \/>\n<meta property=\"og:locale\" content=\"es_ES\" \/>\n<meta property=\"og:type\" content=\"article\" \/>\n<meta property=\"og:title\" content=\"ACTA DE LA SESI\u00d3N ORDINARIA DE PLENO (celebrada el 21 de marzo de 2019) - Ayuntamiento de Colindres\" \/>\n<meta property=\"og:description\" content=\"En la Sala de Plenos del Ayuntamiento de Colindres (Cantabria), siendo las veinte horas y siete minutos del d\u00eda 21 de marzo de 2019, se re\u00fane el Pleno en primera convocatoria, bajo la Presidencia del Sr. Alcalde, D. JAVIER INCERA GOYENECHEA, con el objeto de celebrar sesi\u00f3n ordinaria convocada el d\u00eda de la fecha, y [&hellip;]\" \/>\n<meta property=\"og:url\" content=\"https:\/\/www.colindres.es\/index.php\/2020\/12\/01\/acta-de-la-sesion-ordinaria-de-pleno-celebrada-el-21-de-marzo-de-2019\/\" \/>\n<meta property=\"og:site_name\" content=\"Ayuntamiento de Colindres\" \/>\n<meta property=\"article:author\" content=\"https:\/\/es-la.facebook.com\/ayuntamiento.colindres\/\" \/>\n<meta property=\"article:published_time\" content=\"2020-12-01T07:47:03+00:00\" \/>\n<meta name=\"author\" content=\"Ignacio S\u00e1inz San Emeterio\" \/>\n<meta name=\"twitter:card\" content=\"summary_large_image\" \/>\n<meta name=\"twitter:creator\" content=\"@https:\/\/twitter.com\/aytocolindres?lang=es\" \/>\n<meta name=\"twitter:label1\" content=\"Escrito por\" \/>\n\t<meta name=\"twitter:data1\" content=\"Ignacio S\u00e1inz San Emeterio\" \/>\n\t<meta name=\"twitter:label2\" content=\"Tiempo de lectura\" \/>\n\t<meta name=\"twitter:data2\" content=\"3 minutos\" \/>\n<script type=\"application\/ld+json\" class=\"yoast-schema-graph\">{\"@context\":\"https:\/\/schema.org\",\"@graph\":[{\"@type\":\"Article\",\"@id\":\"https:\/\/www.colindres.es\/index.php\/2020\/12\/01\/acta-de-la-sesion-ordinaria-de-pleno-celebrada-el-21-de-marzo-de-2019\/#article\",\"isPartOf\":{\"@id\":\"https:\/\/www.colindres.es\/index.php\/2020\/12\/01\/acta-de-la-sesion-ordinaria-de-pleno-celebrada-el-21-de-marzo-de-2019\/\"},\"author\":{\"name\":\"Ignacio S\u00e1inz San Emeterio\",\"@id\":\"https:\/\/www.colindres.es\/#\/schema\/person\/0225d0319539e212e866b144d841eafb\"},\"headline\":\"ACTA DE LA SESI\u00d3N ORDINARIA DE PLENO (celebrada el 21 de marzo de 2019)\",\"datePublished\":\"2020-12-01T07:47:03+00:00\",\"mainEntityOfPage\":{\"@id\":\"https:\/\/www.colindres.es\/index.php\/2020\/12\/01\/acta-de-la-sesion-ordinaria-de-pleno-celebrada-el-21-de-marzo-de-2019\/\"},\"wordCount\":527,\"commentCount\":0,\"publisher\":{\"@id\":\"https:\/\/www.colindres.es\/#organization\"},\"articleSection\":[\"Plenos\"],\"inLanguage\":\"es\",\"potentialAction\":[{\"@type\":\"CommentAction\",\"name\":\"Comment\",\"target\":[\"https:\/\/www.colindres.es\/index.php\/2020\/12\/01\/acta-de-la-sesion-ordinaria-de-pleno-celebrada-el-21-de-marzo-de-2019\/#respond\"]}]},{\"@type\":\"WebPage\",\"@id\":\"https:\/\/www.colindres.es\/index.php\/2020\/12\/01\/acta-de-la-sesion-ordinaria-de-pleno-celebrada-el-21-de-marzo-de-2019\/\",\"url\":\"https:\/\/www.colindres.es\/index.php\/2020\/12\/01\/acta-de-la-sesion-ordinaria-de-pleno-celebrada-el-21-de-marzo-de-2019\/\",\"name\":\"ACTA DE LA SESI\u00d3N ORDINARIA DE PLENO (celebrada el 21 de marzo de 2019) - Ayuntamiento de Colindres\",\"isPartOf\":{\"@id\":\"https:\/\/www.colindres.es\/#website\"},\"datePublished\":\"2020-12-01T07:47:03+00:00\",\"breadcrumb\":{\"@id\":\"https:\/\/www.colindres.es\/index.php\/2020\/12\/01\/acta-de-la-sesion-ordinaria-de-pleno-celebrada-el-21-de-marzo-de-2019\/#breadcrumb\"},\"inLanguage\":\"es\",\"potentialAction\":[{\"@type\":\"ReadAction\",\"target\":[\"https:\/\/www.colindres.es\/index.php\/2020\/12\/01\/acta-de-la-sesion-ordinaria-de-pleno-celebrada-el-21-de-marzo-de-2019\/\"]}]},{\"@type\":\"BreadcrumbList\",\"@id\":\"https:\/\/www.colindres.es\/index.php\/2020\/12\/01\/acta-de-la-sesion-ordinaria-de-pleno-celebrada-el-21-de-marzo-de-2019\/#breadcrumb\",\"itemListElement\":[{\"@type\":\"ListItem\",\"position\":1,\"name\":\"Portada\",\"item\":\"https:\/\/www.colindres.es\/\"},{\"@type\":\"ListItem\",\"position\":2,\"name\":\"ACTA DE LA SESI\u00d3N ORDINARIA DE PLENO (celebrada el 21 de marzo de 2019)\"}]},{\"@type\":\"WebSite\",\"@id\":\"https:\/\/www.colindres.es\/#website\",\"url\":\"https:\/\/www.colindres.es\/\",\"name\":\"Ayuntamiento de Colindres\",\"description\":\"Dise\u00f1ado por NTIC&#039;s\",\"publisher\":{\"@id\":\"https:\/\/www.colindres.es\/#organization\"},\"potentialAction\":[{\"@type\":\"SearchAction\",\"target\":{\"@type\":\"EntryPoint\",\"urlTemplate\":\"https:\/\/www.colindres.es\/?s={search_term_string}\"},\"query-input\":{\"@type\":\"PropertyValueSpecification\",\"valueRequired\":true,\"valueName\":\"search_term_string\"}}],\"inLanguage\":\"es\"},{\"@type\":\"Organization\",\"@id\":\"https:\/\/www.colindres.es\/#organization\",\"name\":\"AYUNTAMIENTO DE COLINDRES\",\"url\":\"https:\/\/www.colindres.es\/\",\"logo\":{\"@type\":\"ImageObject\",\"inLanguage\":\"es\",\"@id\":\"https:\/\/www.colindres.es\/#\/schema\/logo\/image\/\",\"url\":\"https:\/\/www.colindres.es\/wp-content\/uploads\/2017\/01\/LOGO-PRINCIPAL.jpg\",\"contentUrl\":\"https:\/\/www.colindres.es\/wp-content\/uploads\/2017\/01\/LOGO-PRINCIPAL.jpg\",\"width\":1209,\"height\":579,\"caption\":\"AYUNTAMIENTO DE COLINDRES\"},\"image\":{\"@id\":\"https:\/\/www.colindres.es\/#\/schema\/logo\/image\/\"}},{\"@type\":\"Person\",\"@id\":\"https:\/\/www.colindres.es\/#\/schema\/person\/0225d0319539e212e866b144d841eafb\",\"name\":\"Ignacio S\u00e1inz San Emeterio\",\"image\":{\"@type\":\"ImageObject\",\"inLanguage\":\"es\",\"@id\":\"https:\/\/www.colindres.es\/#\/schema\/person\/image\/\",\"url\":\"https:\/\/secure.gravatar.com\/avatar\/c35e3c2e7764c40bdaf5a44f84884669f6fdecc485d5842b7a4b1a9d0c53eed8?s=96&d=mm&r=g\",\"contentUrl\":\"https:\/\/secure.gravatar.com\/avatar\/c35e3c2e7764c40bdaf5a44f84884669f6fdecc485d5842b7a4b1a9d0c53eed8?s=96&d=mm&r=g\",\"caption\":\"Ignacio S\u00e1inz San Emeterio\"},\"description\":\"Responsable Departamento NTIC's - Ayuntamiento de Colindres\",\"sameAs\":[\"https:\/\/www.colindres.es\",\"https:\/\/es-la.facebook.com\/ayuntamiento.colindres\/\",\"https:\/\/x.com\/https:\/\/twitter.com\/aytocolindres?lang=es\"],\"url\":\"https:\/\/www.colindres.es\/index.php\/author\/colindres\/\"}]}<\/script>\n<!-- \/ Yoast SEO plugin. -->","yoast_head_json":{"title":"ACTA DE LA SESI\u00d3N ORDINARIA DE PLENO (celebrada el 21 de marzo de 2019) - Ayuntamiento de Colindres","robots":{"index":"index","follow":"follow","max-snippet":"max-snippet:-1","max-image-preview":"max-image-preview:large","max-video-preview":"max-video-preview:-1"},"canonical":"https:\/\/www.colindres.es\/index.php\/2020\/12\/01\/acta-de-la-sesion-ordinaria-de-pleno-celebrada-el-21-de-marzo-de-2019\/","og_locale":"es_ES","og_type":"article","og_title":"ACTA DE LA SESI\u00d3N ORDINARIA DE PLENO (celebrada el 21 de marzo de 2019) - Ayuntamiento de Colindres","og_description":"En la Sala de Plenos del Ayuntamiento de Colindres (Cantabria), siendo las veinte horas y siete minutos del d\u00eda 21 de marzo de 2019, se re\u00fane el Pleno en primera convocatoria, bajo la Presidencia del Sr. Alcalde, D. JAVIER INCERA GOYENECHEA, con el objeto de celebrar sesi\u00f3n ordinaria convocada el d\u00eda de la fecha, y [&hellip;]","og_url":"https:\/\/www.colindres.es\/index.php\/2020\/12\/01\/acta-de-la-sesion-ordinaria-de-pleno-celebrada-el-21-de-marzo-de-2019\/","og_site_name":"Ayuntamiento de Colindres","article_author":"https:\/\/es-la.facebook.com\/ayuntamiento.colindres\/","article_published_time":"2020-12-01T07:47:03+00:00","author":"Ignacio S\u00e1inz San Emeterio","twitter_card":"summary_large_image","twitter_creator":"@https:\/\/twitter.com\/aytocolindres?lang=es","twitter_misc":{"Escrito por":"Ignacio S\u00e1inz San Emeterio","Tiempo de lectura":"3 minutos"},"schema":{"@context":"https:\/\/schema.org","@graph":[{"@type":"Article","@id":"https:\/\/www.colindres.es\/index.php\/2020\/12\/01\/acta-de-la-sesion-ordinaria-de-pleno-celebrada-el-21-de-marzo-de-2019\/#article","isPartOf":{"@id":"https:\/\/www.colindres.es\/index.php\/2020\/12\/01\/acta-de-la-sesion-ordinaria-de-pleno-celebrada-el-21-de-marzo-de-2019\/"},"author":{"name":"Ignacio S\u00e1inz San Emeterio","@id":"https:\/\/www.colindres.es\/#\/schema\/person\/0225d0319539e212e866b144d841eafb"},"headline":"ACTA DE LA SESI\u00d3N ORDINARIA DE PLENO (celebrada el 21 de marzo de 2019)","datePublished":"2020-12-01T07:47:03+00:00","mainEntityOfPage":{"@id":"https:\/\/www.colindres.es\/index.php\/2020\/12\/01\/acta-de-la-sesion-ordinaria-de-pleno-celebrada-el-21-de-marzo-de-2019\/"},"wordCount":527,"commentCount":0,"publisher":{"@id":"https:\/\/www.colindres.es\/#organization"},"articleSection":["Plenos"],"inLanguage":"es","potentialAction":[{"@type":"CommentAction","name":"Comment","target":["https:\/\/www.colindres.es\/index.php\/2020\/12\/01\/acta-de-la-sesion-ordinaria-de-pleno-celebrada-el-21-de-marzo-de-2019\/#respond"]}]},{"@type":"WebPage","@id":"https:\/\/www.colindres.es\/index.php\/2020\/12\/01\/acta-de-la-sesion-ordinaria-de-pleno-celebrada-el-21-de-marzo-de-2019\/","url":"https:\/\/www.colindres.es\/index.php\/2020\/12\/01\/acta-de-la-sesion-ordinaria-de-pleno-celebrada-el-21-de-marzo-de-2019\/","name":"ACTA DE LA SESI\u00d3N ORDINARIA DE PLENO (celebrada el 21 de marzo de 2019) - Ayuntamiento de Colindres","isPartOf":{"@id":"https:\/\/www.colindres.es\/#website"},"datePublished":"2020-12-01T07:47:03+00:00","breadcrumb":{"@id":"https:\/\/www.colindres.es\/index.php\/2020\/12\/01\/acta-de-la-sesion-ordinaria-de-pleno-celebrada-el-21-de-marzo-de-2019\/#breadcrumb"},"inLanguage":"es","potentialAction":[{"@type":"ReadAction","target":["https:\/\/www.colindres.es\/index.php\/2020\/12\/01\/acta-de-la-sesion-ordinaria-de-pleno-celebrada-el-21-de-marzo-de-2019\/"]}]},{"@type":"BreadcrumbList","@id":"https:\/\/www.colindres.es\/index.php\/2020\/12\/01\/acta-de-la-sesion-ordinaria-de-pleno-celebrada-el-21-de-marzo-de-2019\/#breadcrumb","itemListElement":[{"@type":"ListItem","position":1,"name":"Portada","item":"https:\/\/www.colindres.es\/"},{"@type":"ListItem","position":2,"name":"ACTA DE LA SESI\u00d3N ORDINARIA DE PLENO (celebrada el 21 de marzo de 2019)"}]},{"@type":"WebSite","@id":"https:\/\/www.colindres.es\/#website","url":"https:\/\/www.colindres.es\/","name":"Ayuntamiento de Colindres","description":"Dise\u00f1ado por NTIC&#039;s","publisher":{"@id":"https:\/\/www.colindres.es\/#organization"},"potentialAction":[{"@type":"SearchAction","target":{"@type":"EntryPoint","urlTemplate":"https:\/\/www.colindres.es\/?s={search_term_string}"},"query-input":{"@type":"PropertyValueSpecification","valueRequired":true,"valueName":"search_term_string"}}],"inLanguage":"es"},{"@type":"Organization","@id":"https:\/\/www.colindres.es\/#organization","name":"AYUNTAMIENTO DE COLINDRES","url":"https:\/\/www.colindres.es\/","logo":{"@type":"ImageObject","inLanguage":"es","@id":"https:\/\/www.colindres.es\/#\/schema\/logo\/image\/","url":"https:\/\/www.colindres.es\/wp-content\/uploads\/2017\/01\/LOGO-PRINCIPAL.jpg","contentUrl":"https:\/\/www.colindres.es\/wp-content\/uploads\/2017\/01\/LOGO-PRINCIPAL.jpg","width":1209,"height":579,"caption":"AYUNTAMIENTO DE COLINDRES"},"image":{"@id":"https:\/\/www.colindres.es\/#\/schema\/logo\/image\/"}},{"@type":"Person","@id":"https:\/\/www.colindres.es\/#\/schema\/person\/0225d0319539e212e866b144d841eafb","name":"Ignacio S\u00e1inz San Emeterio","image":{"@type":"ImageObject","inLanguage":"es","@id":"https:\/\/www.colindres.es\/#\/schema\/person\/image\/","url":"https:\/\/secure.gravatar.com\/avatar\/c35e3c2e7764c40bdaf5a44f84884669f6fdecc485d5842b7a4b1a9d0c53eed8?s=96&d=mm&r=g","contentUrl":"https:\/\/secure.gravatar.com\/avatar\/c35e3c2e7764c40bdaf5a44f84884669f6fdecc485d5842b7a4b1a9d0c53eed8?s=96&d=mm&r=g","caption":"Ignacio S\u00e1inz San Emeterio"},"description":"Responsable Departamento NTIC's - Ayuntamiento de Colindres","sameAs":["https:\/\/www.colindres.es","https:\/\/es-la.facebook.com\/ayuntamiento.colindres\/","https:\/\/x.com\/https:\/\/twitter.com\/aytocolindres?lang=es"],"url":"https:\/\/www.colindres.es\/index.php\/author\/colindres\/"}]}},"_links":{"self":[{"href":"https:\/\/www.colindres.es\/index.php\/wp-json\/wp\/v2\/posts\/15991","targetHints":{"allow":["GET"]}}],"collection":[{"href":"https:\/\/www.colindres.es\/index.php\/wp-json\/wp\/v2\/posts"}],"about":[{"href":"https:\/\/www.colindres.es\/index.php\/wp-json\/wp\/v2\/types\/post"}],"author":[{"embeddable":true,"href":"https:\/\/www.colindres.es\/index.php\/wp-json\/wp\/v2\/users\/1"}],"replies":[{"embeddable":true,"href":"https:\/\/www.colindres.es\/index.php\/wp-json\/wp\/v2\/comments?post=15991"}],"version-history":[{"count":1,"href":"https:\/\/www.colindres.es\/index.php\/wp-json\/wp\/v2\/posts\/15991\/revisions"}],"predecessor-version":[{"id":15993,"href":"https:\/\/www.colindres.es\/index.php\/wp-json\/wp\/v2\/posts\/15991\/revisions\/15993"}],"wp:attachment":[{"href":"https:\/\/www.colindres.es\/index.php\/wp-json\/wp\/v2\/media?parent=15991"}],"wp:term":[{"taxonomy":"category","embeddable":true,"href":"https:\/\/www.colindres.es\/index.php\/wp-json\/wp\/v2\/categories?post=15991"},{"taxonomy":"post_tag","embeddable":true,"href":"https:\/\/www.colindres.es\/index.php\/wp-json\/wp\/v2\/tags?post=15991"}],"curies":[{"name":"wp","href":"https:\/\/api.w.org\/{rel}","templated":true}]}}