{"id":15181,"date":"2020-03-16T13:26:05","date_gmt":"2020-03-16T12:26:05","guid":{"rendered":"https:\/\/www.colindres.es\/?p=15181"},"modified":"2020-03-16T13:26:05","modified_gmt":"2020-03-16T12:26:05","slug":"decreto-de-presidencia-33-2020-coronavirus-mancomunidad-de-servicios-sociales","status":"publish","type":"post","link":"https:\/\/www.colindres.es\/index.php\/2020\/03\/16\/decreto-de-presidencia-33-2020-coronavirus-mancomunidad-de-servicios-sociales\/","title":{"rendered":"DECRETO DE PRESIDENCIA 33\/2020 &#8211; CORONAVIRUS &#8211; MANCOMUNIDAD DE SERVICIOS SOCIALES"},"content":{"rendered":"<p>D. Javier Incera Goyenechea, Presidente de la Mancomunidad de Servicios Sociales de Ampuero, Limpias, Liendo, Guriezo y Colindres (Cantabria), en el d\u00eda de la fecha dicto la presente resoluci\u00f3n:<\/p>\n<p>La r\u00e1pida extensi\u00f3n de la enfermedad del Coronavirus, COVID-19, declarada Pandemia mundial por la Organizaci\u00f3n Mundial de la Salud, ha dado lugar a diversas recomendaciones de salud p\u00fablica y a Resoluciones y Acuerdos de las distintas Administraciones P\u00fablicas.<\/p>\n<p>Siguiendo las recomendaciones de la Organizaci\u00f3n Mundial de la Salud del Ministerio de Sanidad y del Gobierno de Cantabria, con fecha 13 de marzo este Ayuntamiento dict\u00f3 la Resoluci\u00f3n de Alcald\u00eda n\u00famero 333\/2020 que se\u00f1alaba medidas extraordinarias y urgentes para la prestaci\u00f3n de los servicios administrativos de esta Entidad Local.<\/p>\n<p>Visto el Real Decreto 463\/2020, de 14 de marzo, por el que se declara el estado de alarma para la gesti\u00f3n de la crisis sanitaria ocasionada por el COVID-19, publicado en el BOE de 14 de marzo de 2020.<\/p>\n<p>Visto el Decreto del Gobierno de Cantabria 18\/2020, de 15 de\u00a0 marzo, por el que se establecen los servicios esenciales del Gobierno de Cantabria y\u00a0 se fijan las instrucciones para la prestaci\u00f3n de los servicios por parte de los\u00a0 empleados p\u00fablicos durante el estado de alarma declarado por el Gobierno de la Naci\u00f3n el 14 de marzo de 2020.<\/p>\n<p>Vista la Ley Org\u00e1nica 3\/1986, de 14 de abril, de Medidas Especiales en Materia de Salud Publica: tiene por objeto regular las medidas que pueden adoptar las autoridades sanitarias competentes de las distintas Administraciones P\u00fablicas ante situaciones de urgencia o necesidad sanitaria. Contempla que pueden restringir los derechos fundamentales recogidos en los art\u00edculos 17, 18 y 19 de la Constituci\u00f3n, relativos a la libertad personal, inviolabilidad del domicilio y libertad de circulaci\u00f3n, con la exigencia de que las medidas sanitarias que puedan adoptarse sean proporcionadas a los fines perseguidos, se limiten al tiempo estrictamente necesario para superar la situaci\u00f3n de crisis, y se realicen bajo el control de los \u00f3rganos jurisdiccionales a quienes se encomienda la tutela de los derechos fundamentales.<\/p>\n<p>Visto el art\u00edculo 21.1.m) de la la Ley 7\/1985, de 2 de abril, Reguladora de las Bases del R\u00e9gimen Local, que atribuye al Alcalde la competencia para \u201cAdoptar personalmente, y bajo su responsabilidad, en caso de cat\u00e1strofe o de infortunios p\u00fablicos o grave riesgo de los mismos, las medidas necesarias y adecuadas dando cuenta inmediata al Pleno\u201d.<\/p>\n<p>Visto el Real Decreto 463\/2020, de 14 de marzo, por el que se declara el estado de alarma para la gesti\u00f3n de la crisis sanitaria ocasionada por el COVID-19 publicado en el BOE de 14 de marzo de 2020, el Ayuntamiento de Polanco procede a su cumplimiento tanto como centro de trabajo en relaci\u00f3n a sus empleados p\u00fablicos, como municipio en sus relaciones con los vecinos y el resto de ciudadanos y es por lo que dicta la siguiente resoluci\u00f3n conforme al mismo y procede al cumplimiento estricto del mismo.<\/p>\n<p>Por todo lo anteriormente expuesto,<\/p>\n<p>RESUELVO<\/p>\n<p>ADOPTAR LAS SIGUIENTES MEDIDAS EN CUMPLIMIENTO DEL REAL DECRETO 463\/2020, DE 14 DE MARZO POR EL QUE SE DECLARA EL ESTADO DE ALARMA PARA LA GESTI\u00d3N DE LA CRISIS SANITARIA OCASIONADA POR EL CORONAVIRUS:<\/p>\n<p>PRIMERO.- Dar estricto cumplimiento a lo dispuesto en el Real Decreto 463\/2020, de 14 de marzo, por el que se declara el estado de alarma para la gesti\u00f3n de la crisis sanitaria ocasionada por el COVID-19. A tales efectos, se recuerdan las principales medidas para la ciudadan\u00eda, teniendo el Real Decreto una vigencia de 15 d\u00edas naturales, que podr\u00e1n ser prorrogados.<\/p>\n<p>1\u00aa.- OBLIGACIONES DEL CIUDADANO EN RELACI\u00d3N CON EL CONORAVIRUS.<\/p>\n<p>1).- Los ciudadanos tienen obligaci\u00f3n de colaborar y no obstaculizar la labor de los agentes de la autoridad en el ejercicio de sus funciones (Polic\u00eda Nacional y Guardia Civil).<\/p>\n<p>Se faculta a los agentes de la Autoridad para practicar las comprobaciones en las personas, bienes, veh\u00edculos, locales y establecimientos que sean necesarias para comprobar y, en su caso, impedir que se lleven a cabo los servicios y actividades suspendidas en el referido Real Decreto.<\/p>\n<p>Para ello, podr\u00e1n dictar las \u00f3rdenes y prohibiciones necesarias y suspender las actividades o servicios que se est\u00e9n llevando a cabo.<\/p>\n<p>2).- Los ciudadanos \u00fanicamente podr\u00e1n circular por las v\u00edas de uso p\u00fablico para la realizaci\u00f3n de las siguientes actividades:<\/p>\n<p>a) Adquisici\u00f3n de alimentos, productos farmac\u00e9uticos y de primera necesidad.<\/p>\n<p>b) Asistencia a centros sanitarios.<\/p>\n<p>c) Desplazamiento al lugar de trabajo para efectuar su prestaci\u00f3n laboral, profesional o empresarial.<\/p>\n<p>d) Retorno al lugar de residencia habitual.<\/p>\n<p>e) Asistencia y cuidado a mayores, menores, dependientes, personas con discapacidad o personas especialmente vulnerables.<\/p>\n<p>f) Desplazamiento a entidades financieras y de seguros.<\/p>\n<p>g) Por causa de fuerza mayor o situaci\u00f3n de necesidad.<\/p>\n<p>h) Cualquier otra actividad de an\u00e1loga naturaleza debidamente justificada.<\/p>\n<p>Igualmente, se permitir\u00e1 la circulaci\u00f3n de veh\u00edculos particulares por las v\u00edas de uso p\u00fablico para la realizaci\u00f3n de las actividades referidas en el apartado anterior o para el repostaje en gasolineras o estaciones de servicio.<\/p>\n<p>3).- Se proh\u00edbe a los propietarios de los establecimientos, la apertura al p\u00fablico de los mismos.<\/p>\n<p>Se suspende la apertura al p\u00fablico de los locales y establecimientos minoristas, a excepci\u00f3n de los establecimientos comerciales minoristas de:<\/p>\n<p>&#8211; Alimentaci\u00f3n, bebidas, productos y bienes de primera necesidad.<\/p>\n<p>&#8211; Establecimientos farmac\u00e9uticos.<\/p>\n<p>&#8211; M\u00e9dicos, \u00f3pticas y productos ortop\u00e9dicos, productos higi\u00e9nicos.<\/p>\n<p>&#8211; Peluquer\u00edas, prensa y papeler\u00eda.<\/p>\n<p>&#8211; Combustible para la automoci\u00f3n, estancos, equipos tecnol\u00f3gicos y de telecomunicaciones.<\/p>\n<p>&#8211; Alimentos para animales de compa\u00f1\u00eda, comercio por internet, telef\u00f3nico o correspondencia, tintorer\u00edas y lavander\u00edas.<\/p>\n<p>Se suspende cualquier otra actividad o establecimiento que a juicio de la autoridad competente pueda suponer un riesgo de contagio.<\/p>\n<p>Se suspenden las actividades de hosteler\u00eda y restauraci\u00f3n, pudiendo prestarse exclusivamente servicios de entrega a domicilio.<\/p>\n<p>2\u00ba.- LA ADMINISTRACI\u00d3N GARANTIZAR\u00c1 EL ABASTECIMIENTO DE ALIMENTOS; DE BIENES Y SERVICIOS PARA LA PRESTACI\u00d3N DEL SERVICIO P\u00daBLICO SANITARIO Y DE LA ENERG\u00cdA.<\/p>\n<p>3\u00ba.- SUSPENSI\u00d3N DE PLAZOS ADMINISTRATIVOS<\/p>\n<p>Se suspenden t\u00e9rminos y se interrumpen los plazos para la tramitaci\u00f3n de los procedimientos de las entidades del sector p\u00fablico. El c\u00f3mputo de los plazos se reanudar\u00e1 en el momento en que pierda vigencia el Real Decreto 463\/2020, de 14 de marzo, o, en su caso, las pr\u00f3rrogas del mismo.<\/p>\n<p>4\u00ba.- ESTABLECIMIENTO DE SANCIONES<\/p>\n<p>El incumplimiento de las medidas aprobadas por el Real Decreto 463\/2020, de 14 de marzo, puede ser sancionado con multas desde 100 hasta 600.000 euros, dependiente de la gravedad de la infracci\u00f3n.<\/p>\n<p>SEGUNDO.- MEDIDAS ESPEC\u00cdFICAS PARA LA MANCOMUNIDAD DE SERVICIOS SOCIALES:<\/p>\n<p>A.- Se ordena el cierre de todas las instalaciones de atenci\u00f3n al p\u00fablico de la Mancomunidad.<\/p>\n<p>Se prestar\u00e1n servicios m\u00ednimos de atenci\u00f3n al p\u00fablico telef\u00f3nicamente (623.397.728) o por correo electr\u00f3nico (admin@mancomunidadssap24.es).<\/p>\n<p>B.- Se suspenden todas las actividades programadas por la Mancomunidad tales como:<\/p>\n<p>\u25cf\u00a0\u00a0\u00a0\u00a0\u00a0\u00a0\u00a0 Actividades extraescolares.<\/p>\n<p>\u25cf\u00a0\u00a0\u00a0\u00a0\u00a0\u00a0\u00a0 Actividades para personas mayores.<\/p>\n<p>\u25cf\u00a0\u00a0\u00a0\u00a0\u00a0\u00a0\u00a0 Actividades educativas.<\/p>\n<p>Asimismo quedan suspendidas todas aquellas actividades que supongan aglomeraciones de personas.<\/p>\n<p>C.- Establecer todas estas medidas hasta nuevo aviso, en funci\u00f3n de la evoluci\u00f3n del problema de salud p\u00fablica y de conformidad con las decisiones que se vayan tomando desde el Gobierno de Espa\u00f1a o la Comunidad Aut\u00f3noma de Cantabria.<\/p>\n<p>D.- Se suspenden los t\u00e9rminos y se interrumpen los plazos para la tramitaci\u00f3n de todos los procedimientos que se tramiten en la Mancomunidad de Servicios Sociales, seg\u00fan cual sea su naturaleza. El c\u00f3mputo de los plazos se reanudar\u00e1 en el momento en que pierda vigencia el Real Decreto 463\/2020, de 14 de marzo, o en su caso, las pr\u00f3rrogas del mismo.<\/p>\n<p>F.- Se adoptan adem\u00e1s, las siguientes MEDIDAS ADICIONALES:<\/p>\n<p>\u25cf\u00a0\u00a0\u00a0\u00a0\u00a0\u00a0\u00a0 SERVICIOS ESENCIALES Y DE URGENCIA PARA TAREAS INAPLAZABLES, DE MANTENIMIENTO O DESINFECCI\u00d3N: se desempe\u00f1ar\u00e1n, como m\u00ednimo, los siguientes servicios considerados esenciales, pudiendo ser requeridas dotaciones adicionales por la jefatura superior del personal:<\/p>\n<p>&#8211; Servicios Sociales, encontr\u00e1ndose, al menos, un empleado p\u00fablico siempre disponible.<\/p>\n<p>&#8211; Servicio de Ayuda a Domicilio, siendo prestado el servicio por la mercantil contratada al efecto.<\/p>\n<p>&#8211; Servicio de Teleasistencia, siendo prestado el servicio por la mercantil contratada al efecto.<\/p>\n<p>&#8211; Servicio de catering social, siendo prestado el servicio por la mercantil contratada al efecto.<\/p>\n<p>&#8211; Servicio de respiro familiar, se prestar\u00e1 para casos urgentemente necesarios o para atenci\u00f3n exclusiva de necesidades de farmacia y alimentaci\u00f3n.<\/p>\n<p>\u25cf\u00a0\u00a0\u00a0\u00a0\u00a0\u00a0\u00a0 SERVICIOS DE ADMINISTRACI\u00d3N MUNICIPAL:<\/p>\n<p>Queda suspendida la atenci\u00f3n al p\u00fablico de manera presencial. Se habilita la atenci\u00f3n ciudadana por v\u00eda telef\u00f3nica a trav\u00e9s de los siguientes n\u00fameros de tel\u00e9fono:<\/p>\n<p>a)\u00a0\u00a0\u00a0\u00a0\u00a0\u00a0\u00a0\u00a0\u00a0\u00a0 Servicios Sociales: 623.397.728<\/p>\n<p>\u25cf\u00a0\u00a0\u00a0\u00a0\u00a0\u00a0\u00a0 RECORDATORIO Y RECOMENDACIONES A LA CIUDADAN\u00cdA:<\/p>\n<p>&#8211; Se recomienda consultar solamente fuentes de Informaci\u00f3n oficiales y autorizadas.<\/p>\n<p>&#8211; Se hace un llamamiento a la responsabilidad individual para seguir las indicaciones de las Autoridades competentes.<\/p>\n<p>&#8211; Se recuerda a la poblaci\u00f3n del municipio de Polanco que es de obligado cumplimiento el Real Decreto 463\/2020, de 14 de marzo, por el que se declara el estado de alarma para la gesti\u00f3n de la crisis sanitaria ocasionada por el COVID- 19 publicado en el BOE de 14 de marzo de 2020.<\/p>\n<p>\u25cf\u00a0\u00a0\u00a0\u00a0\u00a0\u00a0\u00a0 EMPLEADOS P\u00daBLICOS:<\/p>\n<p>Los empleados p\u00fablicos no incluidos entre los designados para la prestaci\u00f3n de los servicios esenciales para realizar la actividad presencial en los lugares de trabajo, deber\u00e1n acudir, a los centros de trabajo cuando sean requeridos por la jefatura superior del personal, bien para prestar presencialmente los servicios, bien para recibir las instrucciones precisas para su desarrollo mediante f\u00f3rmulas de teletrabajo o trabajo a distancia as\u00ed como para el seguimiento del trabajo realizado.<\/p>\n<p>\u25cf\u00a0\u00a0\u00a0\u00a0\u00a0\u00a0\u00a0 SESIONES \u00d3RGANOS COLEGIADOS Y MESAS DE CONTRATACI\u00d3N:<\/p>\n<p>Se suspende la celebraci\u00f3n de sesiones de los \u00f3rganos colegiados de este Ayuntamiento de Polanco, as\u00ed como la celebraci\u00f3n de sesiones de las Mesas de Contrataci\u00f3n.<\/p>\n<p>TERCERO.- Notificar la presente Resoluci\u00f3n a todas las \u00c1reas municipales, Empleados P\u00fablicos, Miembros de la Corporaci\u00f3n, y publicarla en la Sede electr\u00f3nica y tabl\u00f3n de anuncios, sin perjuicio de su difusi\u00f3n a trav\u00e9s de las redes sociales oficiales de la Mancomunidad de Servicios Sociales.<\/p>\n<p>CUARTO.- Que se de cuanta a la Junta en la primera sesi\u00f3n ordinaria que se celebre.<\/p>\n<p>As\u00ed lo manda y firma el Sr. Presidente, en Colindres a 16 de marzo de 2020.<\/p>\n<p>El Presidente,\u00a0\u00a0\u00a0\u00a0\u00a0\u00a0\u00a0\u00a0\u00a0\u00a0\u00a0\u00a0\u00a0\u00a0\u00a0\u00a0\u00a0\u00a0\u00a0\u00a0\u00a0\u00a0\u00a0\u00a0\u00a0\u00a0\u00a0\u00a0\u00a0\u00a0\u00a0\u00a0\u00a0\u00a0\u00a0\u00a0\u00a0 Recibe, la Secretaria-Interventora,<\/p>\n<p>Javier Incera Goyenechea\u00a0\u00a0\u00a0\u00a0\u00a0\u00a0\u00a0\u00a0\u00a0\u00a0\u00a0\u00a0\u00a0\u00a0\u00a0\u00a0\u00a0\u00a0\u00a0\u00a0\u00a0\u00a0\u00a0\u00a0\u00a0\u00a0\u00a0\u00a0\u00a0\u00a0 Paula Albors Ferreiro<\/p>\n<p><a href=\"https:\/\/www.colindres.es\/wp-content\/uploads\/2020\/03\/DECRETO-ALCALDIA-MANCOMUNIDAD-CORONAVIRUS.pdf\">Descargar en formato pdf el decreto.<\/a><\/p>\n","protected":false},"excerpt":{"rendered":"<p>D. Javier Incera Goyenechea, Presidente de la Mancomunidad de Servicios Sociales de Ampuero, Limpias, Liendo, Guriezo y Colindres (Cantabria), en el d\u00eda de la fecha dicto la presente resoluci\u00f3n: La r\u00e1pida extensi\u00f3n de la enfermedad del Coronavirus, COVID-19, declarada Pandemia mundial por la Organizaci\u00f3n Mundial de la Salud, ha dado lugar a diversas recomendaciones de [&hellip;]<\/p>\n","protected":false},"author":1,"featured_media":1471,"comment_status":"open","ping_status":"closed","sticky":false,"template":"","format":"standard","meta":{"_et_pb_use_builder":"","_et_pb_old_content":"","_et_gb_content_width":"","footnotes":""},"categories":[25],"tags":[],"class_list":["post-15181","post","type-post","status-publish","format-standard","has-post-thumbnail","hentry","category-decretos"],"yoast_head":"<!-- This site is optimized with the Yoast SEO plugin v24.9 - https:\/\/yoast.com\/wordpress\/plugins\/seo\/ -->\n<title>DECRETO DE PRESIDENCIA 33\/2020 - CORONAVIRUS - MANCOMUNIDAD DE SERVICIOS SOCIALES - Ayuntamiento de Colindres<\/title>\n<meta name=\"robots\" content=\"index, follow, max-snippet:-1, max-image-preview:large, max-video-preview:-1\" \/>\n<link rel=\"canonical\" href=\"https:\/\/www.colindres.es\/index.php\/2020\/03\/16\/decreto-de-presidencia-33-2020-coronavirus-mancomunidad-de-servicios-sociales\/\" \/>\n<meta property=\"og:locale\" content=\"es_ES\" \/>\n<meta property=\"og:type\" content=\"article\" \/>\n<meta property=\"og:title\" content=\"DECRETO DE PRESIDENCIA 33\/2020 - CORONAVIRUS - MANCOMUNIDAD DE SERVICIOS SOCIALES - Ayuntamiento de Colindres\" \/>\n<meta property=\"og:description\" content=\"D. Javier Incera Goyenechea, Presidente de la Mancomunidad de Servicios Sociales de Ampuero, Limpias, Liendo, Guriezo y Colindres (Cantabria), en el d\u00eda de la fecha dicto la presente resoluci\u00f3n: La r\u00e1pida extensi\u00f3n de la enfermedad del Coronavirus, COVID-19, declarada Pandemia mundial por la Organizaci\u00f3n Mundial de la Salud, ha dado lugar a diversas recomendaciones de [&hellip;]\" \/>\n<meta property=\"og:url\" content=\"https:\/\/www.colindres.es\/index.php\/2020\/03\/16\/decreto-de-presidencia-33-2020-coronavirus-mancomunidad-de-servicios-sociales\/\" \/>\n<meta property=\"og:site_name\" content=\"Ayuntamiento de Colindres\" \/>\n<meta property=\"article:author\" content=\"https:\/\/es-la.facebook.com\/ayuntamiento.colindres\/\" \/>\n<meta property=\"article:published_time\" content=\"2020-03-16T12:26:05+00:00\" \/>\n<meta property=\"og:image\" content=\"https:\/\/www.colindres.es\/wp-content\/uploads\/2018\/04\/mancomunidad.jpg\" \/>\n\t<meta property=\"og:image:width\" content=\"1376\" \/>\n\t<meta property=\"og:image:height\" content=\"1040\" \/>\n\t<meta property=\"og:image:type\" content=\"image\/jpeg\" \/>\n<meta name=\"author\" content=\"Ignacio S\u00e1inz San Emeterio\" \/>\n<meta name=\"twitter:card\" content=\"summary_large_image\" \/>\n<meta name=\"twitter:creator\" content=\"@https:\/\/twitter.com\/aytocolindres?lang=es\" \/>\n<meta name=\"twitter:label1\" content=\"Escrito por\" \/>\n\t<meta name=\"twitter:data1\" content=\"Ignacio S\u00e1inz San Emeterio\" \/>\n\t<meta name=\"twitter:label2\" content=\"Tiempo de lectura\" \/>\n\t<meta name=\"twitter:data2\" content=\"10 minutos\" \/>\n<script type=\"application\/ld+json\" class=\"yoast-schema-graph\">{\"@context\":\"https:\/\/schema.org\",\"@graph\":[{\"@type\":\"Article\",\"@id\":\"https:\/\/www.colindres.es\/index.php\/2020\/03\/16\/decreto-de-presidencia-33-2020-coronavirus-mancomunidad-de-servicios-sociales\/#article\",\"isPartOf\":{\"@id\":\"https:\/\/www.colindres.es\/index.php\/2020\/03\/16\/decreto-de-presidencia-33-2020-coronavirus-mancomunidad-de-servicios-sociales\/\"},\"author\":{\"name\":\"Ignacio S\u00e1inz San Emeterio\",\"@id\":\"https:\/\/www.colindres.es\/#\/schema\/person\/0225d0319539e212e866b144d841eafb\"},\"headline\":\"DECRETO DE PRESIDENCIA 33\/2020 &#8211; CORONAVIRUS &#8211; MANCOMUNIDAD DE SERVICIOS SOCIALES\",\"datePublished\":\"2020-03-16T12:26:05+00:00\",\"mainEntityOfPage\":{\"@id\":\"https:\/\/www.colindres.es\/index.php\/2020\/03\/16\/decreto-de-presidencia-33-2020-coronavirus-mancomunidad-de-servicios-sociales\/\"},\"wordCount\":1796,\"commentCount\":0,\"publisher\":{\"@id\":\"https:\/\/www.colindres.es\/#organization\"},\"image\":{\"@id\":\"https:\/\/www.colindres.es\/index.php\/2020\/03\/16\/decreto-de-presidencia-33-2020-coronavirus-mancomunidad-de-servicios-sociales\/#primaryimage\"},\"thumbnailUrl\":\"https:\/\/www.colindres.es\/wp-content\/uploads\/2018\/04\/mancomunidad.jpg\",\"articleSection\":[\"Decretos\"],\"inLanguage\":\"es\",\"potentialAction\":[{\"@type\":\"CommentAction\",\"name\":\"Comment\",\"target\":[\"https:\/\/www.colindres.es\/index.php\/2020\/03\/16\/decreto-de-presidencia-33-2020-coronavirus-mancomunidad-de-servicios-sociales\/#respond\"]}]},{\"@type\":\"WebPage\",\"@id\":\"https:\/\/www.colindres.es\/index.php\/2020\/03\/16\/decreto-de-presidencia-33-2020-coronavirus-mancomunidad-de-servicios-sociales\/\",\"url\":\"https:\/\/www.colindres.es\/index.php\/2020\/03\/16\/decreto-de-presidencia-33-2020-coronavirus-mancomunidad-de-servicios-sociales\/\",\"name\":\"DECRETO DE PRESIDENCIA 33\/2020 - CORONAVIRUS - MANCOMUNIDAD DE SERVICIOS SOCIALES - Ayuntamiento de Colindres\",\"isPartOf\":{\"@id\":\"https:\/\/www.colindres.es\/#website\"},\"primaryImageOfPage\":{\"@id\":\"https:\/\/www.colindres.es\/index.php\/2020\/03\/16\/decreto-de-presidencia-33-2020-coronavirus-mancomunidad-de-servicios-sociales\/#primaryimage\"},\"image\":{\"@id\":\"https:\/\/www.colindres.es\/index.php\/2020\/03\/16\/decreto-de-presidencia-33-2020-coronavirus-mancomunidad-de-servicios-sociales\/#primaryimage\"},\"thumbnailUrl\":\"https:\/\/www.colindres.es\/wp-content\/uploads\/2018\/04\/mancomunidad.jpg\",\"datePublished\":\"2020-03-16T12:26:05+00:00\",\"breadcrumb\":{\"@id\":\"https:\/\/www.colindres.es\/index.php\/2020\/03\/16\/decreto-de-presidencia-33-2020-coronavirus-mancomunidad-de-servicios-sociales\/#breadcrumb\"},\"inLanguage\":\"es\",\"potentialAction\":[{\"@type\":\"ReadAction\",\"target\":[\"https:\/\/www.colindres.es\/index.php\/2020\/03\/16\/decreto-de-presidencia-33-2020-coronavirus-mancomunidad-de-servicios-sociales\/\"]}]},{\"@type\":\"ImageObject\",\"inLanguage\":\"es\",\"@id\":\"https:\/\/www.colindres.es\/index.php\/2020\/03\/16\/decreto-de-presidencia-33-2020-coronavirus-mancomunidad-de-servicios-sociales\/#primaryimage\",\"url\":\"https:\/\/www.colindres.es\/wp-content\/uploads\/2018\/04\/mancomunidad.jpg\",\"contentUrl\":\"https:\/\/www.colindres.es\/wp-content\/uploads\/2018\/04\/mancomunidad.jpg\",\"width\":1376,\"height\":1040,\"caption\":\"logo mancomunidad\"},{\"@type\":\"BreadcrumbList\",\"@id\":\"https:\/\/www.colindres.es\/index.php\/2020\/03\/16\/decreto-de-presidencia-33-2020-coronavirus-mancomunidad-de-servicios-sociales\/#breadcrumb\",\"itemListElement\":[{\"@type\":\"ListItem\",\"position\":1,\"name\":\"Portada\",\"item\":\"https:\/\/www.colindres.es\/\"},{\"@type\":\"ListItem\",\"position\":2,\"name\":\"DECRETO DE PRESIDENCIA 33\/2020 &#8211; CORONAVIRUS &#8211; MANCOMUNIDAD DE SERVICIOS SOCIALES\"}]},{\"@type\":\"WebSite\",\"@id\":\"https:\/\/www.colindres.es\/#website\",\"url\":\"https:\/\/www.colindres.es\/\",\"name\":\"Ayuntamiento de Colindres\",\"description\":\"Dise\u00f1ado por NTIC&#039;s\",\"publisher\":{\"@id\":\"https:\/\/www.colindres.es\/#organization\"},\"potentialAction\":[{\"@type\":\"SearchAction\",\"target\":{\"@type\":\"EntryPoint\",\"urlTemplate\":\"https:\/\/www.colindres.es\/?s={search_term_string}\"},\"query-input\":{\"@type\":\"PropertyValueSpecification\",\"valueRequired\":true,\"valueName\":\"search_term_string\"}}],\"inLanguage\":\"es\"},{\"@type\":\"Organization\",\"@id\":\"https:\/\/www.colindres.es\/#organization\",\"name\":\"AYUNTAMIENTO DE COLINDRES\",\"url\":\"https:\/\/www.colindres.es\/\",\"logo\":{\"@type\":\"ImageObject\",\"inLanguage\":\"es\",\"@id\":\"https:\/\/www.colindres.es\/#\/schema\/logo\/image\/\",\"url\":\"https:\/\/www.colindres.es\/wp-content\/uploads\/2017\/01\/LOGO-PRINCIPAL.jpg\",\"contentUrl\":\"https:\/\/www.colindres.es\/wp-content\/uploads\/2017\/01\/LOGO-PRINCIPAL.jpg\",\"width\":1209,\"height\":579,\"caption\":\"AYUNTAMIENTO DE COLINDRES\"},\"image\":{\"@id\":\"https:\/\/www.colindres.es\/#\/schema\/logo\/image\/\"}},{\"@type\":\"Person\",\"@id\":\"https:\/\/www.colindres.es\/#\/schema\/person\/0225d0319539e212e866b144d841eafb\",\"name\":\"Ignacio S\u00e1inz San Emeterio\",\"image\":{\"@type\":\"ImageObject\",\"inLanguage\":\"es\",\"@id\":\"https:\/\/www.colindres.es\/#\/schema\/person\/image\/\",\"url\":\"https:\/\/secure.gravatar.com\/avatar\/c35e3c2e7764c40bdaf5a44f84884669f6fdecc485d5842b7a4b1a9d0c53eed8?s=96&d=mm&r=g\",\"contentUrl\":\"https:\/\/secure.gravatar.com\/avatar\/c35e3c2e7764c40bdaf5a44f84884669f6fdecc485d5842b7a4b1a9d0c53eed8?s=96&d=mm&r=g\",\"caption\":\"Ignacio S\u00e1inz San Emeterio\"},\"description\":\"Responsable Departamento NTIC's - Ayuntamiento de Colindres\",\"sameAs\":[\"https:\/\/www.colindres.es\",\"https:\/\/es-la.facebook.com\/ayuntamiento.colindres\/\",\"https:\/\/x.com\/https:\/\/twitter.com\/aytocolindres?lang=es\"],\"url\":\"https:\/\/www.colindres.es\/index.php\/author\/colindres\/\"}]}<\/script>\n<!-- \/ Yoast SEO plugin. -->","yoast_head_json":{"title":"DECRETO DE PRESIDENCIA 33\/2020 - CORONAVIRUS - MANCOMUNIDAD DE SERVICIOS SOCIALES - Ayuntamiento de Colindres","robots":{"index":"index","follow":"follow","max-snippet":"max-snippet:-1","max-image-preview":"max-image-preview:large","max-video-preview":"max-video-preview:-1"},"canonical":"https:\/\/www.colindres.es\/index.php\/2020\/03\/16\/decreto-de-presidencia-33-2020-coronavirus-mancomunidad-de-servicios-sociales\/","og_locale":"es_ES","og_type":"article","og_title":"DECRETO DE PRESIDENCIA 33\/2020 - CORONAVIRUS - MANCOMUNIDAD DE SERVICIOS SOCIALES - Ayuntamiento de Colindres","og_description":"D. Javier Incera Goyenechea, Presidente de la Mancomunidad de Servicios Sociales de Ampuero, Limpias, Liendo, Guriezo y Colindres (Cantabria), en el d\u00eda de la fecha dicto la presente resoluci\u00f3n: La r\u00e1pida extensi\u00f3n de la enfermedad del Coronavirus, COVID-19, declarada Pandemia mundial por la Organizaci\u00f3n Mundial de la Salud, ha dado lugar a diversas recomendaciones de [&hellip;]","og_url":"https:\/\/www.colindres.es\/index.php\/2020\/03\/16\/decreto-de-presidencia-33-2020-coronavirus-mancomunidad-de-servicios-sociales\/","og_site_name":"Ayuntamiento de Colindres","article_author":"https:\/\/es-la.facebook.com\/ayuntamiento.colindres\/","article_published_time":"2020-03-16T12:26:05+00:00","og_image":[{"width":1376,"height":1040,"url":"https:\/\/www.colindres.es\/wp-content\/uploads\/2018\/04\/mancomunidad.jpg","type":"image\/jpeg"}],"author":"Ignacio S\u00e1inz San Emeterio","twitter_card":"summary_large_image","twitter_creator":"@https:\/\/twitter.com\/aytocolindres?lang=es","twitter_misc":{"Escrito por":"Ignacio S\u00e1inz San Emeterio","Tiempo de lectura":"10 minutos"},"schema":{"@context":"https:\/\/schema.org","@graph":[{"@type":"Article","@id":"https:\/\/www.colindres.es\/index.php\/2020\/03\/16\/decreto-de-presidencia-33-2020-coronavirus-mancomunidad-de-servicios-sociales\/#article","isPartOf":{"@id":"https:\/\/www.colindres.es\/index.php\/2020\/03\/16\/decreto-de-presidencia-33-2020-coronavirus-mancomunidad-de-servicios-sociales\/"},"author":{"name":"Ignacio S\u00e1inz San Emeterio","@id":"https:\/\/www.colindres.es\/#\/schema\/person\/0225d0319539e212e866b144d841eafb"},"headline":"DECRETO DE PRESIDENCIA 33\/2020 &#8211; CORONAVIRUS &#8211; MANCOMUNIDAD DE SERVICIOS SOCIALES","datePublished":"2020-03-16T12:26:05+00:00","mainEntityOfPage":{"@id":"https:\/\/www.colindres.es\/index.php\/2020\/03\/16\/decreto-de-presidencia-33-2020-coronavirus-mancomunidad-de-servicios-sociales\/"},"wordCount":1796,"commentCount":0,"publisher":{"@id":"https:\/\/www.colindres.es\/#organization"},"image":{"@id":"https:\/\/www.colindres.es\/index.php\/2020\/03\/16\/decreto-de-presidencia-33-2020-coronavirus-mancomunidad-de-servicios-sociales\/#primaryimage"},"thumbnailUrl":"https:\/\/www.colindres.es\/wp-content\/uploads\/2018\/04\/mancomunidad.jpg","articleSection":["Decretos"],"inLanguage":"es","potentialAction":[{"@type":"CommentAction","name":"Comment","target":["https:\/\/www.colindres.es\/index.php\/2020\/03\/16\/decreto-de-presidencia-33-2020-coronavirus-mancomunidad-de-servicios-sociales\/#respond"]}]},{"@type":"WebPage","@id":"https:\/\/www.colindres.es\/index.php\/2020\/03\/16\/decreto-de-presidencia-33-2020-coronavirus-mancomunidad-de-servicios-sociales\/","url":"https:\/\/www.colindres.es\/index.php\/2020\/03\/16\/decreto-de-presidencia-33-2020-coronavirus-mancomunidad-de-servicios-sociales\/","name":"DECRETO DE PRESIDENCIA 33\/2020 - CORONAVIRUS - MANCOMUNIDAD DE SERVICIOS SOCIALES - Ayuntamiento de Colindres","isPartOf":{"@id":"https:\/\/www.colindres.es\/#website"},"primaryImageOfPage":{"@id":"https:\/\/www.colindres.es\/index.php\/2020\/03\/16\/decreto-de-presidencia-33-2020-coronavirus-mancomunidad-de-servicios-sociales\/#primaryimage"},"image":{"@id":"https:\/\/www.colindres.es\/index.php\/2020\/03\/16\/decreto-de-presidencia-33-2020-coronavirus-mancomunidad-de-servicios-sociales\/#primaryimage"},"thumbnailUrl":"https:\/\/www.colindres.es\/wp-content\/uploads\/2018\/04\/mancomunidad.jpg","datePublished":"2020-03-16T12:26:05+00:00","breadcrumb":{"@id":"https:\/\/www.colindres.es\/index.php\/2020\/03\/16\/decreto-de-presidencia-33-2020-coronavirus-mancomunidad-de-servicios-sociales\/#breadcrumb"},"inLanguage":"es","potentialAction":[{"@type":"ReadAction","target":["https:\/\/www.colindres.es\/index.php\/2020\/03\/16\/decreto-de-presidencia-33-2020-coronavirus-mancomunidad-de-servicios-sociales\/"]}]},{"@type":"ImageObject","inLanguage":"es","@id":"https:\/\/www.colindres.es\/index.php\/2020\/03\/16\/decreto-de-presidencia-33-2020-coronavirus-mancomunidad-de-servicios-sociales\/#primaryimage","url":"https:\/\/www.colindres.es\/wp-content\/uploads\/2018\/04\/mancomunidad.jpg","contentUrl":"https:\/\/www.colindres.es\/wp-content\/uploads\/2018\/04\/mancomunidad.jpg","width":1376,"height":1040,"caption":"logo mancomunidad"},{"@type":"BreadcrumbList","@id":"https:\/\/www.colindres.es\/index.php\/2020\/03\/16\/decreto-de-presidencia-33-2020-coronavirus-mancomunidad-de-servicios-sociales\/#breadcrumb","itemListElement":[{"@type":"ListItem","position":1,"name":"Portada","item":"https:\/\/www.colindres.es\/"},{"@type":"ListItem","position":2,"name":"DECRETO DE PRESIDENCIA 33\/2020 &#8211; CORONAVIRUS &#8211; MANCOMUNIDAD DE SERVICIOS SOCIALES"}]},{"@type":"WebSite","@id":"https:\/\/www.colindres.es\/#website","url":"https:\/\/www.colindres.es\/","name":"Ayuntamiento de Colindres","description":"Dise\u00f1ado por NTIC&#039;s","publisher":{"@id":"https:\/\/www.colindres.es\/#organization"},"potentialAction":[{"@type":"SearchAction","target":{"@type":"EntryPoint","urlTemplate":"https:\/\/www.colindres.es\/?s={search_term_string}"},"query-input":{"@type":"PropertyValueSpecification","valueRequired":true,"valueName":"search_term_string"}}],"inLanguage":"es"},{"@type":"Organization","@id":"https:\/\/www.colindres.es\/#organization","name":"AYUNTAMIENTO DE COLINDRES","url":"https:\/\/www.colindres.es\/","logo":{"@type":"ImageObject","inLanguage":"es","@id":"https:\/\/www.colindres.es\/#\/schema\/logo\/image\/","url":"https:\/\/www.colindres.es\/wp-content\/uploads\/2017\/01\/LOGO-PRINCIPAL.jpg","contentUrl":"https:\/\/www.colindres.es\/wp-content\/uploads\/2017\/01\/LOGO-PRINCIPAL.jpg","width":1209,"height":579,"caption":"AYUNTAMIENTO DE COLINDRES"},"image":{"@id":"https:\/\/www.colindres.es\/#\/schema\/logo\/image\/"}},{"@type":"Person","@id":"https:\/\/www.colindres.es\/#\/schema\/person\/0225d0319539e212e866b144d841eafb","name":"Ignacio S\u00e1inz San Emeterio","image":{"@type":"ImageObject","inLanguage":"es","@id":"https:\/\/www.colindres.es\/#\/schema\/person\/image\/","url":"https:\/\/secure.gravatar.com\/avatar\/c35e3c2e7764c40bdaf5a44f84884669f6fdecc485d5842b7a4b1a9d0c53eed8?s=96&d=mm&r=g","contentUrl":"https:\/\/secure.gravatar.com\/avatar\/c35e3c2e7764c40bdaf5a44f84884669f6fdecc485d5842b7a4b1a9d0c53eed8?s=96&d=mm&r=g","caption":"Ignacio S\u00e1inz San Emeterio"},"description":"Responsable Departamento NTIC's - Ayuntamiento de Colindres","sameAs":["https:\/\/www.colindres.es","https:\/\/es-la.facebook.com\/ayuntamiento.colindres\/","https:\/\/x.com\/https:\/\/twitter.com\/aytocolindres?lang=es"],"url":"https:\/\/www.colindres.es\/index.php\/author\/colindres\/"}]}},"_links":{"self":[{"href":"https:\/\/www.colindres.es\/index.php\/wp-json\/wp\/v2\/posts\/15181","targetHints":{"allow":["GET"]}}],"collection":[{"href":"https:\/\/www.colindres.es\/index.php\/wp-json\/wp\/v2\/posts"}],"about":[{"href":"https:\/\/www.colindres.es\/index.php\/wp-json\/wp\/v2\/types\/post"}],"author":[{"embeddable":true,"href":"https:\/\/www.colindres.es\/index.php\/wp-json\/wp\/v2\/users\/1"}],"replies":[{"embeddable":true,"href":"https:\/\/www.colindres.es\/index.php\/wp-json\/wp\/v2\/comments?post=15181"}],"version-history":[{"count":1,"href":"https:\/\/www.colindres.es\/index.php\/wp-json\/wp\/v2\/posts\/15181\/revisions"}],"predecessor-version":[{"id":15183,"href":"https:\/\/www.colindres.es\/index.php\/wp-json\/wp\/v2\/posts\/15181\/revisions\/15183"}],"wp:featuredmedia":[{"embeddable":true,"href":"https:\/\/www.colindres.es\/index.php\/wp-json\/wp\/v2\/media\/1471"}],"wp:attachment":[{"href":"https:\/\/www.colindres.es\/index.php\/wp-json\/wp\/v2\/media?parent=15181"}],"wp:term":[{"taxonomy":"category","embeddable":true,"href":"https:\/\/www.colindres.es\/index.php\/wp-json\/wp\/v2\/categories?post=15181"},{"taxonomy":"post_tag","embeddable":true,"href":"https:\/\/www.colindres.es\/index.php\/wp-json\/wp\/v2\/tags?post=15181"}],"curies":[{"name":"wp","href":"https:\/\/api.w.org\/{rel}","templated":true}]}}