{"id":15156,"date":"2020-03-02T22:53:09","date_gmt":"2020-03-02T21:53:09","guid":{"rendered":"https:\/\/www.colindres.es\/?p=15156"},"modified":"2020-03-02T22:53:09","modified_gmt":"2020-03-02T21:53:09","slug":"bases-para-la-constitucion-de-una-bolsa-de-trabajo-para-personal-de-limpieza-subescala-de-servicios-especiales-administracion-especial-funcionario-interino-2","status":"publish","type":"post","link":"https:\/\/www.colindres.es\/index.php\/2020\/03\/02\/bases-para-la-constitucion-de-una-bolsa-de-trabajo-para-personal-de-limpieza-subescala-de-servicios-especiales-administracion-especial-funcionario-interino-2\/","title":{"rendered":"Bases para la constituci\u00f3n de una Bolsa de Trabajo para PERSONAL DE LIMPIEZA, Subescala de Servicios Especiales, Administraci\u00f3n Especial (funcionario interino)"},"content":{"rendered":"<p>Convocatoria de pruebas selectivas para la constituci\u00f3n, mediante concurso-oposici\u00f3n libre, de una BOLSA DE TRABAJO con destino al nombramiento de funcionarios interinos para Personal de Limpieza, Subescala de Servicios Especiales, Administraci\u00f3n Especial.<\/p>\n<p><strong>BASES<\/strong><\/p>\n<p><strong>PRIMERA.-Objeto de Convocatoria.<\/strong><\/p>\n<p>Es objeto de la presente convocatoria la constituci\u00f3n, mediante concurso-oposici\u00f3n libre, de una BOLSA DE TRABAJO con destino al nombramiento de funcionarios interinos PERSONAL DE LIMPIEZA de la Subescala de Servicios Especiales, de Administraci\u00f3n Especial, equiparable al Grupo AP\/E en cuanto a las retribuciones o emolumentos que, con arreglo a la legislaci\u00f3n vigente, correspondan a los funcionarios de carrera pertenecientes a este grupo.<\/p>\n<p>Les corresponder\u00e1 la realizaci\u00f3n de las funciones que sean encomendadas dentro del nivel y categor\u00eda y con referencia a lo que establezca la Relaci\u00f3n de Puestos de Trabajo para puestos similares aprobada por el Ayuntamiento de Colindres.<\/p>\n<p>El presente proceso selectivo servir\u00e1 para la confecci\u00f3n de una lista de espera o bolsa de empleo, de la que formar\u00e1n parte quienes superen el proceso selectivo. La posici\u00f3n en dicha bolsa se determinar\u00e1 por orden de puntuaci\u00f3n obtenida en el proceso.<\/p>\n<p>La Bolsa tendr\u00e1 una <u>vigencia de cuatro a\u00f1os<\/u> desde la fecha de constituci\u00f3n de la misma. No obstante, si al t\u00e9rmino de dicho per\u00edodo de vigencia no se hubiera constituido una nueva bolsa que sustituya a la anterior, mediante resoluci\u00f3n del alcalde se podr\u00e1 prorrogar la vigencia de esta bolsa.<\/p>\n<p>Tambi\u00e9n ser\u00e1n causas de extinci\u00f3n de la Bolsa la celebraci\u00f3n de un nuevo proceso selectivo para plaza de similares caracter\u00edsticas (Subescala Servicios Especiales de Administraci\u00f3n Especial, Grupo AP\/E o Subgrupo equivalente) o cuando por el tiempo transcurrido u otras circunstancias debidamente motivadas contrarias a la finalidad de su creaci\u00f3n la Corporaci\u00f3n acuerde su extinci\u00f3n.<\/p>\n<p>Una vez constituida la bolsa se proceder\u00e1 al llamamiento de los integrantes de la bolsa para la cobertura de las plazas vacantes existentes por orden de puntuaci\u00f3n. Si durante la vigencia de la bolsa se produjera una vacante se proceder\u00e1 al llamamiento del siguiente integrante de la bolsa que no ocupara una plaza vacante, aunque haya sido llamado con anterioridad para un nombramiento que no implique la cobertura de vacante. Para el resto de los casos, sustituci\u00f3n transitoria del titular con reserva de plaza hasta su reincorporaci\u00f3n, ejecuci\u00f3n de programas de car\u00e1cter temporal o para atender el exceso o acumulaci\u00f3n de tareas por plazo m\u00e1ximo de seis meses dentro de un per\u00edodo de doce meses, el llamamiento se realizar\u00e1 por estricto orden de prelaci\u00f3n. Se ir\u00e1 llamando a los integrantes de la bolsa, aunque ya est\u00e9n o hayan sido nombrados para otros supuestos distintos de la vacante y haya finalizado dicho nombramiento.<\/p>\n<p>En funci\u00f3n de las necesidades del servicio, los servicios se prestar\u00e1n en horario de ma\u00f1ana, en horario de tarde, en r\u00e9gimen de jornada partida o en horario de lunes a domingo, a tiempo completo o parcial, en todo caso, la jornada semanal realizada no exceder\u00e1 de la prevista para los funcionarios de carrera pertenecientes a la Subescala Servicios Especiales de Administraci\u00f3n Especial a tiempo completo o su equivalente a tiempo parcial. A los funcionarios interinos nombrados les ser\u00e1 aplicable, en cuanto sea adecuado a la naturaleza de su condici\u00f3n, el r\u00e9gimen general de los funcionarios de carrera.<\/p>\n<p>Excepcionalmente podr\u00e1 mantenerse a un candidato en el lugar ocupado originariamente en la bolsa, a los efectos de ser llamado cuando proceda, en caso de que documentalmente acredite la imposibilidad de ser nombrado por encontrarse en situaci\u00f3n de baja m\u00e9dica o baja por maternidad o cuando acredite encontrarse en situaci\u00f3n de alta o desempe\u00f1o de puestos de trabajo en otras Administraciones o empresas, debiendo comunicar la finalizaci\u00f3n del mencionado puesto de trabajo. El rechazo del nombramiento por causas justificadas y el cese por el resto de las causas legalmente previstas supondr\u00e1n la continuaci\u00f3n del aspirante en el \u00faltimo lugar de la Bolsa. Asimismo, en caso de sustituci\u00f3n por causa de baja por enfermedad, en caso de que el titular del puesto se incorpore al mismo y en el plazo inferior al mes se encuentre nuevamente en situaci\u00f3n de IT por reca\u00edda, se podr\u00e1 hacer el llamamiento a la misma persona que ven\u00eda realizando la sustituci\u00f3n, siempre y cuando no est\u00e9 ocupando otro puesto de trabajo por llamamiento.<\/p>\n<p><strong>SEGUNDA.-Requisitos de los aspirantes.<\/strong><\/p>\n<p>Para ser admitidos a la realizaci\u00f3n de las pruebas selectivas los aspirantes deber\u00e1n reunir los siguientes requisitos:<\/p>\n<ul>\n<li>a) Tener la nacionalidad espa\u00f1ola o la de cualquiera de los Estados miembros de la Uni\u00f3n Europea, o de aquellos Estados que, en virtud de Tratados Internacionales celebrados por la Uni\u00f3n Europea y ratificados por Espa\u00f1a, sea de aplicaci\u00f3n la libre circulaci\u00f3n de trabajadores, todo ello en los t\u00e9rminos previstos en el art\u00edculo 57 del Real Decreto Legislativo 5\/2015, de 30 de octubre.<\/li>\n<li>b) Tener cumplidos, en la fecha de la convocatoria, los diecis\u00e9is a\u00f1os de edad y no exceder, en su caso, de la edad m\u00e1xima de jubilaci\u00f3n forzosa.<\/li>\n<li>c) No haber sido separado mediante expediente disciplinario del servicio de cualquiera de las Administraciones P\u00fablicas o de los \u00f3rganos constitucionales o estatutarios de las Comunidades Aut\u00f3nomas, ni hallarse en inhabilitaci\u00f3n absoluta o especial para empleos o cargos p\u00fablicos por resoluci\u00f3n judicial, para el acceso al cuerpo o escala de funcionario, o para ejercer funciones similares a las que desempe\u00f1aban en el caso del personal laboral, en el que hubiese sido separado o inhabilitado. En el caso de ser nacional de otro Estado, no hallarse inhabilitado o en situaci\u00f3n equivalente ni haber sido sometido a sanci\u00f3n disciplinaria o equivalente que impida, en su Estado, en los mismos t\u00e9rminos el acceso al empleo p\u00fablico.<\/li>\n<li>d) Estar en posesi\u00f3n del T\u00edtulo de Certificado de estudios primarios o equivalente expedido con arreglo a la legislaci\u00f3n vigente, o en condiciones de obtenerlo en la fecha en que termine el plazo de presentaci\u00f3n de instancias. En el caso de titulaciones obtenidas en el extranjero deber\u00e1 presentarse la correspondiente homologaci\u00f3n.<\/li>\n<li>e) No sufrir enfermedad y poseer la capacidad f\u00edsica y ps\u00edquica necesaria para realizar las funciones correspondientes.<\/li>\n<\/ul>\n<p>Todos los requisitos anteriores deber\u00e1n reunirlos los aspirantes en la fecha en que finalice el plazo para la presentaci\u00f3n de instancias solicitando tomar parte en la Convocatoria.<\/p>\n<p><strong>TERCERA.-Igualdad de condiciones<\/strong>.<\/p>\n<p>De acuerdo con lo establecido en la Ley 51\/2003, en las presentes pruebas ser\u00e1n admitidas las personas minusv\u00e1lidas en igualdad de condiciones que los dem\u00e1s aspirantes.<\/p>\n<p>Los aspirantes minusv\u00e1lidos deber\u00e1n presentar certificaci\u00f3n de organismo oficial competente que acredite tal condici\u00f3n, as\u00ed como su capacidad para desempe\u00f1ar las tareas correspondientes a las plazas objeto de la presente convocatoria.<\/p>\n<p>El Tribunal establecer\u00e1, para las personas con minusval\u00edas que as\u00ed lo soliciten, las adaptaciones y ajustes razonables de tiempo y medios para la realizaci\u00f3n de las pruebas. \u00a0A tal efecto los interesados deber\u00e1n presentar la petici\u00f3n correspondiente en la solicitud de participaci\u00f3n en la convocatoria.<\/p>\n<p><strong>CUARTA.-Incompatibilidades del cargo.<\/strong><\/p>\n<p>Las comprendidas en la Ley 53\/1984, de 26 de diciembre de Incompatibilidades del Personal al Servicio de las Administraciones P\u00fablicas.<\/p>\n<p><strong>QUINTA.-Instancias.<\/strong><\/p>\n<p>Las instancias solicitando tomar parte en el proceso se dirigir\u00e1n al Sr. Alcalde-Presidente de este Excelent\u00edsimo Ayuntamiento (Anexo I). Se presentar\u00e1n en el Registro General del Ayuntamiento (en horario de 8:00 a 14:30 horas de lunes a jueves y de 08:00 a 14:00 horas los viernes) en el plazo de 15 d\u00edas naturales, contados a partir del siguiente al de la publicaci\u00f3n de las presentes en la p\u00e1gina Web municipal y en el tabl\u00f3n de edictos del Excmo. Ayuntamiento.<\/p>\n<p>En la solicitud los aspirantes deber\u00e1n manifestar que re\u00fanen todas y cada una de las condiciones exigidas. A la solicitud se acompa\u00f1ar\u00e1 la siguiente documentaci\u00f3n:<\/p>\n<ul>\n<li>Fotocopia compulsada del Documento Nacional de Identidad o Pasaporte.<\/li>\n<li>Fotocopia compulsada del t\u00edtulo acad\u00e9mico exigido o resguardo del pago de derechos del mismo.<\/li>\n<li>Fotocopia compulsada de los m\u00e9ritos a valorar.<\/li>\n<li>Documento acreditativo del abono del importe de la tasa por derechos de examen, que en el presente caso ser\u00e1 por importe de 6 euros (Ordenanza Fiscal n\u00ba: 11, BOC n\u00ba: 250, de 31 de diciembre de 2013).<\/li>\n<\/ul>\n<p>Se aplicar\u00e1n a las tarifas previstas las siguientes reducciones:<\/p>\n<ul>\n<li>Personas con discapacidad\/ minusval\u00eda igual o superior al 33 %: 25%<\/li>\n<li>Personas con discapacidad\/ minusval\u00eda igual o superior al 50 %: 50%<\/li>\n<li>Personas demandantes de empleo: 50 %<\/li>\n<\/ul>\n<p>Los extremos anteriores deber\u00e1n ser objeto de justificaci\u00f3n por los aspirantes. En el caso de demandantes de Empleo, deber\u00e1n figurar como tales al menos un mes anterior a la fecha de la convocatoria, siendo requisito para el disfrute de la exenci\u00f3n que en referido plazo no hubiera\u00a0 rechazado oferta de empleo adecuado ni se hubiesen negado a participar en acciones de promoci\u00f3n, formaci\u00f3n o reconversi\u00f3n profesionales y que adem\u00e1s carezcan de rentas superiores, en c\u00f3mputo mensual, al Salario M\u00ednimo Interprofesional.<\/p>\n<p>Las instancias tambi\u00e9n podr\u00e1n presentarse en la forma que determina el art\u00edculo 16 de la Ley 39\/2015, de 1 de octubre, del Procedimiento Administrativo Com\u00fan.<\/p>\n<p><strong>SEXTA.-Admisi\u00f3n de los aspirantes.<\/strong><\/p>\n<p>Terminado el plazo de presentaci\u00f3n de instancias, la Presidencia de la Corporaci\u00f3n aprobar\u00e1 la lista de aspirantes admitidos y excluidos, con indicaci\u00f3n de la causa de exclusi\u00f3n y ser\u00e1 expuesta en el Tabl\u00f3n de Edictos de la Corporaci\u00f3n y en la p\u00e1gina Web del excelent\u00edsimo Ayuntamiento de Colindres, concedi\u00e9ndose un plazo de cinco d\u00edas de acuerdo con lo dispuesto en la Ley 39\/2015, para la subsanaci\u00f3n de los posibles errores en las instancias presentadas.<\/p>\n<p>Se entender\u00e1n como <u>causas de exclusi\u00f3n no subsanables<\/u>:<\/p>\n<ul>\n<li>La realizaci\u00f3n del pago de la tasa fuera del plazo de presentaci\u00f3n de instancias o la falta de presentaci\u00f3n de certificaci\u00f3n expedida por el Organismo competente acreditativa de la exenci\u00f3n de su abono.<\/li>\n<li>La presentaci\u00f3n de la solicitud fuera de plazo.<\/li>\n<li>La falta de cumplimiento de cualquier requisito de participaci\u00f3n el \u00faltimo d\u00eda del plazo de presentaci\u00f3n de instancias.<\/li>\n<\/ul>\n<p>Se entender\u00e1n como <u>subsanables:<\/u><\/p>\n<ul>\n<li>La falta de presentaci\u00f3n de fotocopia del DNI o Pasaporte, o que no est\u00e9n en vigor.<\/li>\n<li>La falta de presentaci\u00f3n del justificante del pago total de la tasa cuando el mismo se haya realizado dentro del plazo de presentaci\u00f3n de instancias.<\/li>\n<li>La falta de indicaci\u00f3n de la convocatoria en que se desea participar.<\/li>\n<li>Cumplimentaci\u00f3n incorrecta o incompleta de la instancia, cuando el error u omisi\u00f3n afecte a alguno de los datos m\u00ednimos a que se refiere el art\u00edculo 66.1 de la citada Ley 39\/2015, de 1 de octubre.<\/li>\n<li>La falta o insuficiente acreditaci\u00f3n de la representaci\u00f3n al presentar la solicitud, en su caso.<\/li>\n<\/ul>\n<p>Asimismo, ser\u00e1 publicado anuncio en el Tabl\u00f3n de Edictos de la Corporaci\u00f3n, as\u00ed como en la p\u00e1gina Web del Excmo. Ayuntamiento de Colindres, con indicaci\u00f3n del lugar y la fecha de comienzo del ejercicio y la composici\u00f3n nominal del Tribunal Calificador. Los sucesivos anuncios se har\u00e1n p\u00fablicos en el Tabl\u00f3n de Edictos y en la p\u00e1gina Web del Ayuntamiento.<\/p>\n<p>A los efectos del cumplimiento del art\u00edculo 5 de la Ley Org\u00e1nica 15\/1999, de 13 de diciembre, de Protecci\u00f3n de Datos de Car\u00e1cter Personal, los datos contenidos en la solicitud ser\u00e1n objeto de tratamiento automatizado por el Tribunal Calificador que deba juzgar la presente convocatoria, siendo su cumplimentaci\u00f3n obligatoria para la admisi\u00f3n a la misma, con el fin de facilitar el llamamiento de los seleccionados si fuere necesario.<\/p>\n<p><strong>S\u00c9PTIMA.-<\/strong><strong>Tribunal Calificador.<\/strong><\/p>\n<p>El Tribunal Calificador se constituir\u00e1 de la siguiente forma:<\/p>\n<p><strong>Presidente:<\/strong> Ejercer\u00e1 la Presidencia el vocal, nunca secretario, que se designe por mayor\u00eda de los miembros del Tribunal en su primera sesi\u00f3n, a la que deber\u00e1n asistir en su totalidad. En caso de empate tendr\u00e1 voto de calidad.<\/p>\n<p><strong>Vocales:<\/strong><\/p>\n<p>Tres funcionarios de carrera del Excmo. Ayuntamiento de Colindres designados por la Corporaci\u00f3n.<\/p>\n<p><strong>Secretario<\/strong>: funcionario municipal, con voz y voto.<\/p>\n<p>El Tribunal podr\u00e1 contar y nombrar con hasta un m\u00e1ximo de tres asesores para la realizaci\u00f3n de las pruebas tanto te\u00f3ricas como pr\u00e1cticas. Formar\u00e1n parte del Tribunal a todos los efectos indicados en la presente base.<\/p>\n<p>Los componentes del Tribunal deber\u00e1n abstenerse de intervenir y los aspirantes podr\u00e1n recusarlos cuando concurrieran las circunstancias previstas en el art\u00edculo. 23 de la Ley 40\/2015.<\/p>\n<p>Todos los miembros del Tribunal deber\u00e1n tener el mismo nivel de titulaci\u00f3n o superior al requerido en la presente Convocatoria, lo que deber\u00e1 comprobarse por el Secretario del Tribunal antes del inicio de las deliberaciones de la primera sesi\u00f3n. En caso de no reunir o no acreditar estos requisitos, deber\u00e1 suspenderse la sesi\u00f3n y en su lugar actuar\u00e1n funcionarios de carrera de esta u otra Administraci\u00f3n P\u00fablica que re\u00fanan tales condiciones de titulaci\u00f3n, nombrados por el Sr. Alcalde Presidente.<\/p>\n<p>El Tribunal no podr\u00e1 estar formado mayoritariamente por funcionarios pertenecientes al mismo cuerpo de cuya selecci\u00f3n se trate.<\/p>\n<p>Se nombrar\u00e1 el mismo n\u00famero de suplentes debiendo reunir las caracter\u00edsticas se\u00f1aladas anteriormente.<\/p>\n<p>El Tribunal no podr\u00e1 constituirse ni actuar sin la asistencia de m\u00e1s de la mitad de sus miembros, debiendo estar presentes el Presidente y Secretario o, en su caso, quienes les sustituyen, y est\u00e1 facultado para resolver cuantas dudas puedan plantearse y adoptar los acuerdos precisos para el buen orden de la convocatoria en todo lo no previsto por las presentes Bases y dem\u00e1s normativa aplicable, siempre que sus decisiones no supongan modificaci\u00f3n de las presentes Bases. Para ello adoptar\u00e1 sus decisiones por mayor\u00eda mediante votaci\u00f3n, y en caso desempate decidir\u00e1 el Presidente con su voto.<\/p>\n<p>El Tribunal podr\u00e1 disponer la incorporaci\u00f3n de asesores especialistas, con voz y sin voto, los cuales se limitar\u00e1n al ejercicio de su especialidad t\u00e9cnica.<\/p>\n<p>Tambi\u00e9n podr\u00e1 disponer la incorporaci\u00f3n de personal de apoyo que en todo caso deber\u00e1 ostentar la condici\u00f3n de funcionario de carrera.<\/p>\n<p>A efectos del r\u00e9gimen de asistencias previsto en el Real Decreto 462\/2002, de 24 mayo, sobre indemnizaciones por raz\u00f3n del servicio, el Tribunal y los asesores tendr\u00e1n la categor\u00eda tercera. En los mismos t\u00e9rminos ser\u00e1n retribuidos los asesores o personal de apoyo, en su caso.<\/p>\n<p><strong>OCTAVA.- Desarrollo de las pruebas.<\/strong><\/p>\n<p>Para establecer el orden en que habr\u00e1n de actuar los aspirantes si el ejercicio no se pudiera realizar conjuntamente se estar\u00e1 al sorteo previsto en el Real Decreto 364\/1995, de 10 de marzo, celebrado por la Secretar\u00eda General para la Administraci\u00f3n P\u00fablica para el a\u00f1o 2017.<\/p>\n<p>Los aspirantes ser\u00e1n convocados para el ejercicio en llamamiento \u00fanico. Salvo casos de fuerza mayor, invocados con anterioridad y debidamente justificados y apreciados por el Tribunal con absoluta libertad de criterios, la no presentaci\u00f3n de un aspirante al ejercicio en el momento de ser llamado, determinar\u00e1 autom\u00e1ticamente el decaimiento de su derecho a participar en el mismo ejercicio, quedando excluido, en consecuencia, del procedimiento selectivo.<\/p>\n<p>El Tribunal podr\u00e1 en todo momento requerir a los aspirantes para que se identifiquen debidamente, a cuyo efecto habr\u00e1n de concurrir al ejercicio provistos del Documento Nacional de Identidad.<\/p>\n<p><strong>NOVENA.-Valoraci\u00f3n y ejercicio de la Convocatoria.-<\/strong><\/p>\n<p><strong>FASE DE OPOSICI\u00d3N<\/strong>:<\/p>\n<p><strong>Prueba te\u00f3rica: <\/strong>Consistir\u00e1 en contestar un cuestionario te\u00f3rico pr\u00e1ctico que contendr\u00e1 50 preguntas tipo test basadas en los contenidos de la totalidad del programa que figura como Anexo a las presentes Bases. El tiempo m\u00e1ximo para la realizaci\u00f3n de este ejercicio ser\u00e1 de sesenta minutos.<\/p>\n<p>Para cada pregunta tipo test se propondr\u00e1n cuatro respuestas, siendo s\u00f3lo una de ellas la correcta. Los aspirantes anotar\u00e1n las contestaciones en las correspondientes hojas de examen.<\/p>\n<p>Este ejercicio se valorar\u00e1 de 0 a 20 puntos siendo necesario para superarlo obtener un m\u00ednimo de 10 puntos. Cada respuesta correcta en las cincuenta preguntas tipo test puntuar\u00e1 0,40 puntos. Las respuestas en blanco o incorrectas no restar\u00e1n.<\/p>\n<p>Antes de la prueba tipo test se realizar\u00e1 un dictado. Tal prueba se valorar\u00e1 de 0 a 5 puntos siendo necesario para superarlo obtener un m\u00ednimo de 2,5 puntos. Se restar\u00e1 0,10 por cada falta ortogr\u00e1fica (incluido los errores de acentuaci\u00f3n).<\/p>\n<p><strong>Prueba pr\u00e1ctica: <\/strong>Consistir\u00e1 en la realizaci\u00f3n de una prueba (que podr\u00e1 ser escrita o de ejecuci\u00f3n seg\u00fan decisi\u00f3n del Tribunal) basadas en los contenidos de la totalidad del programa que figura como Anexo a las presentes Bases. El tiempo m\u00e1ximo para la realizaci\u00f3n de este ejercicio ser\u00e1 de quince minutos.<\/p>\n<p>Este ejercicio se valorar\u00e1 de 0 a 5 puntos siendo necesario para superarlo obtener un m\u00ednimo de 2,5 puntos.<\/p>\n<p><strong>FASE DE CONCURSO:<\/strong><\/p>\n<p>La puntuaci\u00f3n m\u00e1xima que se podr\u00e1 lograr por los m\u00e9ritos alegados ser\u00e1 de 10 puntos.<\/p>\n<ul>\n<li><strong>Experiencia laboral: <\/strong>la puntuaci\u00f3n m\u00e1xima de este apartado ser\u00e1 de 6 puntos, de acuerdo con los siguientes criterios:<\/li>\n<li>Por cada mes completo de servicios prestados y reconocidos en plazas de limpieza en la Administraci\u00f3n P\u00fablica: un punto por cada mes trabajado.<\/li>\n<li>Por cada mes completo de servicios prestados y reconocidos en plazas de limpieza en la empresa privada: 0,5 puntos por cada mes trabajado.<\/li>\n<\/ul>\n<p>Para la valoraci\u00f3n de tales m\u00e9ritos se tendr\u00e1n que acreditar mediante la presentaci\u00f3n de <u>vida laboral y contrato de trabajo<\/u> (<u>deben presentarse ambos documentos para que se valore la experiencia<\/u>). En el caso de las Administraciones P\u00fablicas tambi\u00e9n se podr\u00e1 acreditar mediante <u>certificado de la entidad administrativa<\/u> donde se hayan prestado los servicios (en el caso de Administraci\u00f3n Local tendr\u00e1 que estar firmado por el Secretario\/a municipal).<\/p>\n<ol>\n<li><strong>Otras titulaciones y cursos: <\/strong>la puntuaci\u00f3n m\u00e1xima de este apartado ser\u00e1 de 3 puntos, de acuerdo con los siguientes criterios:\n<ol>\n<li>Cursos de 20 horas lectivas: 0,25 puntos\/curso<\/li>\n<li>Cursos de 21 a 50 horas lectivas: 0,50 puntos\/curso<\/li>\n<li>Cursos de m\u00e1s de 50 horas lectivas: 0,75 puntos\/curso<\/li>\n<\/ol>\n<\/li>\n<li><strong>Permiso de conducir<\/strong>: 1 punto.<\/li>\n<\/ol>\n<p>\u00danicamente se valoraran cursos o estudios relacionados directamente con las funciones correspondientes al puesto de trabajo impartidos en centros oficiales. La relaci\u00f3n de la experiencia y los cursos con el puesto de trabajo ser\u00e1 acordada por el Tribunal a la vista de la documentaci\u00f3n que presente los solicitantes.<\/p>\n<p><strong>D\u00c9CIMA.-Calificaci\u00f3n del ejercicio.<\/strong><\/p>\n<p>El ejercicio ser\u00e1 calificado conforme se ha indicado anteriormente, no formando parte de la Bolsa los aspirantes que no alcancen la puntuaci\u00f3n m\u00ednima exigida.<\/p>\n<p>En caso de existir empate \u00e9ste se dirimir\u00e1 de la siguiente forma, por aquel aspirante que haya obtenido mayor puntuaci\u00f3n en el tipo test; en segundo lugar, mayor puntuaci\u00f3n obtenida respecto de la prueba pr\u00e1ctica, en tercer lugar atendiendo al criterio de la experiencia profesional, y, en caso contrario, por el orden conforme a la letra (LETRA \u00d1) para el sorteo de llamamiento a ex\u00e1menes que para el 2017 haya realizado la Administraci\u00f3n General del Estado y publicado en el BOE (BOE n\u00ba: 94, de 20 de abril de 2017).<\/p>\n<p>Las calificaciones se har\u00e1n p\u00fablicas en el Tabl\u00f3n de Edictos de la corporaci\u00f3n y en la p\u00e1gina Web del excelent\u00edsimo Ayuntamiento de Colindres, al d\u00eda siguiente de efectuarse \u00e9stas.<\/p>\n<p><strong>DECIMOPRIMERA.- <\/strong><strong>Relaci\u00f3n de integrantes de la Bolsa de Trabajo, presentaci\u00f3n de documentos y nombramientos.<\/strong><\/p>\n<p>Terminada la calificaci\u00f3n de los aspirantes, el Tribunal har\u00e1 p\u00fablica en el Tabl\u00f3n de Edictos de la Corporaci\u00f3n y en la p\u00e1gina Web del excelent\u00edsimo Ayuntamiento de Colindres la relaci\u00f3n de integrantes de la Bolsa de Trabajo por orden de puntuaci\u00f3n. El Tribunal Calificador elevar\u00e1 a la Presidencia de la Corporaci\u00f3n, propuesta para que proceda a la aprobaci\u00f3n de la Bolsa de Trabajo.<\/p>\n<p>Se proceder\u00e1 al nombramiento de los aspirantes en los t\u00e9rminos y por los motivos se\u00f1alados en la Base Primera mediante notificaci\u00f3n de la resoluci\u00f3n que acuerde tal nombramiento otorg\u00e1ndose un plazo de diez d\u00edas naturales para la toma de posesi\u00f3n, a contar desde el siguiente al que le sea notificado el nombramiento. Si el aspirante no lo hiciera en el plazo se\u00f1alado sin causa justificada, quedar\u00e1 en la situaci\u00f3n de cesante produci\u00e9ndose los efectos se\u00f1alados en la Base Primera.<\/p>\n<p>Las personas aspirantes que finalmente se nombren aportar\u00e1n ante el Ayuntamiento, en el Registro General, dentro del plazo de cinco d\u00edas naturales desde el d\u00eda siguiente a la recepci\u00f3n del nombramiento los documentos acreditativos de las condiciones de capacidad y requisitos exigidos en la convocatoria y que son los siguientes:<\/p>\n<ul>\n<li>1.\u00ba) Los aspirantes que hayan hecho valer su condici\u00f3n de personas con discapacidad, deber\u00e1n presentar certificaci\u00f3n expedida por los \u00f3rganos t\u00e9cnicos competentes de la Administraci\u00f3n correspondientes, que acredite tales condiciones, as\u00ed como certificaci\u00f3n de compatibilidad para el desempe\u00f1o de las funciones o tareas propias de la plaza o puesto de trabajo.<\/li>\n<li>2.\u00ba) Declaraci\u00f3n jurada de no haber sido separado mediante expediente disciplinario, de cualesquiera Administraciones P\u00fablicas, ni hallarse inhabilitado para el ejercicio de las funciones p\u00fablicas.<\/li>\n<li>3.\u00ba) Declaraci\u00f3n jurada de no encontrarse incurso en causa de incapacidad espec\u00edfica conforme a la normativa vigente.<\/li>\n<li>4\u00ba) Certificado m\u00e9dico oficial acreditativo de los extremos se\u00f1alados en la Base Segunda, letra e) o revisi\u00f3n por parte del Servicio de Prevenci\u00f3n contratado por el Ayuntamiento.<\/li>\n<\/ul>\n<p>Si no lo hiciera dentro del plazo se\u00f1alado, salvo causa de fuerza mayor, quedar\u00e1n anuladas todas sus actuaciones.<\/p>\n<p>El aspirante propuesto que tuviera la condici\u00f3n de funcionario p\u00fablico est\u00e1 exento de justificar las condiciones y requisitos acreditados ya en su anterior nombramiento, debiendo presentar \u00fanicamente certificaci\u00f3n del organismo de quien dependa, acreditando su condici\u00f3n y dem\u00e1s circunstancias exigidas que consten en su expediente personal.<\/p>\n<p><strong>DECIMOSEGUNDA.- <\/strong><strong>Cese.<\/strong><\/p>\n<p>Dado el car\u00e1cter de interinidad de los nombramientos, los aspirantes que finalmente sean nombrados, cesar\u00e1n por las causas previstas en los art\u00edculos 10 y 63 de la Ley 7\/2007, de 12 de abril y dem\u00e1s causas previstas en la legislaci\u00f3n vigente.<\/p>\n<p><strong>DECIMOTERCERA.-<\/strong><strong>Ley reguladora de la Oposici\u00f3n.<\/strong><\/p>\n<p>El s\u00f3lo hecho de presentar instancia solicitando tomar parte en esta oposici\u00f3n constituye sometimiento expreso de los aspirantes a las Bases reguladoras de la misma, que tiene consideraci\u00f3n de Ley Reguladora de esta Convocatoria.<\/p>\n<p>La presente convocatoria y sus anexos se regir\u00e1n por las disposiciones que le sean aplicables de las contenidas en los textos legales; Real Decreto Legislativo 5\/2015, de 30 de octubre, Ley 30\/84, de 2 de agosto, modificada por la Ley 23\/88, de 28 de julio, Ley 7\/85, de 2 de abril y disposiciones del R.D.L.781\/86, de 18 de abril, R.D. 896\/91, de 7 de junio, por el que se establecen las reglas b\u00e1sicas y los programas m\u00ednimos a que debe ajustarse el procedimiento de selecci\u00f3n de los funcionarios de la Administraci\u00f3n Local, y con car\u00e1cter supletorio el R.D. 364\/1995, de 10de marzo, y dem\u00e1s legislaci\u00f3n aplicable. La presente convocatoria, bases y cuantos actos administrativos de ella se derivan y de la actuaci\u00f3n del Tribunal Calificador, podr\u00e1n ser impugnados por los interesados en los casos, forma y plazo establecidos en la Ley del Procedimiento Administrativo Com\u00fan<\/p>\n<p><strong>ANEXO I\u00a0 Modelo de solicitud<\/strong><\/p>\n<p>\u00abD\/D\u00f1a______________________________________________, con DNI n\u00famero ________________________, con domicilio a efectos de notificaci\u00f3n en la calle _____________________________________________de _________________________ c\u00f3digo postal _________________, y tel\u00e9fono n\u00famero______________________________,<\/p>\n<p><strong>\u00a0<\/strong><strong>EXPONE:<\/strong><\/p>\n<p>Que enterado\/a de la convocatoria para la formaci\u00f3n de una bolsa de Personal de Limpieza, con car\u00e1cter de funcionario interino, y por el sistema de Concurso-Oposici\u00f3n libre, deseo participar en dicha selecci\u00f3n y con tal objeto manifiesto que:<\/p>\n<p>1.- Re\u00fano todos y cada unos de los requisitos exigidos de la convocatoria, referidas a la fecha de la finalizaci\u00f3n del plazo se\u00f1alado para la presentaci\u00f3n de la instancia, en las BASES que declaro conocer.<\/p>\n<p>2.- Me comprometo en el caso de obtener la plaza a prestar juramento o promesa de conformidad con el Real Decreto 70\/1979.<\/p>\n<p>Igualmente y para que la presente solicitud sea admitida a tr\u00e1mite adjunto los siguientes documentos:<\/p>\n<ul>\n<li>A) Fotocopia compulsada del DNI.<\/li>\n<li>B) Justificantes del pago de la tasa (N\u00ba de cuenta: ES22\/2048\/2029\/19\/3400000023).<\/li>\n<li>D) Fotocopia compulsada de la titulaci\u00f3n que se posee.<\/li>\n<li>E) Fotocopia compulsada de los m\u00e9ritos a valorar.<\/li>\n<\/ul>\n<p>En ______________________, a ____, de_______, de_____<\/p>\n<p>&nbsp;<\/p>\n<p><strong>Sr. Alcalde-Presidente del Ayuntamiento de Colindres\u201d<\/strong><\/p>\n<p><strong>Anexo II Temario<\/strong><\/p>\n<ul>\n<li><strong>Tema 1.-<\/strong> La Constituci\u00f3n Espa\u00f1ola de 1978. Estructura y principios generales.<\/li>\n<li><strong>Tema 2.-<\/strong> La\u00a0\u00a0 organizaci\u00f3n\u00a0\u00a0 municipal.\u00a0\u00a0 Competencias\u00a0\u00a0 b\u00e1sicas\u00a0\u00a0 de\u00a0\u00a0 los\u00a0\u00a0 municipios. \u00d3rganos del Ayuntamiento: El Alcalde, el Pleno y la Junta de Gobierno Local.<\/li>\n<li><strong>Tema 3.-<\/strong> El Estatuto B\u00e1sico del empleado p\u00fablico. Derechos y deberes de los empleados p\u00fablicos. R\u00e9gimen disciplinario.<\/li>\n<li><strong>Tema 4.-<\/strong> Seguridad y prevenci\u00f3n de riesgos laborales en los trabajos de limpieza. <strong>Tema 5.-<\/strong> La Organizaci\u00f3n y control del servicio de limpieza. Equipos de trabajo.<\/li>\n<li><strong>Tema 6.-<\/strong> Funciones del personal de limpieza.<\/li>\n<li><strong>Tema<\/strong> <strong>7.-<\/strong> Herramientas y \u00fatiles b\u00e1sicos de limpieza. Productos qu\u00edmicos en la limpieza<\/li>\n<li><strong>Tema 8.-<\/strong> Limpieza de centros p\u00fablicos. La limpieza de \u00e1reas administrativas. Limpieza de archivos y bibliotecas. Limpieza de aseos p\u00fablicos. Limpieza en instalaciones deportivas.<\/li>\n<li><strong>Tema 9.- <\/strong>Las instalaciones municipales del municipio de Colindres. Oficinas Municipales. Colegios. Instalaciones Deportivas.<\/li>\n<li><strong>Tema 10.-<\/strong> Conocimiento del t\u00e9rmino municipal. Localizaci\u00f3n de los principales servicios, dependencias y locales municipales.<\/li>\n<\/ul>\n<p>Colindres, a 17 de febrero de 2020.<\/p>\n<p>EL ALCALDE,<\/p>\n<p>Javier Incera Goyenechea.<\/p>\n<p><a href=\"https:\/\/www.colindres.es\/wp-content\/uploads\/2020\/03\/2-BASES-BOLSA-PERSONAL-DE-LIMPIEZA.pdf\">Descargar las bases en formsto pdf.<\/a><\/p>\n<p><a href=\"https:\/\/www.colindres.es\/wp-content\/uploads\/2020\/03\/4-INSTANCIA-1.doc\">Descargar la instancia en formato word..<\/a><\/p>\n<p><a href=\"https:\/\/www.colindres.es\/wp-content\/uploads\/2020\/03\/5-ANUNCIO-BOLSA-PERSONAL-DE-LIMPIEZA.pdf\">Descargar el anuncio en formato pdf.<\/a><\/p>\n","protected":false},"excerpt":{"rendered":"<p>Convocatoria de pruebas selectivas para la constituci\u00f3n, mediante concurso-oposici\u00f3n libre, de una BOLSA DE TRABAJO con destino al nombramiento de funcionarios interinos para Personal de Limpieza, Subescala de Servicios Especiales, Administraci\u00f3n Especial. BASES PRIMERA.-Objeto de Convocatoria. Es objeto de la presente convocatoria la constituci\u00f3n, mediante concurso-oposici\u00f3n libre, de una BOLSA DE TRABAJO con destino al [&hellip;]<\/p>\n","protected":false},"author":1,"featured_media":15132,"comment_status":"open","ping_status":"closed","sticky":false,"template":"","format":"standard","meta":{"_et_pb_use_builder":"","_et_pb_old_content":"","_et_gb_content_width":"","footnotes":""},"categories":[10],"tags":[],"class_list":["post-15156","post","type-post","status-publish","format-standard","has-post-thumbnail","hentry","category-anuncios"],"yoast_head":"<!-- This site is optimized with the Yoast SEO plugin v24.9 - https:\/\/yoast.com\/wordpress\/plugins\/seo\/ -->\n<title>Bases para la constituci\u00f3n de una Bolsa de Trabajo para PERSONAL DE LIMPIEZA, Subescala de Servicios Especiales, Administraci\u00f3n Especial (funcionario interino) - Ayuntamiento de Colindres<\/title>\n<meta name=\"robots\" content=\"index, follow, max-snippet:-1, max-image-preview:large, max-video-preview:-1\" \/>\n<link rel=\"canonical\" href=\"https:\/\/www.colindres.es\/index.php\/2020\/03\/02\/bases-para-la-constitucion-de-una-bolsa-de-trabajo-para-personal-de-limpieza-subescala-de-servicios-especiales-administracion-especial-funcionario-interino-2\/\" \/>\n<meta property=\"og:locale\" content=\"es_ES\" \/>\n<meta property=\"og:type\" content=\"article\" \/>\n<meta property=\"og:title\" content=\"Bases para la constituci\u00f3n de una Bolsa de Trabajo para PERSONAL DE LIMPIEZA, Subescala de Servicios Especiales, Administraci\u00f3n Especial (funcionario interino) - Ayuntamiento de Colindres\" \/>\n<meta property=\"og:description\" content=\"Convocatoria de pruebas selectivas para la constituci\u00f3n, mediante concurso-oposici\u00f3n libre, de una BOLSA DE TRABAJO con destino al nombramiento de funcionarios interinos para Personal de Limpieza, Subescala de Servicios Especiales, Administraci\u00f3n Especial. BASES PRIMERA.-Objeto de Convocatoria. Es objeto de la presente convocatoria la constituci\u00f3n, mediante concurso-oposici\u00f3n libre, de una BOLSA DE TRABAJO con destino al [&hellip;]\" \/>\n<meta property=\"og:url\" content=\"https:\/\/www.colindres.es\/index.php\/2020\/03\/02\/bases-para-la-constitucion-de-una-bolsa-de-trabajo-para-personal-de-limpieza-subescala-de-servicios-especiales-administracion-especial-funcionario-interino-2\/\" \/>\n<meta property=\"og:site_name\" content=\"Ayuntamiento de Colindres\" \/>\n<meta property=\"article:author\" content=\"https:\/\/es-la.facebook.com\/ayuntamiento.colindres\/\" \/>\n<meta property=\"article:published_time\" content=\"2020-03-02T21:53:09+00:00\" \/>\n<meta property=\"og:image\" content=\"https:\/\/www.colindres.es\/wp-content\/uploads\/2020\/02\/FullSizeRender-10-scaled.jpg\" \/>\n\t<meta property=\"og:image:width\" content=\"2560\" \/>\n\t<meta property=\"og:image:height\" content=\"1509\" \/>\n\t<meta property=\"og:image:type\" content=\"image\/jpeg\" \/>\n<meta name=\"author\" content=\"Ignacio S\u00e1inz San Emeterio\" \/>\n<meta name=\"twitter:card\" content=\"summary_large_image\" \/>\n<meta name=\"twitter:creator\" content=\"@https:\/\/twitter.com\/aytocolindres?lang=es\" \/>\n<meta name=\"twitter:label1\" content=\"Escrito por\" \/>\n\t<meta name=\"twitter:data1\" content=\"Ignacio S\u00e1inz San Emeterio\" \/>\n\t<meta name=\"twitter:label2\" content=\"Tiempo de lectura\" \/>\n\t<meta name=\"twitter:data2\" content=\"22 minutos\" \/>\n<script type=\"application\/ld+json\" class=\"yoast-schema-graph\">{\"@context\":\"https:\/\/schema.org\",\"@graph\":[{\"@type\":\"Article\",\"@id\":\"https:\/\/www.colindres.es\/index.php\/2020\/03\/02\/bases-para-la-constitucion-de-una-bolsa-de-trabajo-para-personal-de-limpieza-subescala-de-servicios-especiales-administracion-especial-funcionario-interino-2\/#article\",\"isPartOf\":{\"@id\":\"https:\/\/www.colindres.es\/index.php\/2020\/03\/02\/bases-para-la-constitucion-de-una-bolsa-de-trabajo-para-personal-de-limpieza-subescala-de-servicios-especiales-administracion-especial-funcionario-interino-2\/\"},\"author\":{\"name\":\"Ignacio S\u00e1inz San Emeterio\",\"@id\":\"https:\/\/www.colindres.es\/#\/schema\/person\/0225d0319539e212e866b144d841eafb\"},\"headline\":\"Bases para la constituci\u00f3n de una Bolsa de Trabajo para PERSONAL DE LIMPIEZA, Subescala de Servicios Especiales, Administraci\u00f3n Especial (funcionario interino)\",\"datePublished\":\"2020-03-02T21:53:09+00:00\",\"mainEntityOfPage\":{\"@id\":\"https:\/\/www.colindres.es\/index.php\/2020\/03\/02\/bases-para-la-constitucion-de-una-bolsa-de-trabajo-para-personal-de-limpieza-subescala-de-servicios-especiales-administracion-especial-funcionario-interino-2\/\"},\"wordCount\":4369,\"commentCount\":0,\"publisher\":{\"@id\":\"https:\/\/www.colindres.es\/#organization\"},\"image\":{\"@id\":\"https:\/\/www.colindres.es\/index.php\/2020\/03\/02\/bases-para-la-constitucion-de-una-bolsa-de-trabajo-para-personal-de-limpieza-subescala-de-servicios-especiales-administracion-especial-funcionario-interino-2\/#primaryimage\"},\"thumbnailUrl\":\"https:\/\/www.colindres.es\/wp-content\/uploads\/2020\/02\/FullSizeRender-10-scaled.jpg\",\"articleSection\":[\"Anuncios\"],\"inLanguage\":\"es\",\"potentialAction\":[{\"@type\":\"CommentAction\",\"name\":\"Comment\",\"target\":[\"https:\/\/www.colindres.es\/index.php\/2020\/03\/02\/bases-para-la-constitucion-de-una-bolsa-de-trabajo-para-personal-de-limpieza-subescala-de-servicios-especiales-administracion-especial-funcionario-interino-2\/#respond\"]}]},{\"@type\":\"WebPage\",\"@id\":\"https:\/\/www.colindres.es\/index.php\/2020\/03\/02\/bases-para-la-constitucion-de-una-bolsa-de-trabajo-para-personal-de-limpieza-subescala-de-servicios-especiales-administracion-especial-funcionario-interino-2\/\",\"url\":\"https:\/\/www.colindres.es\/index.php\/2020\/03\/02\/bases-para-la-constitucion-de-una-bolsa-de-trabajo-para-personal-de-limpieza-subescala-de-servicios-especiales-administracion-especial-funcionario-interino-2\/\",\"name\":\"Bases para la constituci\u00f3n de una Bolsa de Trabajo para PERSONAL DE LIMPIEZA, Subescala de Servicios Especiales, Administraci\u00f3n Especial (funcionario interino) - Ayuntamiento de Colindres\",\"isPartOf\":{\"@id\":\"https:\/\/www.colindres.es\/#website\"},\"primaryImageOfPage\":{\"@id\":\"https:\/\/www.colindres.es\/index.php\/2020\/03\/02\/bases-para-la-constitucion-de-una-bolsa-de-trabajo-para-personal-de-limpieza-subescala-de-servicios-especiales-administracion-especial-funcionario-interino-2\/#primaryimage\"},\"image\":{\"@id\":\"https:\/\/www.colindres.es\/index.php\/2020\/03\/02\/bases-para-la-constitucion-de-una-bolsa-de-trabajo-para-personal-de-limpieza-subescala-de-servicios-especiales-administracion-especial-funcionario-interino-2\/#primaryimage\"},\"thumbnailUrl\":\"https:\/\/www.colindres.es\/wp-content\/uploads\/2020\/02\/FullSizeRender-10-scaled.jpg\",\"datePublished\":\"2020-03-02T21:53:09+00:00\",\"breadcrumb\":{\"@id\":\"https:\/\/www.colindres.es\/index.php\/2020\/03\/02\/bases-para-la-constitucion-de-una-bolsa-de-trabajo-para-personal-de-limpieza-subescala-de-servicios-especiales-administracion-especial-funcionario-interino-2\/#breadcrumb\"},\"inLanguage\":\"es\",\"potentialAction\":[{\"@type\":\"ReadAction\",\"target\":[\"https:\/\/www.colindres.es\/index.php\/2020\/03\/02\/bases-para-la-constitucion-de-una-bolsa-de-trabajo-para-personal-de-limpieza-subescala-de-servicios-especiales-administracion-especial-funcionario-interino-2\/\"]}]},{\"@type\":\"ImageObject\",\"inLanguage\":\"es\",\"@id\":\"https:\/\/www.colindres.es\/index.php\/2020\/03\/02\/bases-para-la-constitucion-de-una-bolsa-de-trabajo-para-personal-de-limpieza-subescala-de-servicios-especiales-administracion-especial-funcionario-interino-2\/#primaryimage\",\"url\":\"https:\/\/www.colindres.es\/wp-content\/uploads\/2020\/02\/FullSizeRender-10-scaled.jpg\",\"contentUrl\":\"https:\/\/www.colindres.es\/wp-content\/uploads\/2020\/02\/FullSizeRender-10-scaled.jpg\",\"width\":2560,\"height\":1509,\"caption\":\"ayuntamiento de colindres\"},{\"@type\":\"BreadcrumbList\",\"@id\":\"https:\/\/www.colindres.es\/index.php\/2020\/03\/02\/bases-para-la-constitucion-de-una-bolsa-de-trabajo-para-personal-de-limpieza-subescala-de-servicios-especiales-administracion-especial-funcionario-interino-2\/#breadcrumb\",\"itemListElement\":[{\"@type\":\"ListItem\",\"position\":1,\"name\":\"Portada\",\"item\":\"https:\/\/www.colindres.es\/\"},{\"@type\":\"ListItem\",\"position\":2,\"name\":\"Bases para la constituci\u00f3n de una Bolsa de Trabajo para PERSONAL DE LIMPIEZA, Subescala de Servicios Especiales, Administraci\u00f3n Especial (funcionario interino)\"}]},{\"@type\":\"WebSite\",\"@id\":\"https:\/\/www.colindres.es\/#website\",\"url\":\"https:\/\/www.colindres.es\/\",\"name\":\"Ayuntamiento de Colindres\",\"description\":\"Dise\u00f1ado por NTIC&#039;s\",\"publisher\":{\"@id\":\"https:\/\/www.colindres.es\/#organization\"},\"potentialAction\":[{\"@type\":\"SearchAction\",\"target\":{\"@type\":\"EntryPoint\",\"urlTemplate\":\"https:\/\/www.colindres.es\/?s={search_term_string}\"},\"query-input\":{\"@type\":\"PropertyValueSpecification\",\"valueRequired\":true,\"valueName\":\"search_term_string\"}}],\"inLanguage\":\"es\"},{\"@type\":\"Organization\",\"@id\":\"https:\/\/www.colindres.es\/#organization\",\"name\":\"AYUNTAMIENTO DE COLINDRES\",\"url\":\"https:\/\/www.colindres.es\/\",\"logo\":{\"@type\":\"ImageObject\",\"inLanguage\":\"es\",\"@id\":\"https:\/\/www.colindres.es\/#\/schema\/logo\/image\/\",\"url\":\"https:\/\/www.colindres.es\/wp-content\/uploads\/2017\/01\/LOGO-PRINCIPAL.jpg\",\"contentUrl\":\"https:\/\/www.colindres.es\/wp-content\/uploads\/2017\/01\/LOGO-PRINCIPAL.jpg\",\"width\":1209,\"height\":579,\"caption\":\"AYUNTAMIENTO DE COLINDRES\"},\"image\":{\"@id\":\"https:\/\/www.colindres.es\/#\/schema\/logo\/image\/\"}},{\"@type\":\"Person\",\"@id\":\"https:\/\/www.colindres.es\/#\/schema\/person\/0225d0319539e212e866b144d841eafb\",\"name\":\"Ignacio S\u00e1inz San Emeterio\",\"image\":{\"@type\":\"ImageObject\",\"inLanguage\":\"es\",\"@id\":\"https:\/\/www.colindres.es\/#\/schema\/person\/image\/\",\"url\":\"https:\/\/secure.gravatar.com\/avatar\/c35e3c2e7764c40bdaf5a44f84884669f6fdecc485d5842b7a4b1a9d0c53eed8?s=96&d=mm&r=g\",\"contentUrl\":\"https:\/\/secure.gravatar.com\/avatar\/c35e3c2e7764c40bdaf5a44f84884669f6fdecc485d5842b7a4b1a9d0c53eed8?s=96&d=mm&r=g\",\"caption\":\"Ignacio S\u00e1inz San Emeterio\"},\"description\":\"Responsable Departamento NTIC's - Ayuntamiento de Colindres\",\"sameAs\":[\"https:\/\/www.colindres.es\",\"https:\/\/es-la.facebook.com\/ayuntamiento.colindres\/\",\"https:\/\/x.com\/https:\/\/twitter.com\/aytocolindres?lang=es\"],\"url\":\"https:\/\/www.colindres.es\/index.php\/author\/colindres\/\"}]}<\/script>\n<!-- \/ Yoast SEO plugin. -->","yoast_head_json":{"title":"Bases para la constituci\u00f3n de una Bolsa de Trabajo para PERSONAL DE LIMPIEZA, Subescala de Servicios Especiales, Administraci\u00f3n Especial (funcionario interino) - Ayuntamiento de Colindres","robots":{"index":"index","follow":"follow","max-snippet":"max-snippet:-1","max-image-preview":"max-image-preview:large","max-video-preview":"max-video-preview:-1"},"canonical":"https:\/\/www.colindres.es\/index.php\/2020\/03\/02\/bases-para-la-constitucion-de-una-bolsa-de-trabajo-para-personal-de-limpieza-subescala-de-servicios-especiales-administracion-especial-funcionario-interino-2\/","og_locale":"es_ES","og_type":"article","og_title":"Bases para la constituci\u00f3n de una Bolsa de Trabajo para PERSONAL DE LIMPIEZA, Subescala de Servicios Especiales, Administraci\u00f3n Especial (funcionario interino) - Ayuntamiento de Colindres","og_description":"Convocatoria de pruebas selectivas para la constituci\u00f3n, mediante concurso-oposici\u00f3n libre, de una BOLSA DE TRABAJO con destino al nombramiento de funcionarios interinos para Personal de Limpieza, Subescala de Servicios Especiales, Administraci\u00f3n Especial. BASES PRIMERA.-Objeto de Convocatoria. Es objeto de la presente convocatoria la constituci\u00f3n, mediante concurso-oposici\u00f3n libre, de una BOLSA DE TRABAJO con destino al [&hellip;]","og_url":"https:\/\/www.colindres.es\/index.php\/2020\/03\/02\/bases-para-la-constitucion-de-una-bolsa-de-trabajo-para-personal-de-limpieza-subescala-de-servicios-especiales-administracion-especial-funcionario-interino-2\/","og_site_name":"Ayuntamiento de Colindres","article_author":"https:\/\/es-la.facebook.com\/ayuntamiento.colindres\/","article_published_time":"2020-03-02T21:53:09+00:00","og_image":[{"width":2560,"height":1509,"url":"https:\/\/www.colindres.es\/wp-content\/uploads\/2020\/02\/FullSizeRender-10-scaled.jpg","type":"image\/jpeg"}],"author":"Ignacio S\u00e1inz San Emeterio","twitter_card":"summary_large_image","twitter_creator":"@https:\/\/twitter.com\/aytocolindres?lang=es","twitter_misc":{"Escrito por":"Ignacio S\u00e1inz San Emeterio","Tiempo de lectura":"22 minutos"},"schema":{"@context":"https:\/\/schema.org","@graph":[{"@type":"Article","@id":"https:\/\/www.colindres.es\/index.php\/2020\/03\/02\/bases-para-la-constitucion-de-una-bolsa-de-trabajo-para-personal-de-limpieza-subescala-de-servicios-especiales-administracion-especial-funcionario-interino-2\/#article","isPartOf":{"@id":"https:\/\/www.colindres.es\/index.php\/2020\/03\/02\/bases-para-la-constitucion-de-una-bolsa-de-trabajo-para-personal-de-limpieza-subescala-de-servicios-especiales-administracion-especial-funcionario-interino-2\/"},"author":{"name":"Ignacio S\u00e1inz San Emeterio","@id":"https:\/\/www.colindres.es\/#\/schema\/person\/0225d0319539e212e866b144d841eafb"},"headline":"Bases para la constituci\u00f3n de una Bolsa de Trabajo para PERSONAL DE LIMPIEZA, Subescala de Servicios Especiales, Administraci\u00f3n Especial (funcionario interino)","datePublished":"2020-03-02T21:53:09+00:00","mainEntityOfPage":{"@id":"https:\/\/www.colindres.es\/index.php\/2020\/03\/02\/bases-para-la-constitucion-de-una-bolsa-de-trabajo-para-personal-de-limpieza-subescala-de-servicios-especiales-administracion-especial-funcionario-interino-2\/"},"wordCount":4369,"commentCount":0,"publisher":{"@id":"https:\/\/www.colindres.es\/#organization"},"image":{"@id":"https:\/\/www.colindres.es\/index.php\/2020\/03\/02\/bases-para-la-constitucion-de-una-bolsa-de-trabajo-para-personal-de-limpieza-subescala-de-servicios-especiales-administracion-especial-funcionario-interino-2\/#primaryimage"},"thumbnailUrl":"https:\/\/www.colindres.es\/wp-content\/uploads\/2020\/02\/FullSizeRender-10-scaled.jpg","articleSection":["Anuncios"],"inLanguage":"es","potentialAction":[{"@type":"CommentAction","name":"Comment","target":["https:\/\/www.colindres.es\/index.php\/2020\/03\/02\/bases-para-la-constitucion-de-una-bolsa-de-trabajo-para-personal-de-limpieza-subescala-de-servicios-especiales-administracion-especial-funcionario-interino-2\/#respond"]}]},{"@type":"WebPage","@id":"https:\/\/www.colindres.es\/index.php\/2020\/03\/02\/bases-para-la-constitucion-de-una-bolsa-de-trabajo-para-personal-de-limpieza-subescala-de-servicios-especiales-administracion-especial-funcionario-interino-2\/","url":"https:\/\/www.colindres.es\/index.php\/2020\/03\/02\/bases-para-la-constitucion-de-una-bolsa-de-trabajo-para-personal-de-limpieza-subescala-de-servicios-especiales-administracion-especial-funcionario-interino-2\/","name":"Bases para la constituci\u00f3n de una Bolsa de Trabajo para PERSONAL DE LIMPIEZA, Subescala de Servicios Especiales, Administraci\u00f3n Especial (funcionario interino) - Ayuntamiento de Colindres","isPartOf":{"@id":"https:\/\/www.colindres.es\/#website"},"primaryImageOfPage":{"@id":"https:\/\/www.colindres.es\/index.php\/2020\/03\/02\/bases-para-la-constitucion-de-una-bolsa-de-trabajo-para-personal-de-limpieza-subescala-de-servicios-especiales-administracion-especial-funcionario-interino-2\/#primaryimage"},"image":{"@id":"https:\/\/www.colindres.es\/index.php\/2020\/03\/02\/bases-para-la-constitucion-de-una-bolsa-de-trabajo-para-personal-de-limpieza-subescala-de-servicios-especiales-administracion-especial-funcionario-interino-2\/#primaryimage"},"thumbnailUrl":"https:\/\/www.colindres.es\/wp-content\/uploads\/2020\/02\/FullSizeRender-10-scaled.jpg","datePublished":"2020-03-02T21:53:09+00:00","breadcrumb":{"@id":"https:\/\/www.colindres.es\/index.php\/2020\/03\/02\/bases-para-la-constitucion-de-una-bolsa-de-trabajo-para-personal-de-limpieza-subescala-de-servicios-especiales-administracion-especial-funcionario-interino-2\/#breadcrumb"},"inLanguage":"es","potentialAction":[{"@type":"ReadAction","target":["https:\/\/www.colindres.es\/index.php\/2020\/03\/02\/bases-para-la-constitucion-de-una-bolsa-de-trabajo-para-personal-de-limpieza-subescala-de-servicios-especiales-administracion-especial-funcionario-interino-2\/"]}]},{"@type":"ImageObject","inLanguage":"es","@id":"https:\/\/www.colindres.es\/index.php\/2020\/03\/02\/bases-para-la-constitucion-de-una-bolsa-de-trabajo-para-personal-de-limpieza-subescala-de-servicios-especiales-administracion-especial-funcionario-interino-2\/#primaryimage","url":"https:\/\/www.colindres.es\/wp-content\/uploads\/2020\/02\/FullSizeRender-10-scaled.jpg","contentUrl":"https:\/\/www.colindres.es\/wp-content\/uploads\/2020\/02\/FullSizeRender-10-scaled.jpg","width":2560,"height":1509,"caption":"ayuntamiento de colindres"},{"@type":"BreadcrumbList","@id":"https:\/\/www.colindres.es\/index.php\/2020\/03\/02\/bases-para-la-constitucion-de-una-bolsa-de-trabajo-para-personal-de-limpieza-subescala-de-servicios-especiales-administracion-especial-funcionario-interino-2\/#breadcrumb","itemListElement":[{"@type":"ListItem","position":1,"name":"Portada","item":"https:\/\/www.colindres.es\/"},{"@type":"ListItem","position":2,"name":"Bases para la constituci\u00f3n de una Bolsa de Trabajo para PERSONAL DE LIMPIEZA, Subescala de Servicios Especiales, Administraci\u00f3n Especial (funcionario interino)"}]},{"@type":"WebSite","@id":"https:\/\/www.colindres.es\/#website","url":"https:\/\/www.colindres.es\/","name":"Ayuntamiento de Colindres","description":"Dise\u00f1ado por NTIC&#039;s","publisher":{"@id":"https:\/\/www.colindres.es\/#organization"},"potentialAction":[{"@type":"SearchAction","target":{"@type":"EntryPoint","urlTemplate":"https:\/\/www.colindres.es\/?s={search_term_string}"},"query-input":{"@type":"PropertyValueSpecification","valueRequired":true,"valueName":"search_term_string"}}],"inLanguage":"es"},{"@type":"Organization","@id":"https:\/\/www.colindres.es\/#organization","name":"AYUNTAMIENTO DE COLINDRES","url":"https:\/\/www.colindres.es\/","logo":{"@type":"ImageObject","inLanguage":"es","@id":"https:\/\/www.colindres.es\/#\/schema\/logo\/image\/","url":"https:\/\/www.colindres.es\/wp-content\/uploads\/2017\/01\/LOGO-PRINCIPAL.jpg","contentUrl":"https:\/\/www.colindres.es\/wp-content\/uploads\/2017\/01\/LOGO-PRINCIPAL.jpg","width":1209,"height":579,"caption":"AYUNTAMIENTO DE COLINDRES"},"image":{"@id":"https:\/\/www.colindres.es\/#\/schema\/logo\/image\/"}},{"@type":"Person","@id":"https:\/\/www.colindres.es\/#\/schema\/person\/0225d0319539e212e866b144d841eafb","name":"Ignacio S\u00e1inz San Emeterio","image":{"@type":"ImageObject","inLanguage":"es","@id":"https:\/\/www.colindres.es\/#\/schema\/person\/image\/","url":"https:\/\/secure.gravatar.com\/avatar\/c35e3c2e7764c40bdaf5a44f84884669f6fdecc485d5842b7a4b1a9d0c53eed8?s=96&d=mm&r=g","contentUrl":"https:\/\/secure.gravatar.com\/avatar\/c35e3c2e7764c40bdaf5a44f84884669f6fdecc485d5842b7a4b1a9d0c53eed8?s=96&d=mm&r=g","caption":"Ignacio S\u00e1inz San Emeterio"},"description":"Responsable Departamento NTIC's - Ayuntamiento de Colindres","sameAs":["https:\/\/www.colindres.es","https:\/\/es-la.facebook.com\/ayuntamiento.colindres\/","https:\/\/x.com\/https:\/\/twitter.com\/aytocolindres?lang=es"],"url":"https:\/\/www.colindres.es\/index.php\/author\/colindres\/"}]}},"_links":{"self":[{"href":"https:\/\/www.colindres.es\/index.php\/wp-json\/wp\/v2\/posts\/15156","targetHints":{"allow":["GET"]}}],"collection":[{"href":"https:\/\/www.colindres.es\/index.php\/wp-json\/wp\/v2\/posts"}],"about":[{"href":"https:\/\/www.colindres.es\/index.php\/wp-json\/wp\/v2\/types\/post"}],"author":[{"embeddable":true,"href":"https:\/\/www.colindres.es\/index.php\/wp-json\/wp\/v2\/users\/1"}],"replies":[{"embeddable":true,"href":"https:\/\/www.colindres.es\/index.php\/wp-json\/wp\/v2\/comments?post=15156"}],"version-history":[{"count":1,"href":"https:\/\/www.colindres.es\/index.php\/wp-json\/wp\/v2\/posts\/15156\/revisions"}],"predecessor-version":[{"id":15161,"href":"https:\/\/www.colindres.es\/index.php\/wp-json\/wp\/v2\/posts\/15156\/revisions\/15161"}],"wp:featuredmedia":[{"embeddable":true,"href":"https:\/\/www.colindres.es\/index.php\/wp-json\/wp\/v2\/media\/15132"}],"wp:attachment":[{"href":"https:\/\/www.colindres.es\/index.php\/wp-json\/wp\/v2\/media?parent=15156"}],"wp:term":[{"taxonomy":"category","embeddable":true,"href":"https:\/\/www.colindres.es\/index.php\/wp-json\/wp\/v2\/categories?post=15156"},{"taxonomy":"post_tag","embeddable":true,"href":"https:\/\/www.colindres.es\/index.php\/wp-json\/wp\/v2\/tags?post=15156"}],"curies":[{"name":"wp","href":"https:\/\/api.w.org\/{rel}","templated":true}]}}