{"id":14865,"date":"2019-09-16T12:54:42","date_gmt":"2019-09-16T10:54:42","guid":{"rendered":"https:\/\/www.colindres.es\/?p=14865"},"modified":"2019-09-16T12:54:42","modified_gmt":"2019-09-16T10:54:42","slug":"aviso-importante-servicio-de-obras","status":"publish","type":"post","link":"https:\/\/www.colindres.es\/index.php\/2019\/09\/16\/aviso-importante-servicio-de-obras\/","title":{"rendered":"AVISO IMPORTANTE &#8211; SERVICIO DE OBRAS"},"content":{"rendered":"<p><strong><em>MARTES 17 DE SEPTIEMBRE DE 2019 &#8211; Obras de reparaci\u00f3n del pozo de saneamiento general de la calle Santander<\/em><\/strong>.<\/p>\n<p>Para lo que se va a cortar los dos carriles de la calle Santander a la altura de la pizzer\u00eda con una previsi\u00f3n de 48h. Las comunidades afectadas deber\u00e1n utilizar las otras salidas de sus zonas habituales de aparcamiento, \u00a0as\u00ed como el cambio de itinerario de circulaci\u00f3n por el centro del municipio.<\/p>\n<p>Disculpen las molestias.<\/p>\n","protected":false},"excerpt":{"rendered":"<p>MARTES 17 DE SEPTIEMBRE DE 2019 &#8211; Obras de reparaci\u00f3n del pozo de saneamiento general de la calle Santander. Para lo que se va a cortar los dos carriles de la calle Santander a la altura de la pizzer\u00eda con una previsi\u00f3n de 48h. Las comunidades afectadas deber\u00e1n utilizar las otras salidas de sus zonas [&hellip;]<\/p>\n","protected":false},"author":1,"featured_media":14866,"comment_status":"open","ping_status":"closed","sticky":false,"template":"","format":"standard","meta":{"_et_pb_use_builder":"","_et_pb_old_content":"","_et_gb_content_width":"","footnotes":""},"categories":[3],"tags":[],"class_list":["post-14865","post","type-post","status-publish","format-standard","has-post-thumbnail","hentry","category-avisos"],"yoast_head":"<!-- This site is optimized with the Yoast SEO plugin v24.9 - https:\/\/yoast.com\/wordpress\/plugins\/seo\/ -->\n<title>AVISO IMPORTANTE - SERVICIO DE OBRAS - Ayuntamiento de Colindres<\/title>\n<meta name=\"robots\" content=\"index, follow, max-snippet:-1, max-image-preview:large, max-video-preview:-1\" \/>\n<link rel=\"canonical\" href=\"https:\/\/www.colindres.es\/index.php\/2019\/09\/16\/aviso-importante-servicio-de-obras\/\" \/>\n<meta property=\"og:locale\" content=\"es_ES\" \/>\n<meta property=\"og:type\" content=\"article\" \/>\n<meta property=\"og:title\" content=\"AVISO IMPORTANTE - SERVICIO DE OBRAS - Ayuntamiento de Colindres\" \/>\n<meta property=\"og:description\" content=\"MARTES 17 DE SEPTIEMBRE DE 2019 &#8211; Obras de reparaci\u00f3n del pozo de saneamiento general de la calle Santander. Para lo que se va a cortar los dos carriles de la calle Santander a la altura de la pizzer\u00eda con una previsi\u00f3n de 48h. Las comunidades afectadas deber\u00e1n utilizar las otras salidas de sus zonas [&hellip;]\" \/>\n<meta property=\"og:url\" content=\"https:\/\/www.colindres.es\/index.php\/2019\/09\/16\/aviso-importante-servicio-de-obras\/\" \/>\n<meta property=\"og:site_name\" content=\"Ayuntamiento de Colindres\" \/>\n<meta property=\"article:author\" content=\"https:\/\/es-la.facebook.com\/ayuntamiento.colindres\/\" \/>\n<meta property=\"article:published_time\" content=\"2019-09-16T10:54:42+00:00\" \/>\n<meta property=\"og:image\" content=\"https:\/\/www.colindres.es\/wp-content\/uploads\/2019\/09\/imagen-obra.png\" \/>\n\t<meta property=\"og:image:width\" content=\"912\" \/>\n\t<meta property=\"og:image:height\" content=\"718\" \/>\n\t<meta property=\"og:image:type\" content=\"image\/png\" \/>\n<meta name=\"author\" content=\"Ignacio S\u00e1inz San Emeterio\" \/>\n<meta name=\"twitter:card\" content=\"summary_large_image\" \/>\n<meta name=\"twitter:creator\" content=\"@https:\/\/twitter.com\/aytocolindres?lang=es\" \/>\n<meta name=\"twitter:label1\" content=\"Escrito por\" \/>\n\t<meta name=\"twitter:data1\" content=\"Ignacio S\u00e1inz San Emeterio\" \/>\n<script type=\"application\/ld+json\" class=\"yoast-schema-graph\">{\"@context\":\"https:\/\/schema.org\",\"@graph\":[{\"@type\":\"Article\",\"@id\":\"https:\/\/www.colindres.es\/index.php\/2019\/09\/16\/aviso-importante-servicio-de-obras\/#article\",\"isPartOf\":{\"@id\":\"https:\/\/www.colindres.es\/index.php\/2019\/09\/16\/aviso-importante-servicio-de-obras\/\"},\"author\":{\"name\":\"Ignacio S\u00e1inz San Emeterio\",\"@id\":\"https:\/\/www.colindres.es\/#\/schema\/person\/0225d0319539e212e866b144d841eafb\"},\"headline\":\"AVISO IMPORTANTE &#8211; SERVICIO DE OBRAS\",\"datePublished\":\"2019-09-16T10:54:42+00:00\",\"mainEntityOfPage\":{\"@id\":\"https:\/\/www.colindres.es\/index.php\/2019\/09\/16\/aviso-importante-servicio-de-obras\/\"},\"wordCount\":83,\"commentCount\":0,\"publisher\":{\"@id\":\"https:\/\/www.colindres.es\/#organization\"},\"image\":{\"@id\":\"https:\/\/www.colindres.es\/index.php\/2019\/09\/16\/aviso-importante-servicio-de-obras\/#primaryimage\"},\"thumbnailUrl\":\"https:\/\/www.colindres.es\/wp-content\/uploads\/2019\/09\/imagen-obra.png\",\"articleSection\":[\"Avisos\"],\"inLanguage\":\"es\",\"potentialAction\":[{\"@type\":\"CommentAction\",\"name\":\"Comment\",\"target\":[\"https:\/\/www.colindres.es\/index.php\/2019\/09\/16\/aviso-importante-servicio-de-obras\/#respond\"]}]},{\"@type\":\"WebPage\",\"@id\":\"https:\/\/www.colindres.es\/index.php\/2019\/09\/16\/aviso-importante-servicio-de-obras\/\",\"url\":\"https:\/\/www.colindres.es\/index.php\/2019\/09\/16\/aviso-importante-servicio-de-obras\/\",\"name\":\"AVISO IMPORTANTE - SERVICIO DE OBRAS - Ayuntamiento de Colindres\",\"isPartOf\":{\"@id\":\"https:\/\/www.colindres.es\/#website\"},\"primaryImageOfPage\":{\"@id\":\"https:\/\/www.colindres.es\/index.php\/2019\/09\/16\/aviso-importante-servicio-de-obras\/#primaryimage\"},\"image\":{\"@id\":\"https:\/\/www.colindres.es\/index.php\/2019\/09\/16\/aviso-importante-servicio-de-obras\/#primaryimage\"},\"thumbnailUrl\":\"https:\/\/www.colindres.es\/wp-content\/uploads\/2019\/09\/imagen-obra.png\",\"datePublished\":\"2019-09-16T10:54:42+00:00\",\"breadcrumb\":{\"@id\":\"https:\/\/www.colindres.es\/index.php\/2019\/09\/16\/aviso-importante-servicio-de-obras\/#breadcrumb\"},\"inLanguage\":\"es\",\"potentialAction\":[{\"@type\":\"ReadAction\",\"target\":[\"https:\/\/www.colindres.es\/index.php\/2019\/09\/16\/aviso-importante-servicio-de-obras\/\"]}]},{\"@type\":\"ImageObject\",\"inLanguage\":\"es\",\"@id\":\"https:\/\/www.colindres.es\/index.php\/2019\/09\/16\/aviso-importante-servicio-de-obras\/#primaryimage\",\"url\":\"https:\/\/www.colindres.es\/wp-content\/uploads\/2019\/09\/imagen-obra.png\",\"contentUrl\":\"https:\/\/www.colindres.es\/wp-content\/uploads\/2019\/09\/imagen-obra.png\",\"width\":912,\"height\":718},{\"@type\":\"BreadcrumbList\",\"@id\":\"https:\/\/www.colindres.es\/index.php\/2019\/09\/16\/aviso-importante-servicio-de-obras\/#breadcrumb\",\"itemListElement\":[{\"@type\":\"ListItem\",\"position\":1,\"name\":\"Portada\",\"item\":\"https:\/\/www.colindres.es\/\"},{\"@type\":\"ListItem\",\"position\":2,\"name\":\"AVISO IMPORTANTE &#8211; SERVICIO DE OBRAS\"}]},{\"@type\":\"WebSite\",\"@id\":\"https:\/\/www.colindres.es\/#website\",\"url\":\"https:\/\/www.colindres.es\/\",\"name\":\"Ayuntamiento de Colindres\",\"description\":\"Dise\u00f1ado por NTIC&#039;s\",\"publisher\":{\"@id\":\"https:\/\/www.colindres.es\/#organization\"},\"potentialAction\":[{\"@type\":\"SearchAction\",\"target\":{\"@type\":\"EntryPoint\",\"urlTemplate\":\"https:\/\/www.colindres.es\/?s={search_term_string}\"},\"query-input\":{\"@type\":\"PropertyValueSpecification\",\"valueRequired\":true,\"valueName\":\"search_term_string\"}}],\"inLanguage\":\"es\"},{\"@type\":\"Organization\",\"@id\":\"https:\/\/www.colindres.es\/#organization\",\"name\":\"AYUNTAMIENTO DE COLINDRES\",\"url\":\"https:\/\/www.colindres.es\/\",\"logo\":{\"@type\":\"ImageObject\",\"inLanguage\":\"es\",\"@id\":\"https:\/\/www.colindres.es\/#\/schema\/logo\/image\/\",\"url\":\"https:\/\/www.colindres.es\/wp-content\/uploads\/2017\/01\/LOGO-PRINCIPAL.jpg\",\"contentUrl\":\"https:\/\/www.colindres.es\/wp-content\/uploads\/2017\/01\/LOGO-PRINCIPAL.jpg\",\"width\":1209,\"height\":579,\"caption\":\"AYUNTAMIENTO DE COLINDRES\"},\"image\":{\"@id\":\"https:\/\/www.colindres.es\/#\/schema\/logo\/image\/\"}},{\"@type\":\"Person\",\"@id\":\"https:\/\/www.colindres.es\/#\/schema\/person\/0225d0319539e212e866b144d841eafb\",\"name\":\"Ignacio S\u00e1inz San Emeterio\",\"image\":{\"@type\":\"ImageObject\",\"inLanguage\":\"es\",\"@id\":\"https:\/\/www.colindres.es\/#\/schema\/person\/image\/\",\"url\":\"https:\/\/secure.gravatar.com\/avatar\/c35e3c2e7764c40bdaf5a44f84884669f6fdecc485d5842b7a4b1a9d0c53eed8?s=96&d=mm&r=g\",\"contentUrl\":\"https:\/\/secure.gravatar.com\/avatar\/c35e3c2e7764c40bdaf5a44f84884669f6fdecc485d5842b7a4b1a9d0c53eed8?s=96&d=mm&r=g\",\"caption\":\"Ignacio S\u00e1inz San Emeterio\"},\"description\":\"Responsable Departamento NTIC's - Ayuntamiento de Colindres\",\"sameAs\":[\"https:\/\/www.colindres.es\",\"https:\/\/es-la.facebook.com\/ayuntamiento.colindres\/\",\"https:\/\/x.com\/https:\/\/twitter.com\/aytocolindres?lang=es\"],\"url\":\"https:\/\/www.colindres.es\/index.php\/author\/colindres\/\"}]}<\/script>\n<!-- \/ Yoast SEO plugin. -->","yoast_head_json":{"title":"AVISO IMPORTANTE - SERVICIO DE OBRAS - Ayuntamiento de Colindres","robots":{"index":"index","follow":"follow","max-snippet":"max-snippet:-1","max-image-preview":"max-image-preview:large","max-video-preview":"max-video-preview:-1"},"canonical":"https:\/\/www.colindres.es\/index.php\/2019\/09\/16\/aviso-importante-servicio-de-obras\/","og_locale":"es_ES","og_type":"article","og_title":"AVISO IMPORTANTE - SERVICIO DE OBRAS - Ayuntamiento de Colindres","og_description":"MARTES 17 DE SEPTIEMBRE DE 2019 &#8211; Obras de reparaci\u00f3n del pozo de saneamiento general de la calle Santander. Para lo que se va a cortar los dos carriles de la calle Santander a la altura de la pizzer\u00eda con una previsi\u00f3n de 48h. Las comunidades afectadas deber\u00e1n utilizar las otras salidas de sus zonas [&hellip;]","og_url":"https:\/\/www.colindres.es\/index.php\/2019\/09\/16\/aviso-importante-servicio-de-obras\/","og_site_name":"Ayuntamiento de Colindres","article_author":"https:\/\/es-la.facebook.com\/ayuntamiento.colindres\/","article_published_time":"2019-09-16T10:54:42+00:00","og_image":[{"width":912,"height":718,"url":"https:\/\/www.colindres.es\/wp-content\/uploads\/2019\/09\/imagen-obra.png","type":"image\/png"}],"author":"Ignacio S\u00e1inz San Emeterio","twitter_card":"summary_large_image","twitter_creator":"@https:\/\/twitter.com\/aytocolindres?lang=es","twitter_misc":{"Escrito por":"Ignacio S\u00e1inz San Emeterio"},"schema":{"@context":"https:\/\/schema.org","@graph":[{"@type":"Article","@id":"https:\/\/www.colindres.es\/index.php\/2019\/09\/16\/aviso-importante-servicio-de-obras\/#article","isPartOf":{"@id":"https:\/\/www.colindres.es\/index.php\/2019\/09\/16\/aviso-importante-servicio-de-obras\/"},"author":{"name":"Ignacio S\u00e1inz San Emeterio","@id":"https:\/\/www.colindres.es\/#\/schema\/person\/0225d0319539e212e866b144d841eafb"},"headline":"AVISO IMPORTANTE &#8211; SERVICIO DE OBRAS","datePublished":"2019-09-16T10:54:42+00:00","mainEntityOfPage":{"@id":"https:\/\/www.colindres.es\/index.php\/2019\/09\/16\/aviso-importante-servicio-de-obras\/"},"wordCount":83,"commentCount":0,"publisher":{"@id":"https:\/\/www.colindres.es\/#organization"},"image":{"@id":"https:\/\/www.colindres.es\/index.php\/2019\/09\/16\/aviso-importante-servicio-de-obras\/#primaryimage"},"thumbnailUrl":"https:\/\/www.colindres.es\/wp-content\/uploads\/2019\/09\/imagen-obra.png","articleSection":["Avisos"],"inLanguage":"es","potentialAction":[{"@type":"CommentAction","name":"Comment","target":["https:\/\/www.colindres.es\/index.php\/2019\/09\/16\/aviso-importante-servicio-de-obras\/#respond"]}]},{"@type":"WebPage","@id":"https:\/\/www.colindres.es\/index.php\/2019\/09\/16\/aviso-importante-servicio-de-obras\/","url":"https:\/\/www.colindres.es\/index.php\/2019\/09\/16\/aviso-importante-servicio-de-obras\/","name":"AVISO IMPORTANTE - SERVICIO DE OBRAS - Ayuntamiento de Colindres","isPartOf":{"@id":"https:\/\/www.colindres.es\/#website"},"primaryImageOfPage":{"@id":"https:\/\/www.colindres.es\/index.php\/2019\/09\/16\/aviso-importante-servicio-de-obras\/#primaryimage"},"image":{"@id":"https:\/\/www.colindres.es\/index.php\/2019\/09\/16\/aviso-importante-servicio-de-obras\/#primaryimage"},"thumbnailUrl":"https:\/\/www.colindres.es\/wp-content\/uploads\/2019\/09\/imagen-obra.png","datePublished":"2019-09-16T10:54:42+00:00","breadcrumb":{"@id":"https:\/\/www.colindres.es\/index.php\/2019\/09\/16\/aviso-importante-servicio-de-obras\/#breadcrumb"},"inLanguage":"es","potentialAction":[{"@type":"ReadAction","target":["https:\/\/www.colindres.es\/index.php\/2019\/09\/16\/aviso-importante-servicio-de-obras\/"]}]},{"@type":"ImageObject","inLanguage":"es","@id":"https:\/\/www.colindres.es\/index.php\/2019\/09\/16\/aviso-importante-servicio-de-obras\/#primaryimage","url":"https:\/\/www.colindres.es\/wp-content\/uploads\/2019\/09\/imagen-obra.png","contentUrl":"https:\/\/www.colindres.es\/wp-content\/uploads\/2019\/09\/imagen-obra.png","width":912,"height":718},{"@type":"BreadcrumbList","@id":"https:\/\/www.colindres.es\/index.php\/2019\/09\/16\/aviso-importante-servicio-de-obras\/#breadcrumb","itemListElement":[{"@type":"ListItem","position":1,"name":"Portada","item":"https:\/\/www.colindres.es\/"},{"@type":"ListItem","position":2,"name":"AVISO IMPORTANTE &#8211; SERVICIO DE OBRAS"}]},{"@type":"WebSite","@id":"https:\/\/www.colindres.es\/#website","url":"https:\/\/www.colindres.es\/","name":"Ayuntamiento de Colindres","description":"Dise\u00f1ado por NTIC&#039;s","publisher":{"@id":"https:\/\/www.colindres.es\/#organization"},"potentialAction":[{"@type":"SearchAction","target":{"@type":"EntryPoint","urlTemplate":"https:\/\/www.colindres.es\/?s={search_term_string}"},"query-input":{"@type":"PropertyValueSpecification","valueRequired":true,"valueName":"search_term_string"}}],"inLanguage":"es"},{"@type":"Organization","@id":"https:\/\/www.colindres.es\/#organization","name":"AYUNTAMIENTO DE COLINDRES","url":"https:\/\/www.colindres.es\/","logo":{"@type":"ImageObject","inLanguage":"es","@id":"https:\/\/www.colindres.es\/#\/schema\/logo\/image\/","url":"https:\/\/www.colindres.es\/wp-content\/uploads\/2017\/01\/LOGO-PRINCIPAL.jpg","contentUrl":"https:\/\/www.colindres.es\/wp-content\/uploads\/2017\/01\/LOGO-PRINCIPAL.jpg","width":1209,"height":579,"caption":"AYUNTAMIENTO DE COLINDRES"},"image":{"@id":"https:\/\/www.colindres.es\/#\/schema\/logo\/image\/"}},{"@type":"Person","@id":"https:\/\/www.colindres.es\/#\/schema\/person\/0225d0319539e212e866b144d841eafb","name":"Ignacio S\u00e1inz San Emeterio","image":{"@type":"ImageObject","inLanguage":"es","@id":"https:\/\/www.colindres.es\/#\/schema\/person\/image\/","url":"https:\/\/secure.gravatar.com\/avatar\/c35e3c2e7764c40bdaf5a44f84884669f6fdecc485d5842b7a4b1a9d0c53eed8?s=96&d=mm&r=g","contentUrl":"https:\/\/secure.gravatar.com\/avatar\/c35e3c2e7764c40bdaf5a44f84884669f6fdecc485d5842b7a4b1a9d0c53eed8?s=96&d=mm&r=g","caption":"Ignacio S\u00e1inz San Emeterio"},"description":"Responsable Departamento NTIC's - Ayuntamiento de Colindres","sameAs":["https:\/\/www.colindres.es","https:\/\/es-la.facebook.com\/ayuntamiento.colindres\/","https:\/\/x.com\/https:\/\/twitter.com\/aytocolindres?lang=es"],"url":"https:\/\/www.colindres.es\/index.php\/author\/colindres\/"}]}},"_links":{"self":[{"href":"https:\/\/www.colindres.es\/index.php\/wp-json\/wp\/v2\/posts\/14865","targetHints":{"allow":["GET"]}}],"collection":[{"href":"https:\/\/www.colindres.es\/index.php\/wp-json\/wp\/v2\/posts"}],"about":[{"href":"https:\/\/www.colindres.es\/index.php\/wp-json\/wp\/v2\/types\/post"}],"author":[{"embeddable":true,"href":"https:\/\/www.colindres.es\/index.php\/wp-json\/wp\/v2\/users\/1"}],"replies":[{"embeddable":true,"href":"https:\/\/www.colindres.es\/index.php\/wp-json\/wp\/v2\/comments?post=14865"}],"version-history":[{"count":1,"href":"https:\/\/www.colindres.es\/index.php\/wp-json\/wp\/v2\/posts\/14865\/revisions"}],"predecessor-version":[{"id":14867,"href":"https:\/\/www.colindres.es\/index.php\/wp-json\/wp\/v2\/posts\/14865\/revisions\/14867"}],"wp:featuredmedia":[{"embeddable":true,"href":"https:\/\/www.colindres.es\/index.php\/wp-json\/wp\/v2\/media\/14866"}],"wp:attachment":[{"href":"https:\/\/www.colindres.es\/index.php\/wp-json\/wp\/v2\/media?parent=14865"}],"wp:term":[{"taxonomy":"category","embeddable":true,"href":"https:\/\/www.colindres.es\/index.php\/wp-json\/wp\/v2\/categories?post=14865"},{"taxonomy":"post_tag","embeddable":true,"href":"https:\/\/www.colindres.es\/index.php\/wp-json\/wp\/v2\/tags?post=14865"}],"curies":[{"name":"wp","href":"https:\/\/api.w.org\/{rel}","templated":true}]}}