{"id":14178,"date":"2019-03-11T08:58:23","date_gmt":"2019-03-11T07:58:23","guid":{"rendered":"https:\/\/www.colindres.es\/?p=14178"},"modified":"2019-03-11T08:59:26","modified_gmt":"2019-03-11T07:59:26","slug":"bando-municipal-elecciones-generales-a-celebrar-el-28-de-abril-de-2019-2","status":"publish","type":"post","link":"https:\/\/www.colindres.es\/index.php\/2019\/03\/11\/bando-municipal-elecciones-generales-a-celebrar-el-28-de-abril-de-2019-2\/","title":{"rendered":"BANDO MUNICIPAL &#8211; Elecciones Generales a celebrar el 28 de Abril de 2019"},"content":{"rendered":"<p>Por medio del presente Bando municipal se pone en conocimiento de los vecinos\/as del municipio de Colindres, que con motivo de las Elecciones Generales a celebrar el 28 de Abril de 2019, desde el 11 al 18 de marzo de 2019 (ambos inclusive) estar\u00e1n expuesto el CENSO ELECTORAL en las Oficinas Generales del Ayuntamiento para su consulta y, en su caso, presentaci\u00f3n de reclamaciones.<\/p>\n<ul>\n<li>El horario ser\u00e1 de 08:00 a 14:00 horas de lunes a viernes.<\/li>\n<li>La consulta deber\u00e1 formularla el propio interesado previa identificaci\u00f3n (DNI, pasaporte o permiso de conducir en el que aparezca la fotograf\u00eda del titular).<\/li>\n<li>Se comunica tambi\u00e9n que las reclamaciones al censo electoral deber\u00e1n tener entrada en la delegaci\u00f3n del Gobierno antes de las 12 horas del d\u00eda 19 de marzo de 2019 (se presentar\u00e1n en el ayuntamiento con anterioridad entre los d\u00edas 11 y 18 de marzo de 2019).<\/li>\n<\/ul>\n<p>Para general conocimiento se emite el presente Bando municipal, ordenando su exposici\u00f3n en los lugares de costumbre.<\/p>\n<p>En Colindres, a la fecha de la firma electr\u00f3nica.<\/p>\n<p>El Alcalde,<\/p>\n<p>Javier Incera Goyenechea.<\/p>\n<p>Documento firmado electr\u00f3nicamente (Ley 39\/2015, de 1 de octubre)<\/p>\n","protected":false},"excerpt":{"rendered":"<p>Por medio del presente Bando municipal se pone en conocimiento de los vecinos\/as del municipio de Colindres, que con motivo de las Elecciones Generales a celebrar el 28 de Abril de 2019, desde el 11 al 18 de marzo de 2019 (ambos inclusive) estar\u00e1n expuesto el CENSO ELECTORAL en las Oficinas Generales del Ayuntamiento para [&hellip;]<\/p>\n","protected":false},"author":1,"featured_media":151,"comment_status":"open","ping_status":"closed","sticky":false,"template":"","format":"standard","meta":{"_et_pb_use_builder":"","_et_pb_old_content":"","_et_gb_content_width":"","footnotes":""},"categories":[4],"tags":[],"class_list":["post-14178","post","type-post","status-publish","format-standard","has-post-thumbnail","hentry","category-bandos-y-varios"],"yoast_head":"<!-- This site is optimized with the Yoast SEO plugin v24.9 - https:\/\/yoast.com\/wordpress\/plugins\/seo\/ -->\n<title>BANDO MUNICIPAL - Elecciones Generales a celebrar el 28 de Abril de 2019 - Ayuntamiento de Colindres<\/title>\n<meta name=\"robots\" content=\"index, follow, max-snippet:-1, max-image-preview:large, max-video-preview:-1\" \/>\n<link rel=\"canonical\" href=\"https:\/\/www.colindres.es\/index.php\/2019\/03\/11\/bando-municipal-elecciones-generales-a-celebrar-el-28-de-abril-de-2019-2\/\" \/>\n<meta property=\"og:locale\" content=\"es_ES\" \/>\n<meta property=\"og:type\" content=\"article\" \/>\n<meta property=\"og:title\" content=\"BANDO MUNICIPAL - Elecciones Generales a celebrar el 28 de Abril de 2019 - Ayuntamiento de Colindres\" \/>\n<meta property=\"og:description\" content=\"Por medio del presente Bando municipal se pone en conocimiento de los vecinos\/as del municipio de Colindres, que con motivo de las Elecciones Generales a celebrar el 28 de Abril de 2019, desde el 11 al 18 de marzo de 2019 (ambos inclusive) estar\u00e1n expuesto el CENSO ELECTORAL en las Oficinas Generales del Ayuntamiento para [&hellip;]\" \/>\n<meta property=\"og:url\" content=\"https:\/\/www.colindres.es\/index.php\/2019\/03\/11\/bando-municipal-elecciones-generales-a-celebrar-el-28-de-abril-de-2019-2\/\" \/>\n<meta property=\"og:site_name\" content=\"Ayuntamiento de Colindres\" \/>\n<meta property=\"article:author\" content=\"https:\/\/es-la.facebook.com\/ayuntamiento.colindres\/\" \/>\n<meta property=\"article:published_time\" content=\"2019-03-11T07:58:23+00:00\" \/>\n<meta property=\"article:modified_time\" content=\"2019-03-11T07:59:26+00:00\" \/>\n<meta property=\"og:image\" content=\"https:\/\/www.colindres.es\/wp-content\/uploads\/2017\/01\/LOGO-PRINCIPAL.jpg\" \/>\n\t<meta property=\"og:image:width\" content=\"1209\" \/>\n\t<meta property=\"og:image:height\" content=\"579\" \/>\n\t<meta property=\"og:image:type\" content=\"image\/jpeg\" \/>\n<meta name=\"author\" content=\"Ignacio S\u00e1inz San Emeterio\" \/>\n<meta name=\"twitter:card\" content=\"summary_large_image\" \/>\n<meta name=\"twitter:creator\" content=\"@https:\/\/twitter.com\/aytocolindres?lang=es\" \/>\n<meta name=\"twitter:label1\" content=\"Escrito por\" \/>\n\t<meta name=\"twitter:data1\" content=\"Ignacio S\u00e1inz San Emeterio\" \/>\n\t<meta name=\"twitter:label2\" content=\"Tiempo de lectura\" \/>\n\t<meta name=\"twitter:data2\" content=\"1 minuto\" \/>\n<script type=\"application\/ld+json\" class=\"yoast-schema-graph\">{\"@context\":\"https:\/\/schema.org\",\"@graph\":[{\"@type\":\"Article\",\"@id\":\"https:\/\/www.colindres.es\/index.php\/2019\/03\/11\/bando-municipal-elecciones-generales-a-celebrar-el-28-de-abril-de-2019-2\/#article\",\"isPartOf\":{\"@id\":\"https:\/\/www.colindres.es\/index.php\/2019\/03\/11\/bando-municipal-elecciones-generales-a-celebrar-el-28-de-abril-de-2019-2\/\"},\"author\":{\"name\":\"Ignacio S\u00e1inz San Emeterio\",\"@id\":\"https:\/\/www.colindres.es\/#\/schema\/person\/0225d0319539e212e866b144d841eafb\"},\"headline\":\"BANDO MUNICIPAL &#8211; Elecciones Generales a celebrar el 28 de Abril de 2019\",\"datePublished\":\"2019-03-11T07:58:23+00:00\",\"dateModified\":\"2019-03-11T07:59:26+00:00\",\"mainEntityOfPage\":{\"@id\":\"https:\/\/www.colindres.es\/index.php\/2019\/03\/11\/bando-municipal-elecciones-generales-a-celebrar-el-28-de-abril-de-2019-2\/\"},\"wordCount\":195,\"commentCount\":0,\"publisher\":{\"@id\":\"https:\/\/www.colindres.es\/#organization\"},\"image\":{\"@id\":\"https:\/\/www.colindres.es\/index.php\/2019\/03\/11\/bando-municipal-elecciones-generales-a-celebrar-el-28-de-abril-de-2019-2\/#primaryimage\"},\"thumbnailUrl\":\"https:\/\/www.colindres.es\/wp-content\/uploads\/2017\/01\/LOGO-PRINCIPAL.jpg\",\"articleSection\":[\"Bandos\"],\"inLanguage\":\"es\",\"potentialAction\":[{\"@type\":\"CommentAction\",\"name\":\"Comment\",\"target\":[\"https:\/\/www.colindres.es\/index.php\/2019\/03\/11\/bando-municipal-elecciones-generales-a-celebrar-el-28-de-abril-de-2019-2\/#respond\"]}]},{\"@type\":\"WebPage\",\"@id\":\"https:\/\/www.colindres.es\/index.php\/2019\/03\/11\/bando-municipal-elecciones-generales-a-celebrar-el-28-de-abril-de-2019-2\/\",\"url\":\"https:\/\/www.colindres.es\/index.php\/2019\/03\/11\/bando-municipal-elecciones-generales-a-celebrar-el-28-de-abril-de-2019-2\/\",\"name\":\"BANDO MUNICIPAL - Elecciones Generales a celebrar el 28 de Abril de 2019 - Ayuntamiento de Colindres\",\"isPartOf\":{\"@id\":\"https:\/\/www.colindres.es\/#website\"},\"primaryImageOfPage\":{\"@id\":\"https:\/\/www.colindres.es\/index.php\/2019\/03\/11\/bando-municipal-elecciones-generales-a-celebrar-el-28-de-abril-de-2019-2\/#primaryimage\"},\"image\":{\"@id\":\"https:\/\/www.colindres.es\/index.php\/2019\/03\/11\/bando-municipal-elecciones-generales-a-celebrar-el-28-de-abril-de-2019-2\/#primaryimage\"},\"thumbnailUrl\":\"https:\/\/www.colindres.es\/wp-content\/uploads\/2017\/01\/LOGO-PRINCIPAL.jpg\",\"datePublished\":\"2019-03-11T07:58:23+00:00\",\"dateModified\":\"2019-03-11T07:59:26+00:00\",\"breadcrumb\":{\"@id\":\"https:\/\/www.colindres.es\/index.php\/2019\/03\/11\/bando-municipal-elecciones-generales-a-celebrar-el-28-de-abril-de-2019-2\/#breadcrumb\"},\"inLanguage\":\"es\",\"potentialAction\":[{\"@type\":\"ReadAction\",\"target\":[\"https:\/\/www.colindres.es\/index.php\/2019\/03\/11\/bando-municipal-elecciones-generales-a-celebrar-el-28-de-abril-de-2019-2\/\"]}]},{\"@type\":\"ImageObject\",\"inLanguage\":\"es\",\"@id\":\"https:\/\/www.colindres.es\/index.php\/2019\/03\/11\/bando-municipal-elecciones-generales-a-celebrar-el-28-de-abril-de-2019-2\/#primaryimage\",\"url\":\"https:\/\/www.colindres.es\/wp-content\/uploads\/2017\/01\/LOGO-PRINCIPAL.jpg\",\"contentUrl\":\"https:\/\/www.colindres.es\/wp-content\/uploads\/2017\/01\/LOGO-PRINCIPAL.jpg\",\"width\":1209,\"height\":579},{\"@type\":\"BreadcrumbList\",\"@id\":\"https:\/\/www.colindres.es\/index.php\/2019\/03\/11\/bando-municipal-elecciones-generales-a-celebrar-el-28-de-abril-de-2019-2\/#breadcrumb\",\"itemListElement\":[{\"@type\":\"ListItem\",\"position\":1,\"name\":\"Portada\",\"item\":\"https:\/\/www.colindres.es\/\"},{\"@type\":\"ListItem\",\"position\":2,\"name\":\"BANDO MUNICIPAL &#8211; Elecciones Generales a celebrar el 28 de Abril de 2019\"}]},{\"@type\":\"WebSite\",\"@id\":\"https:\/\/www.colindres.es\/#website\",\"url\":\"https:\/\/www.colindres.es\/\",\"name\":\"Ayuntamiento de Colindres\",\"description\":\"Dise\u00f1ado por NTIC&#039;s\",\"publisher\":{\"@id\":\"https:\/\/www.colindres.es\/#organization\"},\"potentialAction\":[{\"@type\":\"SearchAction\",\"target\":{\"@type\":\"EntryPoint\",\"urlTemplate\":\"https:\/\/www.colindres.es\/?s={search_term_string}\"},\"query-input\":{\"@type\":\"PropertyValueSpecification\",\"valueRequired\":true,\"valueName\":\"search_term_string\"}}],\"inLanguage\":\"es\"},{\"@type\":\"Organization\",\"@id\":\"https:\/\/www.colindres.es\/#organization\",\"name\":\"AYUNTAMIENTO DE COLINDRES\",\"url\":\"https:\/\/www.colindres.es\/\",\"logo\":{\"@type\":\"ImageObject\",\"inLanguage\":\"es\",\"@id\":\"https:\/\/www.colindres.es\/#\/schema\/logo\/image\/\",\"url\":\"https:\/\/www.colindres.es\/wp-content\/uploads\/2017\/01\/LOGO-PRINCIPAL.jpg\",\"contentUrl\":\"https:\/\/www.colindres.es\/wp-content\/uploads\/2017\/01\/LOGO-PRINCIPAL.jpg\",\"width\":1209,\"height\":579,\"caption\":\"AYUNTAMIENTO DE COLINDRES\"},\"image\":{\"@id\":\"https:\/\/www.colindres.es\/#\/schema\/logo\/image\/\"}},{\"@type\":\"Person\",\"@id\":\"https:\/\/www.colindres.es\/#\/schema\/person\/0225d0319539e212e866b144d841eafb\",\"name\":\"Ignacio S\u00e1inz San Emeterio\",\"image\":{\"@type\":\"ImageObject\",\"inLanguage\":\"es\",\"@id\":\"https:\/\/www.colindres.es\/#\/schema\/person\/image\/\",\"url\":\"https:\/\/secure.gravatar.com\/avatar\/c35e3c2e7764c40bdaf5a44f84884669f6fdecc485d5842b7a4b1a9d0c53eed8?s=96&d=mm&r=g\",\"contentUrl\":\"https:\/\/secure.gravatar.com\/avatar\/c35e3c2e7764c40bdaf5a44f84884669f6fdecc485d5842b7a4b1a9d0c53eed8?s=96&d=mm&r=g\",\"caption\":\"Ignacio S\u00e1inz San Emeterio\"},\"description\":\"Responsable Departamento NTIC's - Ayuntamiento de Colindres\",\"sameAs\":[\"https:\/\/www.colindres.es\",\"https:\/\/es-la.facebook.com\/ayuntamiento.colindres\/\",\"https:\/\/x.com\/https:\/\/twitter.com\/aytocolindres?lang=es\"],\"url\":\"https:\/\/www.colindres.es\/index.php\/author\/colindres\/\"}]}<\/script>\n<!-- \/ Yoast SEO plugin. -->","yoast_head_json":{"title":"BANDO MUNICIPAL - Elecciones Generales a celebrar el 28 de Abril de 2019 - Ayuntamiento de Colindres","robots":{"index":"index","follow":"follow","max-snippet":"max-snippet:-1","max-image-preview":"max-image-preview:large","max-video-preview":"max-video-preview:-1"},"canonical":"https:\/\/www.colindres.es\/index.php\/2019\/03\/11\/bando-municipal-elecciones-generales-a-celebrar-el-28-de-abril-de-2019-2\/","og_locale":"es_ES","og_type":"article","og_title":"BANDO MUNICIPAL - Elecciones Generales a celebrar el 28 de Abril de 2019 - Ayuntamiento de Colindres","og_description":"Por medio del presente Bando municipal se pone en conocimiento de los vecinos\/as del municipio de Colindres, que con motivo de las Elecciones Generales a celebrar el 28 de Abril de 2019, desde el 11 al 18 de marzo de 2019 (ambos inclusive) estar\u00e1n expuesto el CENSO ELECTORAL en las Oficinas Generales del Ayuntamiento para [&hellip;]","og_url":"https:\/\/www.colindres.es\/index.php\/2019\/03\/11\/bando-municipal-elecciones-generales-a-celebrar-el-28-de-abril-de-2019-2\/","og_site_name":"Ayuntamiento de Colindres","article_author":"https:\/\/es-la.facebook.com\/ayuntamiento.colindres\/","article_published_time":"2019-03-11T07:58:23+00:00","article_modified_time":"2019-03-11T07:59:26+00:00","og_image":[{"width":1209,"height":579,"url":"https:\/\/www.colindres.es\/wp-content\/uploads\/2017\/01\/LOGO-PRINCIPAL.jpg","type":"image\/jpeg"}],"author":"Ignacio S\u00e1inz San Emeterio","twitter_card":"summary_large_image","twitter_creator":"@https:\/\/twitter.com\/aytocolindres?lang=es","twitter_misc":{"Escrito por":"Ignacio S\u00e1inz San Emeterio","Tiempo de lectura":"1 minuto"},"schema":{"@context":"https:\/\/schema.org","@graph":[{"@type":"Article","@id":"https:\/\/www.colindres.es\/index.php\/2019\/03\/11\/bando-municipal-elecciones-generales-a-celebrar-el-28-de-abril-de-2019-2\/#article","isPartOf":{"@id":"https:\/\/www.colindres.es\/index.php\/2019\/03\/11\/bando-municipal-elecciones-generales-a-celebrar-el-28-de-abril-de-2019-2\/"},"author":{"name":"Ignacio S\u00e1inz San Emeterio","@id":"https:\/\/www.colindres.es\/#\/schema\/person\/0225d0319539e212e866b144d841eafb"},"headline":"BANDO MUNICIPAL &#8211; Elecciones Generales a celebrar el 28 de Abril de 2019","datePublished":"2019-03-11T07:58:23+00:00","dateModified":"2019-03-11T07:59:26+00:00","mainEntityOfPage":{"@id":"https:\/\/www.colindres.es\/index.php\/2019\/03\/11\/bando-municipal-elecciones-generales-a-celebrar-el-28-de-abril-de-2019-2\/"},"wordCount":195,"commentCount":0,"publisher":{"@id":"https:\/\/www.colindres.es\/#organization"},"image":{"@id":"https:\/\/www.colindres.es\/index.php\/2019\/03\/11\/bando-municipal-elecciones-generales-a-celebrar-el-28-de-abril-de-2019-2\/#primaryimage"},"thumbnailUrl":"https:\/\/www.colindres.es\/wp-content\/uploads\/2017\/01\/LOGO-PRINCIPAL.jpg","articleSection":["Bandos"],"inLanguage":"es","potentialAction":[{"@type":"CommentAction","name":"Comment","target":["https:\/\/www.colindres.es\/index.php\/2019\/03\/11\/bando-municipal-elecciones-generales-a-celebrar-el-28-de-abril-de-2019-2\/#respond"]}]},{"@type":"WebPage","@id":"https:\/\/www.colindres.es\/index.php\/2019\/03\/11\/bando-municipal-elecciones-generales-a-celebrar-el-28-de-abril-de-2019-2\/","url":"https:\/\/www.colindres.es\/index.php\/2019\/03\/11\/bando-municipal-elecciones-generales-a-celebrar-el-28-de-abril-de-2019-2\/","name":"BANDO MUNICIPAL - Elecciones Generales a celebrar el 28 de Abril de 2019 - Ayuntamiento de Colindres","isPartOf":{"@id":"https:\/\/www.colindres.es\/#website"},"primaryImageOfPage":{"@id":"https:\/\/www.colindres.es\/index.php\/2019\/03\/11\/bando-municipal-elecciones-generales-a-celebrar-el-28-de-abril-de-2019-2\/#primaryimage"},"image":{"@id":"https:\/\/www.colindres.es\/index.php\/2019\/03\/11\/bando-municipal-elecciones-generales-a-celebrar-el-28-de-abril-de-2019-2\/#primaryimage"},"thumbnailUrl":"https:\/\/www.colindres.es\/wp-content\/uploads\/2017\/01\/LOGO-PRINCIPAL.jpg","datePublished":"2019-03-11T07:58:23+00:00","dateModified":"2019-03-11T07:59:26+00:00","breadcrumb":{"@id":"https:\/\/www.colindres.es\/index.php\/2019\/03\/11\/bando-municipal-elecciones-generales-a-celebrar-el-28-de-abril-de-2019-2\/#breadcrumb"},"inLanguage":"es","potentialAction":[{"@type":"ReadAction","target":["https:\/\/www.colindres.es\/index.php\/2019\/03\/11\/bando-municipal-elecciones-generales-a-celebrar-el-28-de-abril-de-2019-2\/"]}]},{"@type":"ImageObject","inLanguage":"es","@id":"https:\/\/www.colindres.es\/index.php\/2019\/03\/11\/bando-municipal-elecciones-generales-a-celebrar-el-28-de-abril-de-2019-2\/#primaryimage","url":"https:\/\/www.colindres.es\/wp-content\/uploads\/2017\/01\/LOGO-PRINCIPAL.jpg","contentUrl":"https:\/\/www.colindres.es\/wp-content\/uploads\/2017\/01\/LOGO-PRINCIPAL.jpg","width":1209,"height":579},{"@type":"BreadcrumbList","@id":"https:\/\/www.colindres.es\/index.php\/2019\/03\/11\/bando-municipal-elecciones-generales-a-celebrar-el-28-de-abril-de-2019-2\/#breadcrumb","itemListElement":[{"@type":"ListItem","position":1,"name":"Portada","item":"https:\/\/www.colindres.es\/"},{"@type":"ListItem","position":2,"name":"BANDO MUNICIPAL &#8211; Elecciones Generales a celebrar el 28 de Abril de 2019"}]},{"@type":"WebSite","@id":"https:\/\/www.colindres.es\/#website","url":"https:\/\/www.colindres.es\/","name":"Ayuntamiento de Colindres","description":"Dise\u00f1ado por NTIC&#039;s","publisher":{"@id":"https:\/\/www.colindres.es\/#organization"},"potentialAction":[{"@type":"SearchAction","target":{"@type":"EntryPoint","urlTemplate":"https:\/\/www.colindres.es\/?s={search_term_string}"},"query-input":{"@type":"PropertyValueSpecification","valueRequired":true,"valueName":"search_term_string"}}],"inLanguage":"es"},{"@type":"Organization","@id":"https:\/\/www.colindres.es\/#organization","name":"AYUNTAMIENTO DE COLINDRES","url":"https:\/\/www.colindres.es\/","logo":{"@type":"ImageObject","inLanguage":"es","@id":"https:\/\/www.colindres.es\/#\/schema\/logo\/image\/","url":"https:\/\/www.colindres.es\/wp-content\/uploads\/2017\/01\/LOGO-PRINCIPAL.jpg","contentUrl":"https:\/\/www.colindres.es\/wp-content\/uploads\/2017\/01\/LOGO-PRINCIPAL.jpg","width":1209,"height":579,"caption":"AYUNTAMIENTO DE COLINDRES"},"image":{"@id":"https:\/\/www.colindres.es\/#\/schema\/logo\/image\/"}},{"@type":"Person","@id":"https:\/\/www.colindres.es\/#\/schema\/person\/0225d0319539e212e866b144d841eafb","name":"Ignacio S\u00e1inz San Emeterio","image":{"@type":"ImageObject","inLanguage":"es","@id":"https:\/\/www.colindres.es\/#\/schema\/person\/image\/","url":"https:\/\/secure.gravatar.com\/avatar\/c35e3c2e7764c40bdaf5a44f84884669f6fdecc485d5842b7a4b1a9d0c53eed8?s=96&d=mm&r=g","contentUrl":"https:\/\/secure.gravatar.com\/avatar\/c35e3c2e7764c40bdaf5a44f84884669f6fdecc485d5842b7a4b1a9d0c53eed8?s=96&d=mm&r=g","caption":"Ignacio S\u00e1inz San Emeterio"},"description":"Responsable Departamento NTIC's - Ayuntamiento de Colindres","sameAs":["https:\/\/www.colindres.es","https:\/\/es-la.facebook.com\/ayuntamiento.colindres\/","https:\/\/x.com\/https:\/\/twitter.com\/aytocolindres?lang=es"],"url":"https:\/\/www.colindres.es\/index.php\/author\/colindres\/"}]}},"_links":{"self":[{"href":"https:\/\/www.colindres.es\/index.php\/wp-json\/wp\/v2\/posts\/14178","targetHints":{"allow":["GET"]}}],"collection":[{"href":"https:\/\/www.colindres.es\/index.php\/wp-json\/wp\/v2\/posts"}],"about":[{"href":"https:\/\/www.colindres.es\/index.php\/wp-json\/wp\/v2\/types\/post"}],"author":[{"embeddable":true,"href":"https:\/\/www.colindres.es\/index.php\/wp-json\/wp\/v2\/users\/1"}],"replies":[{"embeddable":true,"href":"https:\/\/www.colindres.es\/index.php\/wp-json\/wp\/v2\/comments?post=14178"}],"version-history":[{"count":1,"href":"https:\/\/www.colindres.es\/index.php\/wp-json\/wp\/v2\/posts\/14178\/revisions"}],"predecessor-version":[{"id":14179,"href":"https:\/\/www.colindres.es\/index.php\/wp-json\/wp\/v2\/posts\/14178\/revisions\/14179"}],"wp:featuredmedia":[{"embeddable":true,"href":"https:\/\/www.colindres.es\/index.php\/wp-json\/wp\/v2\/media\/151"}],"wp:attachment":[{"href":"https:\/\/www.colindres.es\/index.php\/wp-json\/wp\/v2\/media?parent=14178"}],"wp:term":[{"taxonomy":"category","embeddable":true,"href":"https:\/\/www.colindres.es\/index.php\/wp-json\/wp\/v2\/categories?post=14178"},{"taxonomy":"post_tag","embeddable":true,"href":"https:\/\/www.colindres.es\/index.php\/wp-json\/wp\/v2\/tags?post=14178"}],"curies":[{"name":"wp","href":"https:\/\/api.w.org\/{rel}","templated":true}]}}