{"id":13878,"date":"2019-03-05T09:14:47","date_gmt":"2019-03-05T09:14:47","guid":{"rendered":"https:\/\/www.colindres.es\/?p=13878"},"modified":"2019-03-05T09:14:47","modified_gmt":"2019-03-05T09:14:47","slug":"acta-de-la-sesion-extraordinaria-y-urgente-de-pleno-celebrada-el-12-de-febrero-de-2015","status":"publish","type":"post","link":"https:\/\/www.colindres.es\/index.php\/2019\/03\/05\/acta-de-la-sesion-extraordinaria-y-urgente-de-pleno-celebrada-el-12-de-febrero-de-2015\/","title":{"rendered":"ACTA DE LA SESI\u00d3N EXTRAORDINARIA Y URGENTE DE PLENO (celebrada el 12 de febrero de 2015)"},"content":{"rendered":"<p>En la Sala de Plenos del Ayuntamiento de Colindres (Cantabria), siendo las veinte horas y treinta y cinco minutos del d\u00eda <strong>12 de febrero de 2015<\/strong>, se re\u00fane el Pleno en primera convocatoria, bajo la Presidencia del Sr. Alcalde, D. JOSE \u00c1NGEL HIERRO REBOLLAR, con el objeto de celebrar sesi\u00f3n extraordinaria y urgente convocada el d\u00eda de la fecha, y para la que fueron previamente citados.<\/p>\n<p><strong>ASISTENTES:<\/strong><\/p>\n<p><strong>PRESIDENTE<\/strong>:<\/p>\n<p>Sr. Alcalde-Presidente<\/p>\n<ol>\n<li>JOSE ANGEL HIERRO REBOLLAR<\/li>\n<\/ol>\n<p><strong>CONCEJALES\/AS<\/strong>:<\/p>\n<ol>\n<li>D\u00d1A. ANA MAR\u00cdA CARBALLO VI\u00d1AS<\/li>\n<li>D. JAVIER INCERA GOYENECHEA<\/li>\n<li>D. ADRI\u00c1N SETIEN EXP\u00d3SITO<\/li>\n<li>D\u00d1A. MARIA LUISA ECHEVARRIA ATECA<\/li>\n<li>D\u00d1A. MARIA EUGENIA CASTA\u00d1EDA ARRASATE<\/li>\n<li>D. ALBERTO ECHEVARR\u00cdA ORTIZ<\/li>\n<li>D. JOS\u00c9 MAR\u00cdA ALONSO RUIZ<\/li>\n<li>D. C\u00c9SAR PERAL DIEZ<\/li>\n<li>D\u00d1A. NAIARA SIERRA LEGUINA<\/li>\n<li>D\u00d1A. MARIA VICTORIA CASTILLO GUTIERREZ<\/li>\n<li>D. ANTONIO P\u00c9REZ G\u00d3MEZ<\/li>\n<li>D\u00d1A. AURORA CUERO FUENTECILLA<\/li>\n<\/ol>\n<p><strong>SECRETARIA: <\/strong>D\u00f1a. Paula Albors Ferreiro, Secretaria del Ayuntamiento.<\/p>\n<p>La Presidencia, tras comprobar en los t\u00e9rminos expuestos que se da el qu\u00f3rum legalmente exigido por el art\u00edculo 46.2 c. de la Ley 7\/1985, de 2 de abril, Reguladora de las Bases de R\u00e9gimen Local, para la v\u00e1lida celebraci\u00f3n de las sesiones de Pleno, declara abierta \u00e9sta, pas\u00e1ndose al estudio de los asuntos incluidos en el orden del d\u00eda de la convocatoria.<\/p>\n<p><strong>1.- Ratificaci\u00f3n de la urgencia de la convocatoria: la justificaci\u00f3n est\u00e1 en el riesgo de la vida de Hassan Aalia, y respecto del resto de mociones, la mayor\u00eda de ellas son relativas a compromisos u obligaciones adquiridas por el Gobierno de Cantabria en esta legislatura y que no han tenido respuesta al final de la misma, y en cuanto a la polic\u00eda local deriva de que est\u00e1 en tramitaci\u00f3n la normativa reguladora.<\/strong><\/p>\n<p><strong>2.- Moci\u00f3n en apoyo de la concesi\u00f3n de asilo pol\u00edtico al activista saharui Hassan Aalia<\/strong><\/p>\n<p><strong>3.- Moci\u00f3n relativa a la edad de jubilaci\u00f3n de la Polic\u00eda Local.<\/strong><\/p>\n<p><strong>4.- Moci\u00f3n relativa a sistema de calefacci\u00f3n y elevador del Colegio P\u00fablico Pedro del Hoyo.<\/strong><\/p>\n<p><strong>5.- Moci\u00f3n relativa a escolta privada para v\u00edctimas de violencia de g\u00e9nero.<\/strong><\/p>\n<p><strong>6.- Moci\u00f3n relativa a concertaci\u00f3n de plazas al Centro de D\u00eda de Colindres.<\/strong><\/p>\n<p><strong>7.- Moci\u00f3n relativa a ampliaci\u00f3n del Centro de Salud de Colindres.<\/strong><\/p>\n<p><a href=\"https:\/\/www.colindres.es\/wp-content\/uploads\/2019\/03\/01-12.02.15.pdf\">DESCARGAR EL PLENO 01 &#8211; 12.02.15<\/a><\/p>\n","protected":false},"excerpt":{"rendered":"<p>En la Sala de Plenos del Ayuntamiento de Colindres (Cantabria), siendo las veinte horas y treinta y cinco minutos del d\u00eda 12 de febrero de 2015, se re\u00fane el Pleno en primera convocatoria, bajo la Presidencia del Sr. Alcalde, D. JOSE \u00c1NGEL HIERRO REBOLLAR, con el objeto de celebrar sesi\u00f3n extraordinaria y urgente convocada el [&hellip;]<\/p>\n","protected":false},"author":1,"featured_media":0,"comment_status":"open","ping_status":"closed","sticky":false,"template":"","format":"standard","meta":{"_et_pb_use_builder":"","_et_pb_old_content":"","_et_gb_content_width":"","footnotes":""},"categories":[5],"tags":[],"class_list":["post-13878","post","type-post","status-publish","format-standard","hentry","category-plenos"],"yoast_head":"<!-- This site is optimized with the Yoast SEO plugin v24.9 - https:\/\/yoast.com\/wordpress\/plugins\/seo\/ -->\n<title>ACTA DE LA SESI\u00d3N EXTRAORDINARIA Y URGENTE DE PLENO (celebrada el 12 de febrero de 2015) - Ayuntamiento de Colindres<\/title>\n<meta name=\"robots\" content=\"index, follow, max-snippet:-1, max-image-preview:large, max-video-preview:-1\" \/>\n<link rel=\"canonical\" href=\"https:\/\/www.colindres.es\/index.php\/2019\/03\/05\/acta-de-la-sesion-extraordinaria-y-urgente-de-pleno-celebrada-el-12-de-febrero-de-2015\/\" \/>\n<meta property=\"og:locale\" content=\"es_ES\" \/>\n<meta property=\"og:type\" content=\"article\" \/>\n<meta property=\"og:title\" content=\"ACTA DE LA SESI\u00d3N EXTRAORDINARIA Y URGENTE DE PLENO (celebrada el 12 de febrero de 2015) - Ayuntamiento de Colindres\" \/>\n<meta property=\"og:description\" content=\"En la Sala de Plenos del Ayuntamiento de Colindres (Cantabria), siendo las veinte horas y treinta y cinco minutos del d\u00eda 12 de febrero de 2015, se re\u00fane el Pleno en primera convocatoria, bajo la Presidencia del Sr. Alcalde, D. JOSE \u00c1NGEL HIERRO REBOLLAR, con el objeto de celebrar sesi\u00f3n extraordinaria y urgente convocada el [&hellip;]\" \/>\n<meta property=\"og:url\" content=\"https:\/\/www.colindres.es\/index.php\/2019\/03\/05\/acta-de-la-sesion-extraordinaria-y-urgente-de-pleno-celebrada-el-12-de-febrero-de-2015\/\" \/>\n<meta property=\"og:site_name\" content=\"Ayuntamiento de Colindres\" \/>\n<meta property=\"article:author\" content=\"https:\/\/es-la.facebook.com\/ayuntamiento.colindres\/\" \/>\n<meta property=\"article:published_time\" content=\"2019-03-05T09:14:47+00:00\" \/>\n<meta name=\"author\" content=\"Ignacio S\u00e1inz San Emeterio\" \/>\n<meta name=\"twitter:card\" content=\"summary_large_image\" \/>\n<meta name=\"twitter:creator\" content=\"@https:\/\/twitter.com\/aytocolindres?lang=es\" \/>\n<meta name=\"twitter:label1\" content=\"Escrito por\" \/>\n\t<meta name=\"twitter:data1\" content=\"Ignacio S\u00e1inz San Emeterio\" \/>\n\t<meta name=\"twitter:label2\" content=\"Tiempo de lectura\" \/>\n\t<meta name=\"twitter:data2\" content=\"2 minutos\" \/>\n<script type=\"application\/ld+json\" class=\"yoast-schema-graph\">{\"@context\":\"https:\/\/schema.org\",\"@graph\":[{\"@type\":\"Article\",\"@id\":\"https:\/\/www.colindres.es\/index.php\/2019\/03\/05\/acta-de-la-sesion-extraordinaria-y-urgente-de-pleno-celebrada-el-12-de-febrero-de-2015\/#article\",\"isPartOf\":{\"@id\":\"https:\/\/www.colindres.es\/index.php\/2019\/03\/05\/acta-de-la-sesion-extraordinaria-y-urgente-de-pleno-celebrada-el-12-de-febrero-de-2015\/\"},\"author\":{\"name\":\"Ignacio S\u00e1inz San Emeterio\",\"@id\":\"https:\/\/www.colindres.es\/#\/schema\/person\/0225d0319539e212e866b144d841eafb\"},\"headline\":\"ACTA DE LA SESI\u00d3N EXTRAORDINARIA Y URGENTE DE PLENO (celebrada el 12 de febrero de 2015)\",\"datePublished\":\"2019-03-05T09:14:47+00:00\",\"mainEntityOfPage\":{\"@id\":\"https:\/\/www.colindres.es\/index.php\/2019\/03\/05\/acta-de-la-sesion-extraordinaria-y-urgente-de-pleno-celebrada-el-12-de-febrero-de-2015\/\"},\"wordCount\":414,\"commentCount\":0,\"publisher\":{\"@id\":\"https:\/\/www.colindres.es\/#organization\"},\"articleSection\":[\"Plenos\"],\"inLanguage\":\"es\",\"potentialAction\":[{\"@type\":\"CommentAction\",\"name\":\"Comment\",\"target\":[\"https:\/\/www.colindres.es\/index.php\/2019\/03\/05\/acta-de-la-sesion-extraordinaria-y-urgente-de-pleno-celebrada-el-12-de-febrero-de-2015\/#respond\"]}]},{\"@type\":\"WebPage\",\"@id\":\"https:\/\/www.colindres.es\/index.php\/2019\/03\/05\/acta-de-la-sesion-extraordinaria-y-urgente-de-pleno-celebrada-el-12-de-febrero-de-2015\/\",\"url\":\"https:\/\/www.colindres.es\/index.php\/2019\/03\/05\/acta-de-la-sesion-extraordinaria-y-urgente-de-pleno-celebrada-el-12-de-febrero-de-2015\/\",\"name\":\"ACTA DE LA SESI\u00d3N EXTRAORDINARIA Y URGENTE DE PLENO (celebrada el 12 de febrero de 2015) - Ayuntamiento de Colindres\",\"isPartOf\":{\"@id\":\"https:\/\/www.colindres.es\/#website\"},\"datePublished\":\"2019-03-05T09:14:47+00:00\",\"breadcrumb\":{\"@id\":\"https:\/\/www.colindres.es\/index.php\/2019\/03\/05\/acta-de-la-sesion-extraordinaria-y-urgente-de-pleno-celebrada-el-12-de-febrero-de-2015\/#breadcrumb\"},\"inLanguage\":\"es\",\"potentialAction\":[{\"@type\":\"ReadAction\",\"target\":[\"https:\/\/www.colindres.es\/index.php\/2019\/03\/05\/acta-de-la-sesion-extraordinaria-y-urgente-de-pleno-celebrada-el-12-de-febrero-de-2015\/\"]}]},{\"@type\":\"BreadcrumbList\",\"@id\":\"https:\/\/www.colindres.es\/index.php\/2019\/03\/05\/acta-de-la-sesion-extraordinaria-y-urgente-de-pleno-celebrada-el-12-de-febrero-de-2015\/#breadcrumb\",\"itemListElement\":[{\"@type\":\"ListItem\",\"position\":1,\"name\":\"Portada\",\"item\":\"https:\/\/www.colindres.es\/\"},{\"@type\":\"ListItem\",\"position\":2,\"name\":\"ACTA DE LA SESI\u00d3N EXTRAORDINARIA Y URGENTE DE PLENO (celebrada el 12 de febrero de 2015)\"}]},{\"@type\":\"WebSite\",\"@id\":\"https:\/\/www.colindres.es\/#website\",\"url\":\"https:\/\/www.colindres.es\/\",\"name\":\"Ayuntamiento de Colindres\",\"description\":\"Dise\u00f1ado por NTIC&#039;s\",\"publisher\":{\"@id\":\"https:\/\/www.colindres.es\/#organization\"},\"potentialAction\":[{\"@type\":\"SearchAction\",\"target\":{\"@type\":\"EntryPoint\",\"urlTemplate\":\"https:\/\/www.colindres.es\/?s={search_term_string}\"},\"query-input\":{\"@type\":\"PropertyValueSpecification\",\"valueRequired\":true,\"valueName\":\"search_term_string\"}}],\"inLanguage\":\"es\"},{\"@type\":\"Organization\",\"@id\":\"https:\/\/www.colindres.es\/#organization\",\"name\":\"AYUNTAMIENTO DE COLINDRES\",\"url\":\"https:\/\/www.colindres.es\/\",\"logo\":{\"@type\":\"ImageObject\",\"inLanguage\":\"es\",\"@id\":\"https:\/\/www.colindres.es\/#\/schema\/logo\/image\/\",\"url\":\"https:\/\/www.colindres.es\/wp-content\/uploads\/2017\/01\/LOGO-PRINCIPAL.jpg\",\"contentUrl\":\"https:\/\/www.colindres.es\/wp-content\/uploads\/2017\/01\/LOGO-PRINCIPAL.jpg\",\"width\":1209,\"height\":579,\"caption\":\"AYUNTAMIENTO DE COLINDRES\"},\"image\":{\"@id\":\"https:\/\/www.colindres.es\/#\/schema\/logo\/image\/\"}},{\"@type\":\"Person\",\"@id\":\"https:\/\/www.colindres.es\/#\/schema\/person\/0225d0319539e212e866b144d841eafb\",\"name\":\"Ignacio S\u00e1inz San Emeterio\",\"image\":{\"@type\":\"ImageObject\",\"inLanguage\":\"es\",\"@id\":\"https:\/\/www.colindres.es\/#\/schema\/person\/image\/\",\"url\":\"https:\/\/secure.gravatar.com\/avatar\/c35e3c2e7764c40bdaf5a44f84884669f6fdecc485d5842b7a4b1a9d0c53eed8?s=96&d=mm&r=g\",\"contentUrl\":\"https:\/\/secure.gravatar.com\/avatar\/c35e3c2e7764c40bdaf5a44f84884669f6fdecc485d5842b7a4b1a9d0c53eed8?s=96&d=mm&r=g\",\"caption\":\"Ignacio S\u00e1inz San Emeterio\"},\"description\":\"Responsable Departamento NTIC's - Ayuntamiento de Colindres\",\"sameAs\":[\"https:\/\/www.colindres.es\",\"https:\/\/es-la.facebook.com\/ayuntamiento.colindres\/\",\"https:\/\/x.com\/https:\/\/twitter.com\/aytocolindres?lang=es\"],\"url\":\"https:\/\/www.colindres.es\/index.php\/author\/colindres\/\"}]}<\/script>\n<!-- \/ Yoast SEO plugin. -->","yoast_head_json":{"title":"ACTA DE LA SESI\u00d3N EXTRAORDINARIA Y URGENTE DE PLENO (celebrada el 12 de febrero de 2015) - Ayuntamiento de Colindres","robots":{"index":"index","follow":"follow","max-snippet":"max-snippet:-1","max-image-preview":"max-image-preview:large","max-video-preview":"max-video-preview:-1"},"canonical":"https:\/\/www.colindres.es\/index.php\/2019\/03\/05\/acta-de-la-sesion-extraordinaria-y-urgente-de-pleno-celebrada-el-12-de-febrero-de-2015\/","og_locale":"es_ES","og_type":"article","og_title":"ACTA DE LA SESI\u00d3N EXTRAORDINARIA Y URGENTE DE PLENO (celebrada el 12 de febrero de 2015) - Ayuntamiento de Colindres","og_description":"En la Sala de Plenos del Ayuntamiento de Colindres (Cantabria), siendo las veinte horas y treinta y cinco minutos del d\u00eda 12 de febrero de 2015, se re\u00fane el Pleno en primera convocatoria, bajo la Presidencia del Sr. Alcalde, D. JOSE \u00c1NGEL HIERRO REBOLLAR, con el objeto de celebrar sesi\u00f3n extraordinaria y urgente convocada el [&hellip;]","og_url":"https:\/\/www.colindres.es\/index.php\/2019\/03\/05\/acta-de-la-sesion-extraordinaria-y-urgente-de-pleno-celebrada-el-12-de-febrero-de-2015\/","og_site_name":"Ayuntamiento de Colindres","article_author":"https:\/\/es-la.facebook.com\/ayuntamiento.colindres\/","article_published_time":"2019-03-05T09:14:47+00:00","author":"Ignacio S\u00e1inz San Emeterio","twitter_card":"summary_large_image","twitter_creator":"@https:\/\/twitter.com\/aytocolindres?lang=es","twitter_misc":{"Escrito por":"Ignacio S\u00e1inz San Emeterio","Tiempo de lectura":"2 minutos"},"schema":{"@context":"https:\/\/schema.org","@graph":[{"@type":"Article","@id":"https:\/\/www.colindres.es\/index.php\/2019\/03\/05\/acta-de-la-sesion-extraordinaria-y-urgente-de-pleno-celebrada-el-12-de-febrero-de-2015\/#article","isPartOf":{"@id":"https:\/\/www.colindres.es\/index.php\/2019\/03\/05\/acta-de-la-sesion-extraordinaria-y-urgente-de-pleno-celebrada-el-12-de-febrero-de-2015\/"},"author":{"name":"Ignacio S\u00e1inz San Emeterio","@id":"https:\/\/www.colindres.es\/#\/schema\/person\/0225d0319539e212e866b144d841eafb"},"headline":"ACTA DE LA SESI\u00d3N EXTRAORDINARIA Y URGENTE DE PLENO (celebrada el 12 de febrero de 2015)","datePublished":"2019-03-05T09:14:47+00:00","mainEntityOfPage":{"@id":"https:\/\/www.colindres.es\/index.php\/2019\/03\/05\/acta-de-la-sesion-extraordinaria-y-urgente-de-pleno-celebrada-el-12-de-febrero-de-2015\/"},"wordCount":414,"commentCount":0,"publisher":{"@id":"https:\/\/www.colindres.es\/#organization"},"articleSection":["Plenos"],"inLanguage":"es","potentialAction":[{"@type":"CommentAction","name":"Comment","target":["https:\/\/www.colindres.es\/index.php\/2019\/03\/05\/acta-de-la-sesion-extraordinaria-y-urgente-de-pleno-celebrada-el-12-de-febrero-de-2015\/#respond"]}]},{"@type":"WebPage","@id":"https:\/\/www.colindres.es\/index.php\/2019\/03\/05\/acta-de-la-sesion-extraordinaria-y-urgente-de-pleno-celebrada-el-12-de-febrero-de-2015\/","url":"https:\/\/www.colindres.es\/index.php\/2019\/03\/05\/acta-de-la-sesion-extraordinaria-y-urgente-de-pleno-celebrada-el-12-de-febrero-de-2015\/","name":"ACTA DE LA SESI\u00d3N EXTRAORDINARIA Y URGENTE DE PLENO (celebrada el 12 de febrero de 2015) - Ayuntamiento de Colindres","isPartOf":{"@id":"https:\/\/www.colindres.es\/#website"},"datePublished":"2019-03-05T09:14:47+00:00","breadcrumb":{"@id":"https:\/\/www.colindres.es\/index.php\/2019\/03\/05\/acta-de-la-sesion-extraordinaria-y-urgente-de-pleno-celebrada-el-12-de-febrero-de-2015\/#breadcrumb"},"inLanguage":"es","potentialAction":[{"@type":"ReadAction","target":["https:\/\/www.colindres.es\/index.php\/2019\/03\/05\/acta-de-la-sesion-extraordinaria-y-urgente-de-pleno-celebrada-el-12-de-febrero-de-2015\/"]}]},{"@type":"BreadcrumbList","@id":"https:\/\/www.colindres.es\/index.php\/2019\/03\/05\/acta-de-la-sesion-extraordinaria-y-urgente-de-pleno-celebrada-el-12-de-febrero-de-2015\/#breadcrumb","itemListElement":[{"@type":"ListItem","position":1,"name":"Portada","item":"https:\/\/www.colindres.es\/"},{"@type":"ListItem","position":2,"name":"ACTA DE LA SESI\u00d3N EXTRAORDINARIA Y URGENTE DE PLENO (celebrada el 12 de febrero de 2015)"}]},{"@type":"WebSite","@id":"https:\/\/www.colindres.es\/#website","url":"https:\/\/www.colindres.es\/","name":"Ayuntamiento de Colindres","description":"Dise\u00f1ado por NTIC&#039;s","publisher":{"@id":"https:\/\/www.colindres.es\/#organization"},"potentialAction":[{"@type":"SearchAction","target":{"@type":"EntryPoint","urlTemplate":"https:\/\/www.colindres.es\/?s={search_term_string}"},"query-input":{"@type":"PropertyValueSpecification","valueRequired":true,"valueName":"search_term_string"}}],"inLanguage":"es"},{"@type":"Organization","@id":"https:\/\/www.colindres.es\/#organization","name":"AYUNTAMIENTO DE COLINDRES","url":"https:\/\/www.colindres.es\/","logo":{"@type":"ImageObject","inLanguage":"es","@id":"https:\/\/www.colindres.es\/#\/schema\/logo\/image\/","url":"https:\/\/www.colindres.es\/wp-content\/uploads\/2017\/01\/LOGO-PRINCIPAL.jpg","contentUrl":"https:\/\/www.colindres.es\/wp-content\/uploads\/2017\/01\/LOGO-PRINCIPAL.jpg","width":1209,"height":579,"caption":"AYUNTAMIENTO DE COLINDRES"},"image":{"@id":"https:\/\/www.colindres.es\/#\/schema\/logo\/image\/"}},{"@type":"Person","@id":"https:\/\/www.colindres.es\/#\/schema\/person\/0225d0319539e212e866b144d841eafb","name":"Ignacio S\u00e1inz San Emeterio","image":{"@type":"ImageObject","inLanguage":"es","@id":"https:\/\/www.colindres.es\/#\/schema\/person\/image\/","url":"https:\/\/secure.gravatar.com\/avatar\/c35e3c2e7764c40bdaf5a44f84884669f6fdecc485d5842b7a4b1a9d0c53eed8?s=96&d=mm&r=g","contentUrl":"https:\/\/secure.gravatar.com\/avatar\/c35e3c2e7764c40bdaf5a44f84884669f6fdecc485d5842b7a4b1a9d0c53eed8?s=96&d=mm&r=g","caption":"Ignacio S\u00e1inz San Emeterio"},"description":"Responsable Departamento NTIC's - Ayuntamiento de Colindres","sameAs":["https:\/\/www.colindres.es","https:\/\/es-la.facebook.com\/ayuntamiento.colindres\/","https:\/\/x.com\/https:\/\/twitter.com\/aytocolindres?lang=es"],"url":"https:\/\/www.colindres.es\/index.php\/author\/colindres\/"}]}},"_links":{"self":[{"href":"https:\/\/www.colindres.es\/index.php\/wp-json\/wp\/v2\/posts\/13878","targetHints":{"allow":["GET"]}}],"collection":[{"href":"https:\/\/www.colindres.es\/index.php\/wp-json\/wp\/v2\/posts"}],"about":[{"href":"https:\/\/www.colindres.es\/index.php\/wp-json\/wp\/v2\/types\/post"}],"author":[{"embeddable":true,"href":"https:\/\/www.colindres.es\/index.php\/wp-json\/wp\/v2\/users\/1"}],"replies":[{"embeddable":true,"href":"https:\/\/www.colindres.es\/index.php\/wp-json\/wp\/v2\/comments?post=13878"}],"version-history":[{"count":1,"href":"https:\/\/www.colindres.es\/index.php\/wp-json\/wp\/v2\/posts\/13878\/revisions"}],"predecessor-version":[{"id":13880,"href":"https:\/\/www.colindres.es\/index.php\/wp-json\/wp\/v2\/posts\/13878\/revisions\/13880"}],"wp:attachment":[{"href":"https:\/\/www.colindres.es\/index.php\/wp-json\/wp\/v2\/media?parent=13878"}],"wp:term":[{"taxonomy":"category","embeddable":true,"href":"https:\/\/www.colindres.es\/index.php\/wp-json\/wp\/v2\/categories?post=13878"},{"taxonomy":"post_tag","embeddable":true,"href":"https:\/\/www.colindres.es\/index.php\/wp-json\/wp\/v2\/tags?post=13878"}],"curies":[{"name":"wp","href":"https:\/\/api.w.org\/{rel}","templated":true}]}}