{"id":13827,"date":"2019-03-05T07:54:19","date_gmt":"2019-03-05T07:54:19","guid":{"rendered":"https:\/\/www.colindres.es\/?p=13827"},"modified":"2019-03-05T07:54:19","modified_gmt":"2019-03-05T07:54:19","slug":"acta-de-la-sesion-extraordinaria-de-pleno-celebrada-el-30-de-mayo-de-2016","status":"publish","type":"post","link":"https:\/\/www.colindres.es\/index.php\/2019\/03\/05\/acta-de-la-sesion-extraordinaria-de-pleno-celebrada-el-30-de-mayo-de-2016\/","title":{"rendered":"ACTA DE LA SESI\u00d3N EXTRAORDINARIA DE PLENO (celebrada el 30 de mayo de 2016)"},"content":{"rendered":"<p>En la Sala de Plenos del Ayuntamiento de Colindres (Cantabria), siendo las nueve horas y diez minutos del d\u00eda <strong>30 de mayo de 2016<\/strong>, se re\u00fane el Pleno en primera convocatoria, bajo la Presidencia de la Sra. Alcaldesa en funciones, D\u00d1A. MARIA EUGENIA CASTA\u00d1EDA ARRASATE, con el objeto de celebrar sesi\u00f3n extraordinaria previamente convocada el d\u00eda de la fecha, para la que fueron previamente citados.<\/p>\n<p><strong>ASISTENTES:<\/strong><\/p>\n<p><strong>PRESIDENTE<\/strong>:<\/p>\n<p>Sra. Alcaldesa<\/p>\n<p>D\u00d1A. MARIA EUGENIA CASTA\u00d1EDA ARRASATE<\/p>\n<p><strong>CONCEJALES\/AS<\/strong>:<\/p>\n<ol>\n<li>D. ADRI\u00c1N SETIEN EXP\u00d3SITO<\/li>\n<li>D\u00d1A. SARAY VILLAL\u00d3N FERN\u00c1NDEZ<\/li>\n<li>D. PABLO RUIZ SOLER<\/li>\n<li>D\u00d1A. ARACELI AYESA ESCALANTE<\/li>\n<li>D\u00d1A. M\u00d3NICA NAVASCUEZ BLANCO<\/li>\n<li>D. JOSE MARIA ALONSO RUIZ<\/li>\n<li>D. C\u00c9SAR PERAL DIEZ<\/li>\n<li>D\u00d1A. MARIA INMACULADA SALCINES REVUELTA<\/li>\n<li>D. ANTONIO P\u00c9REZ G\u00d3MEZ<\/li>\n<\/ol>\n<p><strong>SECRETARIA: <\/strong>D\u00f1a. Paula Albors Ferrero, Secretaria del Ayuntamiento.La Presidencia, tras comprobar en los t\u00e9rminos expuestos que se da el qu\u00f3rum legalmente exigido por el art\u00edculo 46.2 c. de la Ley 7\/1985, de 2 de abril, Reguladora de las Bases de R\u00e9gimen Local, para la v\u00e1lida celebraci\u00f3n de las sesiones de Pleno, declara abierta \u00e9sta, pas\u00e1ndose al estudio de los asuntos incluidos en el orden del d\u00eda de la convocatoria.<\/p>\n<p><strong>\u00danico.- Sorteo de mesas electorales para elecciones generales a celebrar el 26 de junio.<\/strong><strong>\u00a0\u00a0\u00a0\u00a0\u00a0\u00a0\u00a0\u00a0\u00a0\u00a0\u00a0\u00a0\u00a0\u00a0\u00a0\u00a0\u00a0\u00a0\u00a0\u00a0\u00a0\u00a0\u00a0 <\/strong><\/p>\n<p><strong>\u00danico.- Sorteo de mesas electorales para elecciones generales a celebrar el 26 de junio.<\/strong><\/p>\n<p><a href=\"https:\/\/www.colindres.es\/wp-content\/uploads\/2019\/03\/04-30.05.2016.pdf\">DESCARGAR EL PLENO 04 &#8211; 30.05.2016<\/a><\/p>\n","protected":false},"excerpt":{"rendered":"<p>En la Sala de Plenos del Ayuntamiento de Colindres (Cantabria), siendo las nueve horas y diez minutos del d\u00eda 30 de mayo de 2016, se re\u00fane el Pleno en primera convocatoria, bajo la Presidencia de la Sra. Alcaldesa en funciones, D\u00d1A. MARIA EUGENIA CASTA\u00d1EDA ARRASATE, con el objeto de celebrar sesi\u00f3n extraordinaria previamente convocada el [&hellip;]<\/p>\n","protected":false},"author":1,"featured_media":0,"comment_status":"open","ping_status":"closed","sticky":false,"template":"","format":"standard","meta":{"_et_pb_use_builder":"","_et_pb_old_content":"","_et_gb_content_width":"","footnotes":""},"categories":[5],"tags":[],"class_list":["post-13827","post","type-post","status-publish","format-standard","hentry","category-plenos"],"yoast_head":"<!-- This site is optimized with the Yoast SEO plugin v24.9 - https:\/\/yoast.com\/wordpress\/plugins\/seo\/ -->\n<title>ACTA DE LA SESI\u00d3N EXTRAORDINARIA DE PLENO (celebrada el 30 de mayo de 2016) - Ayuntamiento de Colindres<\/title>\n<meta name=\"robots\" content=\"index, follow, max-snippet:-1, max-image-preview:large, max-video-preview:-1\" \/>\n<link rel=\"canonical\" href=\"https:\/\/www.colindres.es\/index.php\/2019\/03\/05\/acta-de-la-sesion-extraordinaria-de-pleno-celebrada-el-30-de-mayo-de-2016\/\" \/>\n<meta property=\"og:locale\" content=\"es_ES\" \/>\n<meta property=\"og:type\" content=\"article\" \/>\n<meta property=\"og:title\" content=\"ACTA DE LA SESI\u00d3N EXTRAORDINARIA DE PLENO (celebrada el 30 de mayo de 2016) - Ayuntamiento de Colindres\" \/>\n<meta property=\"og:description\" content=\"En la Sala de Plenos del Ayuntamiento de Colindres (Cantabria), siendo las nueve horas y diez minutos del d\u00eda 30 de mayo de 2016, se re\u00fane el Pleno en primera convocatoria, bajo la Presidencia de la Sra. Alcaldesa en funciones, D\u00d1A. MARIA EUGENIA CASTA\u00d1EDA ARRASATE, con el objeto de celebrar sesi\u00f3n extraordinaria previamente convocada el [&hellip;]\" \/>\n<meta property=\"og:url\" content=\"https:\/\/www.colindres.es\/index.php\/2019\/03\/05\/acta-de-la-sesion-extraordinaria-de-pleno-celebrada-el-30-de-mayo-de-2016\/\" \/>\n<meta property=\"og:site_name\" content=\"Ayuntamiento de Colindres\" \/>\n<meta property=\"article:author\" content=\"https:\/\/es-la.facebook.com\/ayuntamiento.colindres\/\" \/>\n<meta property=\"article:published_time\" content=\"2019-03-05T07:54:19+00:00\" \/>\n<meta name=\"author\" content=\"Ignacio S\u00e1inz San Emeterio\" \/>\n<meta name=\"twitter:card\" content=\"summary_large_image\" \/>\n<meta name=\"twitter:creator\" content=\"@https:\/\/twitter.com\/aytocolindres?lang=es\" \/>\n<meta name=\"twitter:label1\" content=\"Escrito por\" \/>\n\t<meta name=\"twitter:data1\" content=\"Ignacio S\u00e1inz San Emeterio\" \/>\n\t<meta name=\"twitter:label2\" content=\"Tiempo de lectura\" \/>\n\t<meta name=\"twitter:data2\" content=\"1 minuto\" \/>\n<script type=\"application\/ld+json\" class=\"yoast-schema-graph\">{\"@context\":\"https:\/\/schema.org\",\"@graph\":[{\"@type\":\"Article\",\"@id\":\"https:\/\/www.colindres.es\/index.php\/2019\/03\/05\/acta-de-la-sesion-extraordinaria-de-pleno-celebrada-el-30-de-mayo-de-2016\/#article\",\"isPartOf\":{\"@id\":\"https:\/\/www.colindres.es\/index.php\/2019\/03\/05\/acta-de-la-sesion-extraordinaria-de-pleno-celebrada-el-30-de-mayo-de-2016\/\"},\"author\":{\"name\":\"Ignacio S\u00e1inz San Emeterio\",\"@id\":\"https:\/\/www.colindres.es\/#\/schema\/person\/0225d0319539e212e866b144d841eafb\"},\"headline\":\"ACTA DE LA SESI\u00d3N EXTRAORDINARIA DE PLENO (celebrada el 30 de mayo de 2016)\",\"datePublished\":\"2019-03-05T07:54:19+00:00\",\"mainEntityOfPage\":{\"@id\":\"https:\/\/www.colindres.es\/index.php\/2019\/03\/05\/acta-de-la-sesion-extraordinaria-de-pleno-celebrada-el-30-de-mayo-de-2016\/\"},\"wordCount\":253,\"commentCount\":0,\"publisher\":{\"@id\":\"https:\/\/www.colindres.es\/#organization\"},\"articleSection\":[\"Plenos\"],\"inLanguage\":\"es\",\"potentialAction\":[{\"@type\":\"CommentAction\",\"name\":\"Comment\",\"target\":[\"https:\/\/www.colindres.es\/index.php\/2019\/03\/05\/acta-de-la-sesion-extraordinaria-de-pleno-celebrada-el-30-de-mayo-de-2016\/#respond\"]}]},{\"@type\":\"WebPage\",\"@id\":\"https:\/\/www.colindres.es\/index.php\/2019\/03\/05\/acta-de-la-sesion-extraordinaria-de-pleno-celebrada-el-30-de-mayo-de-2016\/\",\"url\":\"https:\/\/www.colindres.es\/index.php\/2019\/03\/05\/acta-de-la-sesion-extraordinaria-de-pleno-celebrada-el-30-de-mayo-de-2016\/\",\"name\":\"ACTA DE LA SESI\u00d3N EXTRAORDINARIA DE PLENO (celebrada el 30 de mayo de 2016) - Ayuntamiento de Colindres\",\"isPartOf\":{\"@id\":\"https:\/\/www.colindres.es\/#website\"},\"datePublished\":\"2019-03-05T07:54:19+00:00\",\"breadcrumb\":{\"@id\":\"https:\/\/www.colindres.es\/index.php\/2019\/03\/05\/acta-de-la-sesion-extraordinaria-de-pleno-celebrada-el-30-de-mayo-de-2016\/#breadcrumb\"},\"inLanguage\":\"es\",\"potentialAction\":[{\"@type\":\"ReadAction\",\"target\":[\"https:\/\/www.colindres.es\/index.php\/2019\/03\/05\/acta-de-la-sesion-extraordinaria-de-pleno-celebrada-el-30-de-mayo-de-2016\/\"]}]},{\"@type\":\"BreadcrumbList\",\"@id\":\"https:\/\/www.colindres.es\/index.php\/2019\/03\/05\/acta-de-la-sesion-extraordinaria-de-pleno-celebrada-el-30-de-mayo-de-2016\/#breadcrumb\",\"itemListElement\":[{\"@type\":\"ListItem\",\"position\":1,\"name\":\"Portada\",\"item\":\"https:\/\/www.colindres.es\/\"},{\"@type\":\"ListItem\",\"position\":2,\"name\":\"ACTA DE LA SESI\u00d3N EXTRAORDINARIA DE PLENO (celebrada el 30 de mayo de 2016)\"}]},{\"@type\":\"WebSite\",\"@id\":\"https:\/\/www.colindres.es\/#website\",\"url\":\"https:\/\/www.colindres.es\/\",\"name\":\"Ayuntamiento de Colindres\",\"description\":\"Dise\u00f1ado por NTIC&#039;s\",\"publisher\":{\"@id\":\"https:\/\/www.colindres.es\/#organization\"},\"potentialAction\":[{\"@type\":\"SearchAction\",\"target\":{\"@type\":\"EntryPoint\",\"urlTemplate\":\"https:\/\/www.colindres.es\/?s={search_term_string}\"},\"query-input\":{\"@type\":\"PropertyValueSpecification\",\"valueRequired\":true,\"valueName\":\"search_term_string\"}}],\"inLanguage\":\"es\"},{\"@type\":\"Organization\",\"@id\":\"https:\/\/www.colindres.es\/#organization\",\"name\":\"AYUNTAMIENTO DE COLINDRES\",\"url\":\"https:\/\/www.colindres.es\/\",\"logo\":{\"@type\":\"ImageObject\",\"inLanguage\":\"es\",\"@id\":\"https:\/\/www.colindres.es\/#\/schema\/logo\/image\/\",\"url\":\"https:\/\/www.colindres.es\/wp-content\/uploads\/2017\/01\/LOGO-PRINCIPAL.jpg\",\"contentUrl\":\"https:\/\/www.colindres.es\/wp-content\/uploads\/2017\/01\/LOGO-PRINCIPAL.jpg\",\"width\":1209,\"height\":579,\"caption\":\"AYUNTAMIENTO DE COLINDRES\"},\"image\":{\"@id\":\"https:\/\/www.colindres.es\/#\/schema\/logo\/image\/\"}},{\"@type\":\"Person\",\"@id\":\"https:\/\/www.colindres.es\/#\/schema\/person\/0225d0319539e212e866b144d841eafb\",\"name\":\"Ignacio S\u00e1inz San Emeterio\",\"image\":{\"@type\":\"ImageObject\",\"inLanguage\":\"es\",\"@id\":\"https:\/\/www.colindres.es\/#\/schema\/person\/image\/\",\"url\":\"https:\/\/secure.gravatar.com\/avatar\/c35e3c2e7764c40bdaf5a44f84884669f6fdecc485d5842b7a4b1a9d0c53eed8?s=96&d=mm&r=g\",\"contentUrl\":\"https:\/\/secure.gravatar.com\/avatar\/c35e3c2e7764c40bdaf5a44f84884669f6fdecc485d5842b7a4b1a9d0c53eed8?s=96&d=mm&r=g\",\"caption\":\"Ignacio S\u00e1inz San Emeterio\"},\"description\":\"Responsable Departamento NTIC's - Ayuntamiento de Colindres\",\"sameAs\":[\"https:\/\/www.colindres.es\",\"https:\/\/es-la.facebook.com\/ayuntamiento.colindres\/\",\"https:\/\/x.com\/https:\/\/twitter.com\/aytocolindres?lang=es\"],\"url\":\"https:\/\/www.colindres.es\/index.php\/author\/colindres\/\"}]}<\/script>\n<!-- \/ Yoast SEO plugin. -->","yoast_head_json":{"title":"ACTA DE LA SESI\u00d3N EXTRAORDINARIA DE PLENO (celebrada el 30 de mayo de 2016) - Ayuntamiento de Colindres","robots":{"index":"index","follow":"follow","max-snippet":"max-snippet:-1","max-image-preview":"max-image-preview:large","max-video-preview":"max-video-preview:-1"},"canonical":"https:\/\/www.colindres.es\/index.php\/2019\/03\/05\/acta-de-la-sesion-extraordinaria-de-pleno-celebrada-el-30-de-mayo-de-2016\/","og_locale":"es_ES","og_type":"article","og_title":"ACTA DE LA SESI\u00d3N EXTRAORDINARIA DE PLENO (celebrada el 30 de mayo de 2016) - Ayuntamiento de Colindres","og_description":"En la Sala de Plenos del Ayuntamiento de Colindres (Cantabria), siendo las nueve horas y diez minutos del d\u00eda 30 de mayo de 2016, se re\u00fane el Pleno en primera convocatoria, bajo la Presidencia de la Sra. Alcaldesa en funciones, D\u00d1A. MARIA EUGENIA CASTA\u00d1EDA ARRASATE, con el objeto de celebrar sesi\u00f3n extraordinaria previamente convocada el [&hellip;]","og_url":"https:\/\/www.colindres.es\/index.php\/2019\/03\/05\/acta-de-la-sesion-extraordinaria-de-pleno-celebrada-el-30-de-mayo-de-2016\/","og_site_name":"Ayuntamiento de Colindres","article_author":"https:\/\/es-la.facebook.com\/ayuntamiento.colindres\/","article_published_time":"2019-03-05T07:54:19+00:00","author":"Ignacio S\u00e1inz San Emeterio","twitter_card":"summary_large_image","twitter_creator":"@https:\/\/twitter.com\/aytocolindres?lang=es","twitter_misc":{"Escrito por":"Ignacio S\u00e1inz San Emeterio","Tiempo de lectura":"1 minuto"},"schema":{"@context":"https:\/\/schema.org","@graph":[{"@type":"Article","@id":"https:\/\/www.colindres.es\/index.php\/2019\/03\/05\/acta-de-la-sesion-extraordinaria-de-pleno-celebrada-el-30-de-mayo-de-2016\/#article","isPartOf":{"@id":"https:\/\/www.colindres.es\/index.php\/2019\/03\/05\/acta-de-la-sesion-extraordinaria-de-pleno-celebrada-el-30-de-mayo-de-2016\/"},"author":{"name":"Ignacio S\u00e1inz San Emeterio","@id":"https:\/\/www.colindres.es\/#\/schema\/person\/0225d0319539e212e866b144d841eafb"},"headline":"ACTA DE LA SESI\u00d3N EXTRAORDINARIA DE PLENO (celebrada el 30 de mayo de 2016)","datePublished":"2019-03-05T07:54:19+00:00","mainEntityOfPage":{"@id":"https:\/\/www.colindres.es\/index.php\/2019\/03\/05\/acta-de-la-sesion-extraordinaria-de-pleno-celebrada-el-30-de-mayo-de-2016\/"},"wordCount":253,"commentCount":0,"publisher":{"@id":"https:\/\/www.colindres.es\/#organization"},"articleSection":["Plenos"],"inLanguage":"es","potentialAction":[{"@type":"CommentAction","name":"Comment","target":["https:\/\/www.colindres.es\/index.php\/2019\/03\/05\/acta-de-la-sesion-extraordinaria-de-pleno-celebrada-el-30-de-mayo-de-2016\/#respond"]}]},{"@type":"WebPage","@id":"https:\/\/www.colindres.es\/index.php\/2019\/03\/05\/acta-de-la-sesion-extraordinaria-de-pleno-celebrada-el-30-de-mayo-de-2016\/","url":"https:\/\/www.colindres.es\/index.php\/2019\/03\/05\/acta-de-la-sesion-extraordinaria-de-pleno-celebrada-el-30-de-mayo-de-2016\/","name":"ACTA DE LA SESI\u00d3N EXTRAORDINARIA DE PLENO (celebrada el 30 de mayo de 2016) - Ayuntamiento de Colindres","isPartOf":{"@id":"https:\/\/www.colindres.es\/#website"},"datePublished":"2019-03-05T07:54:19+00:00","breadcrumb":{"@id":"https:\/\/www.colindres.es\/index.php\/2019\/03\/05\/acta-de-la-sesion-extraordinaria-de-pleno-celebrada-el-30-de-mayo-de-2016\/#breadcrumb"},"inLanguage":"es","potentialAction":[{"@type":"ReadAction","target":["https:\/\/www.colindres.es\/index.php\/2019\/03\/05\/acta-de-la-sesion-extraordinaria-de-pleno-celebrada-el-30-de-mayo-de-2016\/"]}]},{"@type":"BreadcrumbList","@id":"https:\/\/www.colindres.es\/index.php\/2019\/03\/05\/acta-de-la-sesion-extraordinaria-de-pleno-celebrada-el-30-de-mayo-de-2016\/#breadcrumb","itemListElement":[{"@type":"ListItem","position":1,"name":"Portada","item":"https:\/\/www.colindres.es\/"},{"@type":"ListItem","position":2,"name":"ACTA DE LA SESI\u00d3N EXTRAORDINARIA DE PLENO (celebrada el 30 de mayo de 2016)"}]},{"@type":"WebSite","@id":"https:\/\/www.colindres.es\/#website","url":"https:\/\/www.colindres.es\/","name":"Ayuntamiento de Colindres","description":"Dise\u00f1ado por NTIC&#039;s","publisher":{"@id":"https:\/\/www.colindres.es\/#organization"},"potentialAction":[{"@type":"SearchAction","target":{"@type":"EntryPoint","urlTemplate":"https:\/\/www.colindres.es\/?s={search_term_string}"},"query-input":{"@type":"PropertyValueSpecification","valueRequired":true,"valueName":"search_term_string"}}],"inLanguage":"es"},{"@type":"Organization","@id":"https:\/\/www.colindres.es\/#organization","name":"AYUNTAMIENTO DE COLINDRES","url":"https:\/\/www.colindres.es\/","logo":{"@type":"ImageObject","inLanguage":"es","@id":"https:\/\/www.colindres.es\/#\/schema\/logo\/image\/","url":"https:\/\/www.colindres.es\/wp-content\/uploads\/2017\/01\/LOGO-PRINCIPAL.jpg","contentUrl":"https:\/\/www.colindres.es\/wp-content\/uploads\/2017\/01\/LOGO-PRINCIPAL.jpg","width":1209,"height":579,"caption":"AYUNTAMIENTO DE COLINDRES"},"image":{"@id":"https:\/\/www.colindres.es\/#\/schema\/logo\/image\/"}},{"@type":"Person","@id":"https:\/\/www.colindres.es\/#\/schema\/person\/0225d0319539e212e866b144d841eafb","name":"Ignacio S\u00e1inz San Emeterio","image":{"@type":"ImageObject","inLanguage":"es","@id":"https:\/\/www.colindres.es\/#\/schema\/person\/image\/","url":"https:\/\/secure.gravatar.com\/avatar\/c35e3c2e7764c40bdaf5a44f84884669f6fdecc485d5842b7a4b1a9d0c53eed8?s=96&d=mm&r=g","contentUrl":"https:\/\/secure.gravatar.com\/avatar\/c35e3c2e7764c40bdaf5a44f84884669f6fdecc485d5842b7a4b1a9d0c53eed8?s=96&d=mm&r=g","caption":"Ignacio S\u00e1inz San Emeterio"},"description":"Responsable Departamento NTIC's - Ayuntamiento de Colindres","sameAs":["https:\/\/www.colindres.es","https:\/\/es-la.facebook.com\/ayuntamiento.colindres\/","https:\/\/x.com\/https:\/\/twitter.com\/aytocolindres?lang=es"],"url":"https:\/\/www.colindres.es\/index.php\/author\/colindres\/"}]}},"_links":{"self":[{"href":"https:\/\/www.colindres.es\/index.php\/wp-json\/wp\/v2\/posts\/13827","targetHints":{"allow":["GET"]}}],"collection":[{"href":"https:\/\/www.colindres.es\/index.php\/wp-json\/wp\/v2\/posts"}],"about":[{"href":"https:\/\/www.colindres.es\/index.php\/wp-json\/wp\/v2\/types\/post"}],"author":[{"embeddable":true,"href":"https:\/\/www.colindres.es\/index.php\/wp-json\/wp\/v2\/users\/1"}],"replies":[{"embeddable":true,"href":"https:\/\/www.colindres.es\/index.php\/wp-json\/wp\/v2\/comments?post=13827"}],"version-history":[{"count":1,"href":"https:\/\/www.colindres.es\/index.php\/wp-json\/wp\/v2\/posts\/13827\/revisions"}],"predecessor-version":[{"id":13829,"href":"https:\/\/www.colindres.es\/index.php\/wp-json\/wp\/v2\/posts\/13827\/revisions\/13829"}],"wp:attachment":[{"href":"https:\/\/www.colindres.es\/index.php\/wp-json\/wp\/v2\/media?parent=13827"}],"wp:term":[{"taxonomy":"category","embeddable":true,"href":"https:\/\/www.colindres.es\/index.php\/wp-json\/wp\/v2\/categories?post=13827"},{"taxonomy":"post_tag","embeddable":true,"href":"https:\/\/www.colindres.es\/index.php\/wp-json\/wp\/v2\/tags?post=13827"}],"curies":[{"name":"wp","href":"https:\/\/api.w.org\/{rel}","templated":true}]}}