{"id":13524,"date":"2019-02-28T05:48:31","date_gmt":"2019-02-28T05:48:31","guid":{"rendered":"https:\/\/www.colindres.es\/?p=13524"},"modified":"2019-02-28T05:48:31","modified_gmt":"2019-02-28T05:48:31","slug":"acta-de-la-sesion-ordinaria-de-pleno-celebrada-el-15-de-noviembre-de-2017","status":"publish","type":"post","link":"https:\/\/www.colindres.es\/index.php\/2019\/02\/28\/acta-de-la-sesion-ordinaria-de-pleno-celebrada-el-15-de-noviembre-de-2017\/","title":{"rendered":"ACTA DE LA SESI\u00d3N ordinaria DE PLENO (celebrada el 15 de noviembre de 2017)"},"content":{"rendered":"<p>En la Sala de Plenos del Ayuntamiento de Colindres (Cantabria), siendo las diecinueve horas y treinta y cinco minutos del d\u00eda 15 de noviembre de 2017, se re\u00fane el Pleno en primera convocatoria, bajo la Presidencia del Sr. Alcalde, D. JAVIER INCERA GOYENECHEA, con el objeto de celebrar sesi\u00f3n ordinaria convocada el d\u00eda de la fecha, y para la que fueron previamente citados.<\/p>\n<p>ASISTENTES:<\/p>\n<p>PRESIDENTE:<\/p>\n<ul>\n<li>Sr. Alcalde-Presidente<\/li>\n<li>D. JAVIER INCERA GOYENECHEA<\/li>\n<\/ul>\n<p>CONCEJALES\/AS:<\/p>\n<ul>\n<li>D\u00d1A. MARIA EUGENIA CASTA\u00d1EDA ARRASATE.<\/li>\n<li>D. ADRI\u00c1N SETIEN EXP\u00d3SITO<\/li>\n<li>D\u00d1A. SARAY VILLAL\u00d3N FERN\u00c1NDEZ<\/li>\n<li>D. ALBERTO ECHEVARR\u00cdA ORTIZ<\/li>\n<li>D. PABLO RUIZ SOLER<\/li>\n<li>D\u00d1A. ARACELI AYESA ESCALANTE<\/li>\n<li>D\u00d1A. M\u00d3NICA NAVASCUEZ FERN\u00c1NDEZ<\/li>\n<li>D. MARIANO TORRE ARNAIZ<\/li>\n<li>D. C\u00c9SAR PERAL DIEZ<\/li>\n<li>D\u00d1A. MARIA INMACULADA SALCINES REVUELTA<\/li>\n<li>D. ANTONIO P\u00c9REZ G\u00d3MEZ<\/li>\n<li>D\u00d1A. AURORA CUERO FUENTECILLA<\/li>\n<\/ul>\n<p>SECRETARIA: D\u00f1a. Marta Rebollo Santos, Secretaria accidental del Ayuntamiento.<\/p>\n<p>INTERVENTOR: D. Jos\u00e9 Ignacio S\u00e1nchez Mart\u00ednez, Interventor del Ayuntamiento.<\/p>\n<p>La Presidencia, tras comprobar en los t\u00e9rminos expuestos que se da el qu\u00f3rum legalmente exigido por el art\u00edculo 46.2 c) de la Ley 7\/1985, de 2 de abril, Reguladora de las Bases de R\u00e9gimen Local, para la v\u00e1lida celebraci\u00f3n de las sesiones de Pleno, declara abierta \u00e9sta, pas\u00e1ndose al estudio de los asuntos incluidos en el orden del d\u00eda de la convocatoria.<\/p>\n<p>Parte dispositiva.<\/p>\n<ul>\n<li>1.- Aprobaci\u00f3n dictamen EMC 16\/2017 (transferencia de cr\u00e9dito entre distinta \u00e1rea de gasto)<\/li>\n<li>2.- Aprobaci\u00f3n dictamen EMC 17\/2017 (transferencia de cr\u00e9dito entre distinta \u00e1rea de gasto)<\/li>\n<li>3.- Aprobaci\u00f3n inicial de las Ordenanzas Fiscales para 2017<\/li>\n<li>4.- Acuerdo modificaci\u00f3n infracciones en relaci\u00f3n con excrementos v\u00eda p\u00fablica.<\/li>\n<li>5.- Acuerdo informe favorable \u00e1rea prestaci\u00f3n conjunta servicio autotaxi.<\/li>\n<li>6.- Moci\u00f3n del grupo municipal PP (registro de entrada n\u00ba: 5044) sobre convenio de colaboraci\u00f3n administrativa con el Ayuntamiento de Laredo en relaci\u00f3n con el Regato Madre.<\/li>\n<li>7.- Moci\u00f3n del grupo municipal PRC (registro de entrada n\u00ba: 5279) sobre materia de contrataci\u00f3n.<\/li>\n<li>8.- Moci\u00f3n del grupo municipal PP (registro de entrada n\u00ba: 5369) relativa a instar actuaciones al Gobierno de Cantabria en el Puerto de Colindres.<\/li>\n<li>9.- Moci\u00f3n conjunta grupos municipales PSOE y PRC relativa a la violencia de g\u00e9nero.<\/li>\n<li>10.- Proposici\u00f3n de Alcald\u00eda de ratificaci\u00f3n Decreto de Alcald\u00eda 733\/2017, sobre aceptaci\u00f3n condiciones concesi\u00f3n Parque del Riego<\/li>\n<\/ul>\n<p>Parte de control y fiscalizaci\u00f3n.<\/p>\n<ul>\n<li>1.- Daci\u00f3n de cuenta de Decretos de Alcald\u00eda: del 576\/2017 al 744\/2017.<\/li>\n<li>2.- Ruegos y Preguntas<\/li>\n<\/ul>\n<p><a href=\"https:\/\/www.colindres.es\/wp-content\/uploads\/2019\/02\/05-15.11.2017.pdf\">DESCARGAR EL PLENO 05 &#8211; 15.11.2017<\/a><\/p>\n","protected":false},"excerpt":{"rendered":"<p>En la Sala de Plenos del Ayuntamiento de Colindres (Cantabria), siendo las diecinueve horas y treinta y cinco minutos del d\u00eda 15 de noviembre de 2017, se re\u00fane el Pleno en primera convocatoria, bajo la Presidencia del Sr. Alcalde, D. JAVIER INCERA GOYENECHEA, con el objeto de celebrar sesi\u00f3n ordinaria convocada el d\u00eda de la [&hellip;]<\/p>\n","protected":false},"author":1,"featured_media":1415,"comment_status":"open","ping_status":"closed","sticky":false,"template":"","format":"standard","meta":{"_et_pb_use_builder":"","_et_pb_old_content":"","_et_gb_content_width":"","footnotes":""},"categories":[5],"tags":[],"class_list":["post-13524","post","type-post","status-publish","format-standard","has-post-thumbnail","hentry","category-plenos"],"yoast_head":"<!-- This site is optimized with the Yoast SEO plugin v24.9 - https:\/\/yoast.com\/wordpress\/plugins\/seo\/ -->\n<title>ACTA DE LA SESI\u00d3N ordinaria DE PLENO (celebrada el 15 de noviembre de 2017) - Ayuntamiento de Colindres<\/title>\n<meta name=\"robots\" content=\"index, follow, max-snippet:-1, max-image-preview:large, max-video-preview:-1\" \/>\n<link rel=\"canonical\" href=\"https:\/\/www.colindres.es\/index.php\/2019\/02\/28\/acta-de-la-sesion-ordinaria-de-pleno-celebrada-el-15-de-noviembre-de-2017\/\" \/>\n<meta property=\"og:locale\" content=\"es_ES\" \/>\n<meta property=\"og:type\" content=\"article\" \/>\n<meta property=\"og:title\" content=\"ACTA DE LA SESI\u00d3N ordinaria DE PLENO (celebrada el 15 de noviembre de 2017) - Ayuntamiento de Colindres\" \/>\n<meta property=\"og:description\" content=\"En la Sala de Plenos del Ayuntamiento de Colindres (Cantabria), siendo las diecinueve horas y treinta y cinco minutos del d\u00eda 15 de noviembre de 2017, se re\u00fane el Pleno en primera convocatoria, bajo la Presidencia del Sr. Alcalde, D. JAVIER INCERA GOYENECHEA, con el objeto de celebrar sesi\u00f3n ordinaria convocada el d\u00eda de la [&hellip;]\" \/>\n<meta property=\"og:url\" content=\"https:\/\/www.colindres.es\/index.php\/2019\/02\/28\/acta-de-la-sesion-ordinaria-de-pleno-celebrada-el-15-de-noviembre-de-2017\/\" \/>\n<meta property=\"og:site_name\" content=\"Ayuntamiento de Colindres\" \/>\n<meta property=\"article:author\" content=\"https:\/\/es-la.facebook.com\/ayuntamiento.colindres\/\" \/>\n<meta property=\"article:published_time\" content=\"2019-02-28T05:48:31+00:00\" \/>\n<meta property=\"og:image\" content=\"https:\/\/www.colindres.es\/wp-content\/uploads\/2018\/04\/rotonda-escudero.jpg\" \/>\n\t<meta property=\"og:image:width\" content=\"1134\" \/>\n\t<meta property=\"og:image:height\" content=\"411\" \/>\n\t<meta property=\"og:image:type\" content=\"image\/jpeg\" \/>\n<meta name=\"author\" content=\"Ignacio S\u00e1inz San Emeterio\" \/>\n<meta name=\"twitter:card\" content=\"summary_large_image\" \/>\n<meta name=\"twitter:creator\" content=\"@https:\/\/twitter.com\/aytocolindres?lang=es\" \/>\n<meta name=\"twitter:label1\" content=\"Escrito por\" \/>\n\t<meta name=\"twitter:data1\" content=\"Ignacio S\u00e1inz San Emeterio\" \/>\n\t<meta name=\"twitter:label2\" content=\"Tiempo de lectura\" \/>\n\t<meta name=\"twitter:data2\" content=\"2 minutos\" \/>\n<script type=\"application\/ld+json\" class=\"yoast-schema-graph\">{\"@context\":\"https:\/\/schema.org\",\"@graph\":[{\"@type\":\"Article\",\"@id\":\"https:\/\/www.colindres.es\/index.php\/2019\/02\/28\/acta-de-la-sesion-ordinaria-de-pleno-celebrada-el-15-de-noviembre-de-2017\/#article\",\"isPartOf\":{\"@id\":\"https:\/\/www.colindres.es\/index.php\/2019\/02\/28\/acta-de-la-sesion-ordinaria-de-pleno-celebrada-el-15-de-noviembre-de-2017\/\"},\"author\":{\"name\":\"Ignacio S\u00e1inz San Emeterio\",\"@id\":\"https:\/\/www.colindres.es\/#\/schema\/person\/0225d0319539e212e866b144d841eafb\"},\"headline\":\"ACTA DE LA SESI\u00d3N ordinaria DE PLENO (celebrada el 15 de noviembre de 2017)\",\"datePublished\":\"2019-02-28T05:48:31+00:00\",\"mainEntityOfPage\":{\"@id\":\"https:\/\/www.colindres.es\/index.php\/2019\/02\/28\/acta-de-la-sesion-ordinaria-de-pleno-celebrada-el-15-de-noviembre-de-2017\/\"},\"wordCount\":439,\"commentCount\":0,\"publisher\":{\"@id\":\"https:\/\/www.colindres.es\/#organization\"},\"image\":{\"@id\":\"https:\/\/www.colindres.es\/index.php\/2019\/02\/28\/acta-de-la-sesion-ordinaria-de-pleno-celebrada-el-15-de-noviembre-de-2017\/#primaryimage\"},\"thumbnailUrl\":\"https:\/\/www.colindres.es\/wp-content\/uploads\/2018\/04\/rotonda-escudero.jpg\",\"articleSection\":[\"Plenos\"],\"inLanguage\":\"es\",\"potentialAction\":[{\"@type\":\"CommentAction\",\"name\":\"Comment\",\"target\":[\"https:\/\/www.colindres.es\/index.php\/2019\/02\/28\/acta-de-la-sesion-ordinaria-de-pleno-celebrada-el-15-de-noviembre-de-2017\/#respond\"]}]},{\"@type\":\"WebPage\",\"@id\":\"https:\/\/www.colindres.es\/index.php\/2019\/02\/28\/acta-de-la-sesion-ordinaria-de-pleno-celebrada-el-15-de-noviembre-de-2017\/\",\"url\":\"https:\/\/www.colindres.es\/index.php\/2019\/02\/28\/acta-de-la-sesion-ordinaria-de-pleno-celebrada-el-15-de-noviembre-de-2017\/\",\"name\":\"ACTA DE LA SESI\u00d3N ordinaria DE PLENO (celebrada el 15 de noviembre de 2017) - Ayuntamiento de Colindres\",\"isPartOf\":{\"@id\":\"https:\/\/www.colindres.es\/#website\"},\"primaryImageOfPage\":{\"@id\":\"https:\/\/www.colindres.es\/index.php\/2019\/02\/28\/acta-de-la-sesion-ordinaria-de-pleno-celebrada-el-15-de-noviembre-de-2017\/#primaryimage\"},\"image\":{\"@id\":\"https:\/\/www.colindres.es\/index.php\/2019\/02\/28\/acta-de-la-sesion-ordinaria-de-pleno-celebrada-el-15-de-noviembre-de-2017\/#primaryimage\"},\"thumbnailUrl\":\"https:\/\/www.colindres.es\/wp-content\/uploads\/2018\/04\/rotonda-escudero.jpg\",\"datePublished\":\"2019-02-28T05:48:31+00:00\",\"breadcrumb\":{\"@id\":\"https:\/\/www.colindres.es\/index.php\/2019\/02\/28\/acta-de-la-sesion-ordinaria-de-pleno-celebrada-el-15-de-noviembre-de-2017\/#breadcrumb\"},\"inLanguage\":\"es\",\"potentialAction\":[{\"@type\":\"ReadAction\",\"target\":[\"https:\/\/www.colindres.es\/index.php\/2019\/02\/28\/acta-de-la-sesion-ordinaria-de-pleno-celebrada-el-15-de-noviembre-de-2017\/\"]}]},{\"@type\":\"ImageObject\",\"inLanguage\":\"es\",\"@id\":\"https:\/\/www.colindres.es\/index.php\/2019\/02\/28\/acta-de-la-sesion-ordinaria-de-pleno-celebrada-el-15-de-noviembre-de-2017\/#primaryimage\",\"url\":\"https:\/\/www.colindres.es\/wp-content\/uploads\/2018\/04\/rotonda-escudero.jpg\",\"contentUrl\":\"https:\/\/www.colindres.es\/wp-content\/uploads\/2018\/04\/rotonda-escudero.jpg\",\"width\":1134,\"height\":411},{\"@type\":\"BreadcrumbList\",\"@id\":\"https:\/\/www.colindres.es\/index.php\/2019\/02\/28\/acta-de-la-sesion-ordinaria-de-pleno-celebrada-el-15-de-noviembre-de-2017\/#breadcrumb\",\"itemListElement\":[{\"@type\":\"ListItem\",\"position\":1,\"name\":\"Portada\",\"item\":\"https:\/\/www.colindres.es\/\"},{\"@type\":\"ListItem\",\"position\":2,\"name\":\"ACTA DE LA SESI\u00d3N ordinaria DE PLENO (celebrada el 15 de noviembre de 2017)\"}]},{\"@type\":\"WebSite\",\"@id\":\"https:\/\/www.colindres.es\/#website\",\"url\":\"https:\/\/www.colindres.es\/\",\"name\":\"Ayuntamiento de Colindres\",\"description\":\"Dise\u00f1ado por NTIC&#039;s\",\"publisher\":{\"@id\":\"https:\/\/www.colindres.es\/#organization\"},\"potentialAction\":[{\"@type\":\"SearchAction\",\"target\":{\"@type\":\"EntryPoint\",\"urlTemplate\":\"https:\/\/www.colindres.es\/?s={search_term_string}\"},\"query-input\":{\"@type\":\"PropertyValueSpecification\",\"valueRequired\":true,\"valueName\":\"search_term_string\"}}],\"inLanguage\":\"es\"},{\"@type\":\"Organization\",\"@id\":\"https:\/\/www.colindres.es\/#organization\",\"name\":\"AYUNTAMIENTO DE COLINDRES\",\"url\":\"https:\/\/www.colindres.es\/\",\"logo\":{\"@type\":\"ImageObject\",\"inLanguage\":\"es\",\"@id\":\"https:\/\/www.colindres.es\/#\/schema\/logo\/image\/\",\"url\":\"https:\/\/www.colindres.es\/wp-content\/uploads\/2017\/01\/LOGO-PRINCIPAL.jpg\",\"contentUrl\":\"https:\/\/www.colindres.es\/wp-content\/uploads\/2017\/01\/LOGO-PRINCIPAL.jpg\",\"width\":1209,\"height\":579,\"caption\":\"AYUNTAMIENTO DE COLINDRES\"},\"image\":{\"@id\":\"https:\/\/www.colindres.es\/#\/schema\/logo\/image\/\"}},{\"@type\":\"Person\",\"@id\":\"https:\/\/www.colindres.es\/#\/schema\/person\/0225d0319539e212e866b144d841eafb\",\"name\":\"Ignacio S\u00e1inz San Emeterio\",\"image\":{\"@type\":\"ImageObject\",\"inLanguage\":\"es\",\"@id\":\"https:\/\/www.colindres.es\/#\/schema\/person\/image\/\",\"url\":\"https:\/\/secure.gravatar.com\/avatar\/c35e3c2e7764c40bdaf5a44f84884669f6fdecc485d5842b7a4b1a9d0c53eed8?s=96&d=mm&r=g\",\"contentUrl\":\"https:\/\/secure.gravatar.com\/avatar\/c35e3c2e7764c40bdaf5a44f84884669f6fdecc485d5842b7a4b1a9d0c53eed8?s=96&d=mm&r=g\",\"caption\":\"Ignacio S\u00e1inz San Emeterio\"},\"description\":\"Responsable Departamento NTIC's - Ayuntamiento de Colindres\",\"sameAs\":[\"https:\/\/www.colindres.es\",\"https:\/\/es-la.facebook.com\/ayuntamiento.colindres\/\",\"https:\/\/x.com\/https:\/\/twitter.com\/aytocolindres?lang=es\"],\"url\":\"https:\/\/www.colindres.es\/index.php\/author\/colindres\/\"}]}<\/script>\n<!-- \/ Yoast SEO plugin. -->","yoast_head_json":{"title":"ACTA DE LA SESI\u00d3N ordinaria DE PLENO (celebrada el 15 de noviembre de 2017) - Ayuntamiento de Colindres","robots":{"index":"index","follow":"follow","max-snippet":"max-snippet:-1","max-image-preview":"max-image-preview:large","max-video-preview":"max-video-preview:-1"},"canonical":"https:\/\/www.colindres.es\/index.php\/2019\/02\/28\/acta-de-la-sesion-ordinaria-de-pleno-celebrada-el-15-de-noviembre-de-2017\/","og_locale":"es_ES","og_type":"article","og_title":"ACTA DE LA SESI\u00d3N ordinaria DE PLENO (celebrada el 15 de noviembre de 2017) - Ayuntamiento de Colindres","og_description":"En la Sala de Plenos del Ayuntamiento de Colindres (Cantabria), siendo las diecinueve horas y treinta y cinco minutos del d\u00eda 15 de noviembre de 2017, se re\u00fane el Pleno en primera convocatoria, bajo la Presidencia del Sr. Alcalde, D. JAVIER INCERA GOYENECHEA, con el objeto de celebrar sesi\u00f3n ordinaria convocada el d\u00eda de la [&hellip;]","og_url":"https:\/\/www.colindres.es\/index.php\/2019\/02\/28\/acta-de-la-sesion-ordinaria-de-pleno-celebrada-el-15-de-noviembre-de-2017\/","og_site_name":"Ayuntamiento de Colindres","article_author":"https:\/\/es-la.facebook.com\/ayuntamiento.colindres\/","article_published_time":"2019-02-28T05:48:31+00:00","og_image":[{"width":1134,"height":411,"url":"https:\/\/www.colindres.es\/wp-content\/uploads\/2018\/04\/rotonda-escudero.jpg","type":"image\/jpeg"}],"author":"Ignacio S\u00e1inz San Emeterio","twitter_card":"summary_large_image","twitter_creator":"@https:\/\/twitter.com\/aytocolindres?lang=es","twitter_misc":{"Escrito por":"Ignacio S\u00e1inz San Emeterio","Tiempo de lectura":"2 minutos"},"schema":{"@context":"https:\/\/schema.org","@graph":[{"@type":"Article","@id":"https:\/\/www.colindres.es\/index.php\/2019\/02\/28\/acta-de-la-sesion-ordinaria-de-pleno-celebrada-el-15-de-noviembre-de-2017\/#article","isPartOf":{"@id":"https:\/\/www.colindres.es\/index.php\/2019\/02\/28\/acta-de-la-sesion-ordinaria-de-pleno-celebrada-el-15-de-noviembre-de-2017\/"},"author":{"name":"Ignacio S\u00e1inz San Emeterio","@id":"https:\/\/www.colindres.es\/#\/schema\/person\/0225d0319539e212e866b144d841eafb"},"headline":"ACTA DE LA SESI\u00d3N ordinaria DE PLENO (celebrada el 15 de noviembre de 2017)","datePublished":"2019-02-28T05:48:31+00:00","mainEntityOfPage":{"@id":"https:\/\/www.colindres.es\/index.php\/2019\/02\/28\/acta-de-la-sesion-ordinaria-de-pleno-celebrada-el-15-de-noviembre-de-2017\/"},"wordCount":439,"commentCount":0,"publisher":{"@id":"https:\/\/www.colindres.es\/#organization"},"image":{"@id":"https:\/\/www.colindres.es\/index.php\/2019\/02\/28\/acta-de-la-sesion-ordinaria-de-pleno-celebrada-el-15-de-noviembre-de-2017\/#primaryimage"},"thumbnailUrl":"https:\/\/www.colindres.es\/wp-content\/uploads\/2018\/04\/rotonda-escudero.jpg","articleSection":["Plenos"],"inLanguage":"es","potentialAction":[{"@type":"CommentAction","name":"Comment","target":["https:\/\/www.colindres.es\/index.php\/2019\/02\/28\/acta-de-la-sesion-ordinaria-de-pleno-celebrada-el-15-de-noviembre-de-2017\/#respond"]}]},{"@type":"WebPage","@id":"https:\/\/www.colindres.es\/index.php\/2019\/02\/28\/acta-de-la-sesion-ordinaria-de-pleno-celebrada-el-15-de-noviembre-de-2017\/","url":"https:\/\/www.colindres.es\/index.php\/2019\/02\/28\/acta-de-la-sesion-ordinaria-de-pleno-celebrada-el-15-de-noviembre-de-2017\/","name":"ACTA DE LA SESI\u00d3N ordinaria DE PLENO (celebrada el 15 de noviembre de 2017) - Ayuntamiento de Colindres","isPartOf":{"@id":"https:\/\/www.colindres.es\/#website"},"primaryImageOfPage":{"@id":"https:\/\/www.colindres.es\/index.php\/2019\/02\/28\/acta-de-la-sesion-ordinaria-de-pleno-celebrada-el-15-de-noviembre-de-2017\/#primaryimage"},"image":{"@id":"https:\/\/www.colindres.es\/index.php\/2019\/02\/28\/acta-de-la-sesion-ordinaria-de-pleno-celebrada-el-15-de-noviembre-de-2017\/#primaryimage"},"thumbnailUrl":"https:\/\/www.colindres.es\/wp-content\/uploads\/2018\/04\/rotonda-escudero.jpg","datePublished":"2019-02-28T05:48:31+00:00","breadcrumb":{"@id":"https:\/\/www.colindres.es\/index.php\/2019\/02\/28\/acta-de-la-sesion-ordinaria-de-pleno-celebrada-el-15-de-noviembre-de-2017\/#breadcrumb"},"inLanguage":"es","potentialAction":[{"@type":"ReadAction","target":["https:\/\/www.colindres.es\/index.php\/2019\/02\/28\/acta-de-la-sesion-ordinaria-de-pleno-celebrada-el-15-de-noviembre-de-2017\/"]}]},{"@type":"ImageObject","inLanguage":"es","@id":"https:\/\/www.colindres.es\/index.php\/2019\/02\/28\/acta-de-la-sesion-ordinaria-de-pleno-celebrada-el-15-de-noviembre-de-2017\/#primaryimage","url":"https:\/\/www.colindres.es\/wp-content\/uploads\/2018\/04\/rotonda-escudero.jpg","contentUrl":"https:\/\/www.colindres.es\/wp-content\/uploads\/2018\/04\/rotonda-escudero.jpg","width":1134,"height":411},{"@type":"BreadcrumbList","@id":"https:\/\/www.colindres.es\/index.php\/2019\/02\/28\/acta-de-la-sesion-ordinaria-de-pleno-celebrada-el-15-de-noviembre-de-2017\/#breadcrumb","itemListElement":[{"@type":"ListItem","position":1,"name":"Portada","item":"https:\/\/www.colindres.es\/"},{"@type":"ListItem","position":2,"name":"ACTA DE LA SESI\u00d3N ordinaria DE PLENO (celebrada el 15 de noviembre de 2017)"}]},{"@type":"WebSite","@id":"https:\/\/www.colindres.es\/#website","url":"https:\/\/www.colindres.es\/","name":"Ayuntamiento de Colindres","description":"Dise\u00f1ado por NTIC&#039;s","publisher":{"@id":"https:\/\/www.colindres.es\/#organization"},"potentialAction":[{"@type":"SearchAction","target":{"@type":"EntryPoint","urlTemplate":"https:\/\/www.colindres.es\/?s={search_term_string}"},"query-input":{"@type":"PropertyValueSpecification","valueRequired":true,"valueName":"search_term_string"}}],"inLanguage":"es"},{"@type":"Organization","@id":"https:\/\/www.colindres.es\/#organization","name":"AYUNTAMIENTO DE COLINDRES","url":"https:\/\/www.colindres.es\/","logo":{"@type":"ImageObject","inLanguage":"es","@id":"https:\/\/www.colindres.es\/#\/schema\/logo\/image\/","url":"https:\/\/www.colindres.es\/wp-content\/uploads\/2017\/01\/LOGO-PRINCIPAL.jpg","contentUrl":"https:\/\/www.colindres.es\/wp-content\/uploads\/2017\/01\/LOGO-PRINCIPAL.jpg","width":1209,"height":579,"caption":"AYUNTAMIENTO DE COLINDRES"},"image":{"@id":"https:\/\/www.colindres.es\/#\/schema\/logo\/image\/"}},{"@type":"Person","@id":"https:\/\/www.colindres.es\/#\/schema\/person\/0225d0319539e212e866b144d841eafb","name":"Ignacio S\u00e1inz San Emeterio","image":{"@type":"ImageObject","inLanguage":"es","@id":"https:\/\/www.colindres.es\/#\/schema\/person\/image\/","url":"https:\/\/secure.gravatar.com\/avatar\/c35e3c2e7764c40bdaf5a44f84884669f6fdecc485d5842b7a4b1a9d0c53eed8?s=96&d=mm&r=g","contentUrl":"https:\/\/secure.gravatar.com\/avatar\/c35e3c2e7764c40bdaf5a44f84884669f6fdecc485d5842b7a4b1a9d0c53eed8?s=96&d=mm&r=g","caption":"Ignacio S\u00e1inz San Emeterio"},"description":"Responsable Departamento NTIC's - Ayuntamiento de Colindres","sameAs":["https:\/\/www.colindres.es","https:\/\/es-la.facebook.com\/ayuntamiento.colindres\/","https:\/\/x.com\/https:\/\/twitter.com\/aytocolindres?lang=es"],"url":"https:\/\/www.colindres.es\/index.php\/author\/colindres\/"}]}},"_links":{"self":[{"href":"https:\/\/www.colindres.es\/index.php\/wp-json\/wp\/v2\/posts\/13524","targetHints":{"allow":["GET"]}}],"collection":[{"href":"https:\/\/www.colindres.es\/index.php\/wp-json\/wp\/v2\/posts"}],"about":[{"href":"https:\/\/www.colindres.es\/index.php\/wp-json\/wp\/v2\/types\/post"}],"author":[{"embeddable":true,"href":"https:\/\/www.colindres.es\/index.php\/wp-json\/wp\/v2\/users\/1"}],"replies":[{"embeddable":true,"href":"https:\/\/www.colindres.es\/index.php\/wp-json\/wp\/v2\/comments?post=13524"}],"version-history":[{"count":1,"href":"https:\/\/www.colindres.es\/index.php\/wp-json\/wp\/v2\/posts\/13524\/revisions"}],"predecessor-version":[{"id":13526,"href":"https:\/\/www.colindres.es\/index.php\/wp-json\/wp\/v2\/posts\/13524\/revisions\/13526"}],"wp:featuredmedia":[{"embeddable":true,"href":"https:\/\/www.colindres.es\/index.php\/wp-json\/wp\/v2\/media\/1415"}],"wp:attachment":[{"href":"https:\/\/www.colindres.es\/index.php\/wp-json\/wp\/v2\/media?parent=13524"}],"wp:term":[{"taxonomy":"category","embeddable":true,"href":"https:\/\/www.colindres.es\/index.php\/wp-json\/wp\/v2\/categories?post=13524"},{"taxonomy":"post_tag","embeddable":true,"href":"https:\/\/www.colindres.es\/index.php\/wp-json\/wp\/v2\/tags?post=13524"}],"curies":[{"name":"wp","href":"https:\/\/api.w.org\/{rel}","templated":true}]}}