{"id":13514,"date":"2019-02-27T12:54:55","date_gmt":"2019-02-27T12:54:55","guid":{"rendered":"https:\/\/www.colindres.es\/?p=13514"},"modified":"2019-02-28T05:53:12","modified_gmt":"2019-02-28T05:53:12","slug":"acta-de-la-sesion-ordinaria-de-plenocelebrada-el-27-de-julio-de-2017","status":"publish","type":"post","link":"https:\/\/www.colindres.es\/index.php\/2019\/02\/27\/acta-de-la-sesion-ordinaria-de-plenocelebrada-el-27-de-julio-de-2017\/","title":{"rendered":"ACTA DE LA SESI\u00d3N ORDINARIA DE PLENO (celebrada el 27 de julio de 2017)"},"content":{"rendered":"<p>En la Sala de Plenos del Ayuntamiento de Colindres (Cantabria), siendo las nueve horas y ocho minutos del d\u00eda 27 de julio de 2017, se re\u00fane el Pleno en primera convocatoria, bajo la Presidencia del Sr. Alcalde, D. JAVIER INCERA GOYENECHEA, con el objeto de celebrar sesi\u00f3n ordinaria convocada el d\u00eda de la fecha, y para la que fueron previamente citados.<br \/>\nASISTENTES:<br \/>\nPRESIDENTE:<br \/>\nSr. Alcalde-Presidente<\/p>\n<ul>\n<li>D. JAVIER INCERA GOYENECHEA<\/li>\n<\/ul>\n<p>CONCEJALES\/AS:<\/p>\n<ul>\n<li>D\u00d1A. MARIA EUGENIA CASTA\u00d1EDA ARRASATE.<\/li>\n<li>D. ADRI\u00c1N SETIEN EXP\u00d3SITO<\/li>\n<li>D\u00d1A. SARAY VILLAL\u00d3N FERN\u00c1NDEZ<\/li>\n<li>D. ALBERTO ECHEVARR\u00cdA ORTIZ<\/li>\n<li>D. PABLO RUIZ SOLER<\/li>\n<li>D\u00d1A. ARACELI AYESA ESCALANTE<\/li>\n<li>D\u00d1A. M\u00d3NICA NAVASCUEZ FERN\u00c1NDEZ<\/li>\n<li>D. JOSE MARIA ALONSO RUIZ<\/li>\n<li>D. C\u00c9SAR PERAL DIEZ<\/li>\n<li>D\u00d1A. MARIA INMACULADA SALCINES REVUELTA<\/li>\n<li>D. ANTONIO P\u00c9REZ G\u00d3MEZ<\/li>\n<li>D\u00d1A. AURORA CUERO FUENTECILLA<\/li>\n<\/ul>\n<p>SECRETARIA: D\u00f1a. Paula Albors Ferrero, Secretaria del Ayuntamiento.<\/p>\n<p>INTERVENTOR: D. Jos\u00e9 Ignacio S\u00e1nchez Mart\u00ednez, Interventor del Ayuntamiento.<\/p>\n<p>La Presidencia, tras comprobar en los t\u00e9rminos expuestos que se da el qu\u00f3rum legalmente exigido por el art\u00edculo 46.2 c) de la Ley 7\/1985, de 2 de abril, Reguladora de las Bases de R\u00e9gimen Local, para la v\u00e1lida celebraci\u00f3n de las sesiones de Pleno, declara abierta \u00e9sta, pas\u00e1ndose al estudio de los asuntos incluidos en el orden del d\u00eda de la convocatoria.<br \/>\nParte dispositiva.<br \/>\n1.- Aprobaci\u00f3n de actas de sesiones anteriores de fecha: 14.03.2017.<br \/>\n2.- Toma de conocimiento por el Pleno de la renuncia al cargo de concejal de la Corporaci\u00f3n municipal del Ayuntamiento de Colindres presentada por D. Jos\u00e9 Mar\u00eda Alonso Ruiz.<br \/>\n3.- Aprobaci\u00f3n del expediente de reconocimiento extrajudicial de cr\u00e9dito 2\/2017.<br \/>\n4.- Aprobaci\u00f3n inicial del EMC 10\/2017 (transferencia de cr\u00e9dito entre distintas \u00e1reas de gasto).<br \/>\n5.- Aprobaci\u00f3n de la memoria t\u00e9cnica valorada remitida por la Consejer\u00eda de Universidad e Investigaci\u00f3n, Medio Ambiente y Pol\u00edtica Social para la ejecuci\u00f3n de la obra: RECUPERACI\u00d3N Y RESTAURACI\u00d3N AMBIENTAL DEL PARQUE DEL TINTERO.<\/p>\n<p>6.- Aprobaci\u00f3n del Convenio entre el Ayuntamiento de Colindres y Ayuntamiento de Ampuero para el uso de las instalaciones deportivas de Colindres.<br \/>\n7.- Aprobaci\u00f3n inicial de la modificaci\u00f3n de la Ordenanza reguladora del servicio de autotaxi del Ayuntamiento de Colindres.<br \/>\n8.- Aprobaci\u00f3n cesi\u00f3n parcelas a favor de la Consejer\u00eda de Educaci\u00f3n destinadas a la ampliaci\u00f3n del IES Valent\u00edn Turienzo<br \/>\n9.- Acuerdo relativo a moci\u00f3n del PP (registro de entrada n\u00ba: 3266) sobre reclamaci\u00f3n AMPAS.<br \/>\n10.- Acuerdo relativo a moci\u00f3n del PP (registro de entrada n\u00ba: 3267) sobre calendario escolar 2017\/2018.<br \/>\n11.- Acuerdo relativo a moci\u00f3n del PRC (registro de entrada n\u00ba: 3122) relativa financiaci\u00f3n Valdecilla.<br \/>\nParte de control y fiscalizaci\u00f3n.<br \/>\n1.- Daci\u00f3n de cuenta de Decretos de Alcald\u00eda: del 346\/2017 al 469\/2017.<br \/>\n2.- Ruegos y Preguntas<\/p>\n<p><a href=\"https:\/\/www.colindres.es\/wp-content\/uploads\/2019\/02\/03-27.07.2017-1.pdf\">DESCARGAR EL PLENO 03 &#8211; 27.07.2017<\/a><\/p>\n","protected":false},"excerpt":{"rendered":"<p>En la Sala de Plenos del Ayuntamiento de Colindres (Cantabria), siendo las nueve horas y ocho minutos del d\u00eda 27 de julio de 2017, se re\u00fane el Pleno en primera convocatoria, bajo la Presidencia del Sr. Alcalde, D. JAVIER INCERA GOYENECHEA, con el objeto de celebrar sesi\u00f3n ordinaria convocada el d\u00eda de la fecha, y [&hellip;]<\/p>\n","protected":false},"author":1,"featured_media":1993,"comment_status":"open","ping_status":"closed","sticky":false,"template":"","format":"standard","meta":{"_et_pb_use_builder":"","_et_pb_old_content":"","_et_gb_content_width":"","footnotes":""},"categories":[5],"tags":[],"class_list":["post-13514","post","type-post","status-publish","format-standard","has-post-thumbnail","hentry","category-plenos"],"yoast_head":"<!-- This site is optimized with the Yoast SEO plugin v24.9 - https:\/\/yoast.com\/wordpress\/plugins\/seo\/ -->\n<title>ACTA DE LA SESI\u00d3N ORDINARIA DE PLENO (celebrada el 27 de julio de 2017) - Ayuntamiento de Colindres<\/title>\n<meta name=\"robots\" content=\"index, follow, max-snippet:-1, max-image-preview:large, max-video-preview:-1\" \/>\n<link rel=\"canonical\" href=\"https:\/\/www.colindres.es\/index.php\/2019\/02\/27\/acta-de-la-sesion-ordinaria-de-plenocelebrada-el-27-de-julio-de-2017\/\" \/>\n<meta property=\"og:locale\" content=\"es_ES\" \/>\n<meta property=\"og:type\" content=\"article\" \/>\n<meta property=\"og:title\" content=\"ACTA DE LA SESI\u00d3N ORDINARIA DE PLENO (celebrada el 27 de julio de 2017) - Ayuntamiento de Colindres\" \/>\n<meta property=\"og:description\" content=\"En la Sala de Plenos del Ayuntamiento de Colindres (Cantabria), siendo las nueve horas y ocho minutos del d\u00eda 27 de julio de 2017, se re\u00fane el Pleno en primera convocatoria, bajo la Presidencia del Sr. Alcalde, D. JAVIER INCERA GOYENECHEA, con el objeto de celebrar sesi\u00f3n ordinaria convocada el d\u00eda de la fecha, y [&hellip;]\" \/>\n<meta property=\"og:url\" content=\"https:\/\/www.colindres.es\/index.php\/2019\/02\/27\/acta-de-la-sesion-ordinaria-de-plenocelebrada-el-27-de-julio-de-2017\/\" \/>\n<meta property=\"og:site_name\" content=\"Ayuntamiento de Colindres\" \/>\n<meta property=\"article:author\" content=\"https:\/\/es-la.facebook.com\/ayuntamiento.colindres\/\" \/>\n<meta property=\"article:published_time\" content=\"2019-02-27T12:54:55+00:00\" \/>\n<meta property=\"article:modified_time\" content=\"2019-02-28T05:53:12+00:00\" \/>\n<meta property=\"og:image\" content=\"https:\/\/www.colindres.es\/wp-content\/uploads\/2018\/12\/Navidad-Ayto-Colindres.jpg\" \/>\n\t<meta property=\"og:image:width\" content=\"1280\" \/>\n\t<meta property=\"og:image:height\" content=\"960\" \/>\n\t<meta property=\"og:image:type\" content=\"image\/jpeg\" \/>\n<meta name=\"author\" content=\"Ignacio S\u00e1inz San Emeterio\" \/>\n<meta name=\"twitter:card\" content=\"summary_large_image\" \/>\n<meta name=\"twitter:creator\" content=\"@https:\/\/twitter.com\/aytocolindres?lang=es\" \/>\n<meta name=\"twitter:label1\" content=\"Escrito por\" \/>\n\t<meta name=\"twitter:data1\" content=\"Ignacio S\u00e1inz San Emeterio\" \/>\n\t<meta name=\"twitter:label2\" content=\"Tiempo de lectura\" \/>\n\t<meta name=\"twitter:data2\" content=\"2 minutos\" \/>\n<script type=\"application\/ld+json\" class=\"yoast-schema-graph\">{\"@context\":\"https:\/\/schema.org\",\"@graph\":[{\"@type\":\"Article\",\"@id\":\"https:\/\/www.colindres.es\/index.php\/2019\/02\/27\/acta-de-la-sesion-ordinaria-de-plenocelebrada-el-27-de-julio-de-2017\/#article\",\"isPartOf\":{\"@id\":\"https:\/\/www.colindres.es\/index.php\/2019\/02\/27\/acta-de-la-sesion-ordinaria-de-plenocelebrada-el-27-de-julio-de-2017\/\"},\"author\":{\"name\":\"Ignacio S\u00e1inz San Emeterio\",\"@id\":\"https:\/\/www.colindres.es\/#\/schema\/person\/0225d0319539e212e866b144d841eafb\"},\"headline\":\"ACTA DE LA SESI\u00d3N ORDINARIA DE PLENO (celebrada el 27 de julio de 2017)\",\"datePublished\":\"2019-02-27T12:54:55+00:00\",\"dateModified\":\"2019-02-28T05:53:12+00:00\",\"mainEntityOfPage\":{\"@id\":\"https:\/\/www.colindres.es\/index.php\/2019\/02\/27\/acta-de-la-sesion-ordinaria-de-plenocelebrada-el-27-de-julio-de-2017\/\"},\"wordCount\":493,\"commentCount\":0,\"publisher\":{\"@id\":\"https:\/\/www.colindres.es\/#organization\"},\"image\":{\"@id\":\"https:\/\/www.colindres.es\/index.php\/2019\/02\/27\/acta-de-la-sesion-ordinaria-de-plenocelebrada-el-27-de-julio-de-2017\/#primaryimage\"},\"thumbnailUrl\":\"https:\/\/www.colindres.es\/wp-content\/uploads\/2018\/12\/Navidad-Ayto-Colindres.jpg\",\"articleSection\":[\"Plenos\"],\"inLanguage\":\"es\",\"potentialAction\":[{\"@type\":\"CommentAction\",\"name\":\"Comment\",\"target\":[\"https:\/\/www.colindres.es\/index.php\/2019\/02\/27\/acta-de-la-sesion-ordinaria-de-plenocelebrada-el-27-de-julio-de-2017\/#respond\"]}]},{\"@type\":\"WebPage\",\"@id\":\"https:\/\/www.colindres.es\/index.php\/2019\/02\/27\/acta-de-la-sesion-ordinaria-de-plenocelebrada-el-27-de-julio-de-2017\/\",\"url\":\"https:\/\/www.colindres.es\/index.php\/2019\/02\/27\/acta-de-la-sesion-ordinaria-de-plenocelebrada-el-27-de-julio-de-2017\/\",\"name\":\"ACTA DE LA SESI\u00d3N ORDINARIA DE PLENO (celebrada el 27 de julio de 2017) - Ayuntamiento de Colindres\",\"isPartOf\":{\"@id\":\"https:\/\/www.colindres.es\/#website\"},\"primaryImageOfPage\":{\"@id\":\"https:\/\/www.colindres.es\/index.php\/2019\/02\/27\/acta-de-la-sesion-ordinaria-de-plenocelebrada-el-27-de-julio-de-2017\/#primaryimage\"},\"image\":{\"@id\":\"https:\/\/www.colindres.es\/index.php\/2019\/02\/27\/acta-de-la-sesion-ordinaria-de-plenocelebrada-el-27-de-julio-de-2017\/#primaryimage\"},\"thumbnailUrl\":\"https:\/\/www.colindres.es\/wp-content\/uploads\/2018\/12\/Navidad-Ayto-Colindres.jpg\",\"datePublished\":\"2019-02-27T12:54:55+00:00\",\"dateModified\":\"2019-02-28T05:53:12+00:00\",\"breadcrumb\":{\"@id\":\"https:\/\/www.colindres.es\/index.php\/2019\/02\/27\/acta-de-la-sesion-ordinaria-de-plenocelebrada-el-27-de-julio-de-2017\/#breadcrumb\"},\"inLanguage\":\"es\",\"potentialAction\":[{\"@type\":\"ReadAction\",\"target\":[\"https:\/\/www.colindres.es\/index.php\/2019\/02\/27\/acta-de-la-sesion-ordinaria-de-plenocelebrada-el-27-de-julio-de-2017\/\"]}]},{\"@type\":\"ImageObject\",\"inLanguage\":\"es\",\"@id\":\"https:\/\/www.colindres.es\/index.php\/2019\/02\/27\/acta-de-la-sesion-ordinaria-de-plenocelebrada-el-27-de-julio-de-2017\/#primaryimage\",\"url\":\"https:\/\/www.colindres.es\/wp-content\/uploads\/2018\/12\/Navidad-Ayto-Colindres.jpg\",\"contentUrl\":\"https:\/\/www.colindres.es\/wp-content\/uploads\/2018\/12\/Navidad-Ayto-Colindres.jpg\",\"width\":1280,\"height\":960},{\"@type\":\"BreadcrumbList\",\"@id\":\"https:\/\/www.colindres.es\/index.php\/2019\/02\/27\/acta-de-la-sesion-ordinaria-de-plenocelebrada-el-27-de-julio-de-2017\/#breadcrumb\",\"itemListElement\":[{\"@type\":\"ListItem\",\"position\":1,\"name\":\"Portada\",\"item\":\"https:\/\/www.colindres.es\/\"},{\"@type\":\"ListItem\",\"position\":2,\"name\":\"ACTA DE LA SESI\u00d3N ORDINARIA DE PLENO (celebrada el 27 de julio de 2017)\"}]},{\"@type\":\"WebSite\",\"@id\":\"https:\/\/www.colindres.es\/#website\",\"url\":\"https:\/\/www.colindres.es\/\",\"name\":\"Ayuntamiento de Colindres\",\"description\":\"Dise\u00f1ado por NTIC&#039;s\",\"publisher\":{\"@id\":\"https:\/\/www.colindres.es\/#organization\"},\"potentialAction\":[{\"@type\":\"SearchAction\",\"target\":{\"@type\":\"EntryPoint\",\"urlTemplate\":\"https:\/\/www.colindres.es\/?s={search_term_string}\"},\"query-input\":{\"@type\":\"PropertyValueSpecification\",\"valueRequired\":true,\"valueName\":\"search_term_string\"}}],\"inLanguage\":\"es\"},{\"@type\":\"Organization\",\"@id\":\"https:\/\/www.colindres.es\/#organization\",\"name\":\"AYUNTAMIENTO DE COLINDRES\",\"url\":\"https:\/\/www.colindres.es\/\",\"logo\":{\"@type\":\"ImageObject\",\"inLanguage\":\"es\",\"@id\":\"https:\/\/www.colindres.es\/#\/schema\/logo\/image\/\",\"url\":\"https:\/\/www.colindres.es\/wp-content\/uploads\/2017\/01\/LOGO-PRINCIPAL.jpg\",\"contentUrl\":\"https:\/\/www.colindres.es\/wp-content\/uploads\/2017\/01\/LOGO-PRINCIPAL.jpg\",\"width\":1209,\"height\":579,\"caption\":\"AYUNTAMIENTO DE COLINDRES\"},\"image\":{\"@id\":\"https:\/\/www.colindres.es\/#\/schema\/logo\/image\/\"}},{\"@type\":\"Person\",\"@id\":\"https:\/\/www.colindres.es\/#\/schema\/person\/0225d0319539e212e866b144d841eafb\",\"name\":\"Ignacio S\u00e1inz San Emeterio\",\"image\":{\"@type\":\"ImageObject\",\"inLanguage\":\"es\",\"@id\":\"https:\/\/www.colindres.es\/#\/schema\/person\/image\/\",\"url\":\"https:\/\/secure.gravatar.com\/avatar\/c35e3c2e7764c40bdaf5a44f84884669f6fdecc485d5842b7a4b1a9d0c53eed8?s=96&d=mm&r=g\",\"contentUrl\":\"https:\/\/secure.gravatar.com\/avatar\/c35e3c2e7764c40bdaf5a44f84884669f6fdecc485d5842b7a4b1a9d0c53eed8?s=96&d=mm&r=g\",\"caption\":\"Ignacio S\u00e1inz San Emeterio\"},\"description\":\"Responsable Departamento NTIC's - Ayuntamiento de Colindres\",\"sameAs\":[\"https:\/\/www.colindres.es\",\"https:\/\/es-la.facebook.com\/ayuntamiento.colindres\/\",\"https:\/\/x.com\/https:\/\/twitter.com\/aytocolindres?lang=es\"],\"url\":\"https:\/\/www.colindres.es\/index.php\/author\/colindres\/\"}]}<\/script>\n<!-- \/ Yoast SEO plugin. -->","yoast_head_json":{"title":"ACTA DE LA SESI\u00d3N ORDINARIA DE PLENO (celebrada el 27 de julio de 2017) - Ayuntamiento de Colindres","robots":{"index":"index","follow":"follow","max-snippet":"max-snippet:-1","max-image-preview":"max-image-preview:large","max-video-preview":"max-video-preview:-1"},"canonical":"https:\/\/www.colindres.es\/index.php\/2019\/02\/27\/acta-de-la-sesion-ordinaria-de-plenocelebrada-el-27-de-julio-de-2017\/","og_locale":"es_ES","og_type":"article","og_title":"ACTA DE LA SESI\u00d3N ORDINARIA DE PLENO (celebrada el 27 de julio de 2017) - Ayuntamiento de Colindres","og_description":"En la Sala de Plenos del Ayuntamiento de Colindres (Cantabria), siendo las nueve horas y ocho minutos del d\u00eda 27 de julio de 2017, se re\u00fane el Pleno en primera convocatoria, bajo la Presidencia del Sr. Alcalde, D. JAVIER INCERA GOYENECHEA, con el objeto de celebrar sesi\u00f3n ordinaria convocada el d\u00eda de la fecha, y [&hellip;]","og_url":"https:\/\/www.colindres.es\/index.php\/2019\/02\/27\/acta-de-la-sesion-ordinaria-de-plenocelebrada-el-27-de-julio-de-2017\/","og_site_name":"Ayuntamiento de Colindres","article_author":"https:\/\/es-la.facebook.com\/ayuntamiento.colindres\/","article_published_time":"2019-02-27T12:54:55+00:00","article_modified_time":"2019-02-28T05:53:12+00:00","og_image":[{"width":1280,"height":960,"url":"https:\/\/www.colindres.es\/wp-content\/uploads\/2018\/12\/Navidad-Ayto-Colindres.jpg","type":"image\/jpeg"}],"author":"Ignacio S\u00e1inz San Emeterio","twitter_card":"summary_large_image","twitter_creator":"@https:\/\/twitter.com\/aytocolindres?lang=es","twitter_misc":{"Escrito por":"Ignacio S\u00e1inz San Emeterio","Tiempo de lectura":"2 minutos"},"schema":{"@context":"https:\/\/schema.org","@graph":[{"@type":"Article","@id":"https:\/\/www.colindres.es\/index.php\/2019\/02\/27\/acta-de-la-sesion-ordinaria-de-plenocelebrada-el-27-de-julio-de-2017\/#article","isPartOf":{"@id":"https:\/\/www.colindres.es\/index.php\/2019\/02\/27\/acta-de-la-sesion-ordinaria-de-plenocelebrada-el-27-de-julio-de-2017\/"},"author":{"name":"Ignacio S\u00e1inz San Emeterio","@id":"https:\/\/www.colindres.es\/#\/schema\/person\/0225d0319539e212e866b144d841eafb"},"headline":"ACTA DE LA SESI\u00d3N ORDINARIA DE PLENO (celebrada el 27 de julio de 2017)","datePublished":"2019-02-27T12:54:55+00:00","dateModified":"2019-02-28T05:53:12+00:00","mainEntityOfPage":{"@id":"https:\/\/www.colindres.es\/index.php\/2019\/02\/27\/acta-de-la-sesion-ordinaria-de-plenocelebrada-el-27-de-julio-de-2017\/"},"wordCount":493,"commentCount":0,"publisher":{"@id":"https:\/\/www.colindres.es\/#organization"},"image":{"@id":"https:\/\/www.colindres.es\/index.php\/2019\/02\/27\/acta-de-la-sesion-ordinaria-de-plenocelebrada-el-27-de-julio-de-2017\/#primaryimage"},"thumbnailUrl":"https:\/\/www.colindres.es\/wp-content\/uploads\/2018\/12\/Navidad-Ayto-Colindres.jpg","articleSection":["Plenos"],"inLanguage":"es","potentialAction":[{"@type":"CommentAction","name":"Comment","target":["https:\/\/www.colindres.es\/index.php\/2019\/02\/27\/acta-de-la-sesion-ordinaria-de-plenocelebrada-el-27-de-julio-de-2017\/#respond"]}]},{"@type":"WebPage","@id":"https:\/\/www.colindres.es\/index.php\/2019\/02\/27\/acta-de-la-sesion-ordinaria-de-plenocelebrada-el-27-de-julio-de-2017\/","url":"https:\/\/www.colindres.es\/index.php\/2019\/02\/27\/acta-de-la-sesion-ordinaria-de-plenocelebrada-el-27-de-julio-de-2017\/","name":"ACTA DE LA SESI\u00d3N ORDINARIA DE PLENO (celebrada el 27 de julio de 2017) - Ayuntamiento de Colindres","isPartOf":{"@id":"https:\/\/www.colindres.es\/#website"},"primaryImageOfPage":{"@id":"https:\/\/www.colindres.es\/index.php\/2019\/02\/27\/acta-de-la-sesion-ordinaria-de-plenocelebrada-el-27-de-julio-de-2017\/#primaryimage"},"image":{"@id":"https:\/\/www.colindres.es\/index.php\/2019\/02\/27\/acta-de-la-sesion-ordinaria-de-plenocelebrada-el-27-de-julio-de-2017\/#primaryimage"},"thumbnailUrl":"https:\/\/www.colindres.es\/wp-content\/uploads\/2018\/12\/Navidad-Ayto-Colindres.jpg","datePublished":"2019-02-27T12:54:55+00:00","dateModified":"2019-02-28T05:53:12+00:00","breadcrumb":{"@id":"https:\/\/www.colindres.es\/index.php\/2019\/02\/27\/acta-de-la-sesion-ordinaria-de-plenocelebrada-el-27-de-julio-de-2017\/#breadcrumb"},"inLanguage":"es","potentialAction":[{"@type":"ReadAction","target":["https:\/\/www.colindres.es\/index.php\/2019\/02\/27\/acta-de-la-sesion-ordinaria-de-plenocelebrada-el-27-de-julio-de-2017\/"]}]},{"@type":"ImageObject","inLanguage":"es","@id":"https:\/\/www.colindres.es\/index.php\/2019\/02\/27\/acta-de-la-sesion-ordinaria-de-plenocelebrada-el-27-de-julio-de-2017\/#primaryimage","url":"https:\/\/www.colindres.es\/wp-content\/uploads\/2018\/12\/Navidad-Ayto-Colindres.jpg","contentUrl":"https:\/\/www.colindres.es\/wp-content\/uploads\/2018\/12\/Navidad-Ayto-Colindres.jpg","width":1280,"height":960},{"@type":"BreadcrumbList","@id":"https:\/\/www.colindres.es\/index.php\/2019\/02\/27\/acta-de-la-sesion-ordinaria-de-plenocelebrada-el-27-de-julio-de-2017\/#breadcrumb","itemListElement":[{"@type":"ListItem","position":1,"name":"Portada","item":"https:\/\/www.colindres.es\/"},{"@type":"ListItem","position":2,"name":"ACTA DE LA SESI\u00d3N ORDINARIA DE PLENO (celebrada el 27 de julio de 2017)"}]},{"@type":"WebSite","@id":"https:\/\/www.colindres.es\/#website","url":"https:\/\/www.colindres.es\/","name":"Ayuntamiento de Colindres","description":"Dise\u00f1ado por NTIC&#039;s","publisher":{"@id":"https:\/\/www.colindres.es\/#organization"},"potentialAction":[{"@type":"SearchAction","target":{"@type":"EntryPoint","urlTemplate":"https:\/\/www.colindres.es\/?s={search_term_string}"},"query-input":{"@type":"PropertyValueSpecification","valueRequired":true,"valueName":"search_term_string"}}],"inLanguage":"es"},{"@type":"Organization","@id":"https:\/\/www.colindres.es\/#organization","name":"AYUNTAMIENTO DE COLINDRES","url":"https:\/\/www.colindres.es\/","logo":{"@type":"ImageObject","inLanguage":"es","@id":"https:\/\/www.colindres.es\/#\/schema\/logo\/image\/","url":"https:\/\/www.colindres.es\/wp-content\/uploads\/2017\/01\/LOGO-PRINCIPAL.jpg","contentUrl":"https:\/\/www.colindres.es\/wp-content\/uploads\/2017\/01\/LOGO-PRINCIPAL.jpg","width":1209,"height":579,"caption":"AYUNTAMIENTO DE COLINDRES"},"image":{"@id":"https:\/\/www.colindres.es\/#\/schema\/logo\/image\/"}},{"@type":"Person","@id":"https:\/\/www.colindres.es\/#\/schema\/person\/0225d0319539e212e866b144d841eafb","name":"Ignacio S\u00e1inz San Emeterio","image":{"@type":"ImageObject","inLanguage":"es","@id":"https:\/\/www.colindres.es\/#\/schema\/person\/image\/","url":"https:\/\/secure.gravatar.com\/avatar\/c35e3c2e7764c40bdaf5a44f84884669f6fdecc485d5842b7a4b1a9d0c53eed8?s=96&d=mm&r=g","contentUrl":"https:\/\/secure.gravatar.com\/avatar\/c35e3c2e7764c40bdaf5a44f84884669f6fdecc485d5842b7a4b1a9d0c53eed8?s=96&d=mm&r=g","caption":"Ignacio S\u00e1inz San Emeterio"},"description":"Responsable Departamento NTIC's - Ayuntamiento de Colindres","sameAs":["https:\/\/www.colindres.es","https:\/\/es-la.facebook.com\/ayuntamiento.colindres\/","https:\/\/x.com\/https:\/\/twitter.com\/aytocolindres?lang=es"],"url":"https:\/\/www.colindres.es\/index.php\/author\/colindres\/"}]}},"_links":{"self":[{"href":"https:\/\/www.colindres.es\/index.php\/wp-json\/wp\/v2\/posts\/13514","targetHints":{"allow":["GET"]}}],"collection":[{"href":"https:\/\/www.colindres.es\/index.php\/wp-json\/wp\/v2\/posts"}],"about":[{"href":"https:\/\/www.colindres.es\/index.php\/wp-json\/wp\/v2\/types\/post"}],"author":[{"embeddable":true,"href":"https:\/\/www.colindres.es\/index.php\/wp-json\/wp\/v2\/users\/1"}],"replies":[{"embeddable":true,"href":"https:\/\/www.colindres.es\/index.php\/wp-json\/wp\/v2\/comments?post=13514"}],"version-history":[{"count":2,"href":"https:\/\/www.colindres.es\/index.php\/wp-json\/wp\/v2\/posts\/13514\/revisions"}],"predecessor-version":[{"id":13536,"href":"https:\/\/www.colindres.es\/index.php\/wp-json\/wp\/v2\/posts\/13514\/revisions\/13536"}],"wp:featuredmedia":[{"embeddable":true,"href":"https:\/\/www.colindres.es\/index.php\/wp-json\/wp\/v2\/media\/1993"}],"wp:attachment":[{"href":"https:\/\/www.colindres.es\/index.php\/wp-json\/wp\/v2\/media?parent=13514"}],"wp:term":[{"taxonomy":"category","embeddable":true,"href":"https:\/\/www.colindres.es\/index.php\/wp-json\/wp\/v2\/categories?post=13514"},{"taxonomy":"post_tag","embeddable":true,"href":"https:\/\/www.colindres.es\/index.php\/wp-json\/wp\/v2\/tags?post=13514"}],"curies":[{"name":"wp","href":"https:\/\/api.w.org\/{rel}","templated":true}]}}