{"id":13478,"date":"2019-02-27T11:11:04","date_gmt":"2019-02-27T11:11:04","guid":{"rendered":"https:\/\/www.colindres.es\/?p=13478"},"modified":"2019-02-28T05:53:53","modified_gmt":"2019-02-28T05:53:53","slug":"acta-de-la-sesion-ordinaria-de-pleno-celebrada-el-14-de-marzo-de-2017","status":"publish","type":"post","link":"https:\/\/www.colindres.es\/index.php\/2019\/02\/27\/acta-de-la-sesion-ordinaria-de-pleno-celebrada-el-14-de-marzo-de-2017\/","title":{"rendered":"ACTA DE LA SESI\u00d3N ORDINARIA DE PLENO (celebrada el 14 de marzo de 2017)"},"content":{"rendered":"<p>En la Sala de Plenos del Ayuntamiento de Colindres (Cantabria), siendo las veinte horas y tres minutos del d\u00eda 14 de marzo de 2017, se re\u00fane el Pleno en primera convocatoria, bajo la Presidencia del Sr. Alcalde, D. JAVIER INCERA GOYENECHEA, con el objeto de celebrar sesi\u00f3n ordinaria convocada el d\u00eda de la fecha, y para la que fueron previamente citados.<\/p>\n<ul>\n<li>ASISTENTES:<\/li>\n<li>PRESIDENTE:<\/li>\n<li>Sr. Alcalde-Presidente\n<ul>\n<li>D. JAVIER INCERA GOYENECHEA<\/li>\n<\/ul>\n<\/li>\n<li>CONCEJALES\/AS:<\/li>\n<li style=\"list-style-type: none;\">\n<ul>\n<li>D\u00d1A. MARIA EUGENIA CASTA\u00d1EDA ARRASATE.<\/li>\n<li>D. ADRI\u00c1N SETIEN EXP\u00d3SITO<\/li>\n<li>D\u00d1A. SARAY VILLAL\u00d3N FERN\u00c1NDEZ<\/li>\n<li>D. ALBERTO ECHEVARR\u00cdA ORTIZ<\/li>\n<li>D. PABLO RUIZ SOLER<\/li>\n<li>D\u00d1A. ARACELI AYESA ESCALANTE<\/li>\n<li>D\u00d1A. M\u00d3NICA NAVASCUEZ FERN\u00c1NDEZ<\/li>\n<li>D. JOSE MARIA ALONSO RUIZ<\/li>\n<li>D. C\u00c9SAR PERAL DIEZ<\/li>\n<li>D\u00d1A. MARIA INMACULADA SALCINES REVUELTA<\/li>\n<li>D. ANTONIO P\u00c9REZ G\u00d3MEZ<\/li>\n<li>D\u00d1A. AURORA CUERO FUENTECILLA<\/li>\n<\/ul>\n<\/li>\n<li>SECRETARIA: D\u00f1a. Paula Albors Ferrero, Secretaria del Ayuntamiento.<\/li>\n<\/ul>\n<ol>\n<li>La Presidencia, tras comprobar en los t\u00e9rminos expuestos que se da el qu\u00f3rum legalmente exigido por el art\u00edculo 46.2 c) de la Ley 7\/1985, de 2 de abril, Reguladora de las Bases de R\u00e9gimen Local, para la v\u00e1lida celebraci\u00f3n de las sesiones de Pleno, declara abierta \u00e9sta, pas\u00e1ndose al estudio de los asuntos incluidos en el orden del d\u00eda de la convocatoria.<br \/>\nParte dispositiva.<\/li>\n<li>Aprobaci\u00f3n de actas de sesiones anteriores de fecha: 28.09.2016, 09.11.2016 y 29.12.2016.<\/li>\n<li>Acuerdo relativo a la aprobaci\u00f3n inicial de la modificaci\u00f3n de la Ordenanza Fiscal n\u00ba: 7: reguladora de la tasa por distribuci\u00f3n de agua.<\/li>\n<li>Acuerdo relativo a aprobaci\u00f3n Protocolo General de la actuaci\u00f3n entre la Sociedad A\u00f1o Jubilar 2017, S.L., el Gobierno de Cantabria, la Di\u00f3cesis de Santander y los Ayuntamientos del Camino Norte y Lebaniego (Red de Municipios del Camino).<\/li>\n<li>Acuerdo relativo a la aprobaci\u00f3n inicial del Reglamento de utilizaci\u00f3n de la piscina cubierta y descubierta e instalaciones deportivas municipales del Ayuntamiento de Colindres.<\/li>\n<li>Acuerdo relativo a la aprobaci\u00f3n del Convenio entre el Ayuntamiento de Colindres y el Ayuntamiento de Guriezo para el uso de las instalaciones deportivas de Colindres.<\/li>\n<li>Acuerdo relativo a la aprobaci\u00f3n del Convenio entre el Ayuntamiento de Colindres y el Ayuntamiento de Limpias para el uso de las instalaciones deportivas de Colindres.<\/li>\n<li>Acuerdo relativo a la aprobaci\u00f3n del Convenio entre el Ayuntamiento de Colindres y el Ayuntamiento de Voto para el uso de las instalaciones deportivas de Colindres.<\/li>\n<li>Proposici\u00f3n de la Alcald\u00eda relativa a acuerdo de adhesi\u00f3n a Alcalde por la paz (Mayors for peace) remitida por la FEMP.<\/li>\n<li>Acuerdo relativo a moci\u00f3n del PSOE (registro de entrada n\u00ba: 1119) relativa a crisis migratoria y situaci\u00f3n de los refugiados.<\/li>\n<li>Acuerdo relativo a moci\u00f3n del PSOE (registro de entrada n\u00ba: 1114) relativa a IGP anchoa del cant\u00e1brico.<\/li>\n<li>Acuerdo relativo a moci\u00f3n del PSOE (registro de entrada n\u00ba: 1129) sobre el 8 de marzo (DIA DE LA MUJER TRABAJADORA)<\/li>\n<li>Acuerdo relativo a moci\u00f3n del PRC (registro de entrada n\u00ba: 5608) relativa a despensa solidaria municipal.<\/li>\n<li>Acuerdo relativo a moci\u00f3n del PRC (registro de entrada n\u00ba: 5607) sobre subvenciones o convenios para las ONGs asistenciales que desarrollan su labor en el municipio de Colindres.<\/li>\n<li>Acuerdo relativo a moci\u00f3n del PRC (registro de entrada n\u00ba: 6209) sobre Consejo Sectorial de Convivencia, Control, Protecci\u00f3n y Bienestar Animal.<\/li>\n<li>Acuerdo relativo a moci\u00f3n del PSOE (registro de entrada n\u00ba: 6314) sobre municipio libre de circos con animales.<\/li>\n<li>Acuerdo relativo a moci\u00f3n del PP (registro de entrada n\u00ba: 6360) sobre alegaciones al Anteproyecto de Ley de Ordenaci\u00f3n del Territorio y de Urbanismo de Cantabria.<br \/>\nParte de control y fiscalizaci\u00f3n.<br \/>\n1.- Daci\u00f3n de cuenta de Decretos de Alcald\u00eda: del 811\/2016 al 854\/2016, y del 1\/2017 al 178\/2017.<br \/>\n2.- Ruegos y Preguntas<br \/>\n__________________________________________________________________<\/li>\n<\/ol>\n<p><a href=\"https:\/\/www.colindres.es\/wp-content\/uploads\/2019\/02\/01-14.03.2017.pdf\">DESCARGAR EL PLENO EN FORMATO PDF<\/a><\/p>\n","protected":false},"excerpt":{"rendered":"<p>En la Sala de Plenos del Ayuntamiento de Colindres (Cantabria), siendo las veinte horas y tres minutos del d\u00eda 14 de marzo de 2017, se re\u00fane el Pleno en primera convocatoria, bajo la Presidencia del Sr. Alcalde, D. JAVIER INCERA GOYENECHEA, con el objeto de celebrar sesi\u00f3n ordinaria convocada el d\u00eda de la fecha, y [&hellip;]<\/p>\n","protected":false},"author":1,"featured_media":720,"comment_status":"open","ping_status":"closed","sticky":false,"template":"","format":"standard","meta":{"_et_pb_use_builder":"","_et_pb_old_content":"","_et_gb_content_width":"","footnotes":""},"categories":[5],"tags":[],"class_list":["post-13478","post","type-post","status-publish","format-standard","has-post-thumbnail","hentry","category-plenos"],"yoast_head":"<!-- This site is optimized with the Yoast SEO plugin v24.9 - https:\/\/yoast.com\/wordpress\/plugins\/seo\/ -->\n<title>ACTA DE LA SESI\u00d3N ORDINARIA DE PLENO (celebrada el 14 de marzo de 2017) - Ayuntamiento de Colindres<\/title>\n<meta name=\"robots\" content=\"index, follow, max-snippet:-1, max-image-preview:large, max-video-preview:-1\" \/>\n<link rel=\"canonical\" href=\"https:\/\/www.colindres.es\/index.php\/2019\/02\/27\/acta-de-la-sesion-ordinaria-de-pleno-celebrada-el-14-de-marzo-de-2017\/\" \/>\n<meta property=\"og:locale\" content=\"es_ES\" \/>\n<meta property=\"og:type\" content=\"article\" \/>\n<meta property=\"og:title\" content=\"ACTA DE LA SESI\u00d3N ORDINARIA DE PLENO (celebrada el 14 de marzo de 2017) - Ayuntamiento de Colindres\" \/>\n<meta property=\"og:description\" content=\"En la Sala de Plenos del Ayuntamiento de Colindres (Cantabria), siendo las veinte horas y tres minutos del d\u00eda 14 de marzo de 2017, se re\u00fane el Pleno en primera convocatoria, bajo la Presidencia del Sr. Alcalde, D. JAVIER INCERA GOYENECHEA, con el objeto de celebrar sesi\u00f3n ordinaria convocada el d\u00eda de la fecha, y [&hellip;]\" \/>\n<meta property=\"og:url\" content=\"https:\/\/www.colindres.es\/index.php\/2019\/02\/27\/acta-de-la-sesion-ordinaria-de-pleno-celebrada-el-14-de-marzo-de-2017\/\" \/>\n<meta property=\"og:site_name\" content=\"Ayuntamiento de Colindres\" \/>\n<meta property=\"article:author\" content=\"https:\/\/es-la.facebook.com\/ayuntamiento.colindres\/\" \/>\n<meta property=\"article:published_time\" content=\"2019-02-27T11:11:04+00:00\" \/>\n<meta property=\"article:modified_time\" content=\"2019-02-28T05:53:53+00:00\" \/>\n<meta property=\"og:image\" content=\"https:\/\/www.colindres.es\/wp-content\/uploads\/2017\/06\/IMG_0477-1024x768.jpg\" \/>\n\t<meta property=\"og:image:width\" content=\"1024\" \/>\n\t<meta property=\"og:image:height\" content=\"768\" \/>\n\t<meta property=\"og:image:type\" content=\"image\/jpeg\" \/>\n<meta name=\"author\" content=\"Ignacio S\u00e1inz San Emeterio\" \/>\n<meta name=\"twitter:card\" content=\"summary_large_image\" \/>\n<meta name=\"twitter:creator\" content=\"@https:\/\/twitter.com\/aytocolindres?lang=es\" \/>\n<meta name=\"twitter:label1\" content=\"Escrito por\" \/>\n\t<meta name=\"twitter:data1\" content=\"Ignacio S\u00e1inz San Emeterio\" \/>\n\t<meta name=\"twitter:label2\" content=\"Tiempo de lectura\" \/>\n\t<meta name=\"twitter:data2\" content=\"3 minutos\" \/>\n<script type=\"application\/ld+json\" class=\"yoast-schema-graph\">{\"@context\":\"https:\/\/schema.org\",\"@graph\":[{\"@type\":\"Article\",\"@id\":\"https:\/\/www.colindres.es\/index.php\/2019\/02\/27\/acta-de-la-sesion-ordinaria-de-pleno-celebrada-el-14-de-marzo-de-2017\/#article\",\"isPartOf\":{\"@id\":\"https:\/\/www.colindres.es\/index.php\/2019\/02\/27\/acta-de-la-sesion-ordinaria-de-pleno-celebrada-el-14-de-marzo-de-2017\/\"},\"author\":{\"name\":\"Ignacio S\u00e1inz San Emeterio\",\"@id\":\"https:\/\/www.colindres.es\/#\/schema\/person\/0225d0319539e212e866b144d841eafb\"},\"headline\":\"ACTA DE LA SESI\u00d3N ORDINARIA DE PLENO (celebrada el 14 de marzo de 2017)\",\"datePublished\":\"2019-02-27T11:11:04+00:00\",\"dateModified\":\"2019-02-28T05:53:53+00:00\",\"mainEntityOfPage\":{\"@id\":\"https:\/\/www.colindres.es\/index.php\/2019\/02\/27\/acta-de-la-sesion-ordinaria-de-pleno-celebrada-el-14-de-marzo-de-2017\/\"},\"wordCount\":640,\"commentCount\":0,\"publisher\":{\"@id\":\"https:\/\/www.colindres.es\/#organization\"},\"image\":{\"@id\":\"https:\/\/www.colindres.es\/index.php\/2019\/02\/27\/acta-de-la-sesion-ordinaria-de-pleno-celebrada-el-14-de-marzo-de-2017\/#primaryimage\"},\"thumbnailUrl\":\"https:\/\/www.colindres.es\/wp-content\/uploads\/2017\/06\/IMG_0477.jpg\",\"articleSection\":[\"Plenos\"],\"inLanguage\":\"es\",\"potentialAction\":[{\"@type\":\"CommentAction\",\"name\":\"Comment\",\"target\":[\"https:\/\/www.colindres.es\/index.php\/2019\/02\/27\/acta-de-la-sesion-ordinaria-de-pleno-celebrada-el-14-de-marzo-de-2017\/#respond\"]}]},{\"@type\":\"WebPage\",\"@id\":\"https:\/\/www.colindres.es\/index.php\/2019\/02\/27\/acta-de-la-sesion-ordinaria-de-pleno-celebrada-el-14-de-marzo-de-2017\/\",\"url\":\"https:\/\/www.colindres.es\/index.php\/2019\/02\/27\/acta-de-la-sesion-ordinaria-de-pleno-celebrada-el-14-de-marzo-de-2017\/\",\"name\":\"ACTA DE LA SESI\u00d3N ORDINARIA DE PLENO (celebrada el 14 de marzo de 2017) - Ayuntamiento de Colindres\",\"isPartOf\":{\"@id\":\"https:\/\/www.colindres.es\/#website\"},\"primaryImageOfPage\":{\"@id\":\"https:\/\/www.colindres.es\/index.php\/2019\/02\/27\/acta-de-la-sesion-ordinaria-de-pleno-celebrada-el-14-de-marzo-de-2017\/#primaryimage\"},\"image\":{\"@id\":\"https:\/\/www.colindres.es\/index.php\/2019\/02\/27\/acta-de-la-sesion-ordinaria-de-pleno-celebrada-el-14-de-marzo-de-2017\/#primaryimage\"},\"thumbnailUrl\":\"https:\/\/www.colindres.es\/wp-content\/uploads\/2017\/06\/IMG_0477.jpg\",\"datePublished\":\"2019-02-27T11:11:04+00:00\",\"dateModified\":\"2019-02-28T05:53:53+00:00\",\"breadcrumb\":{\"@id\":\"https:\/\/www.colindres.es\/index.php\/2019\/02\/27\/acta-de-la-sesion-ordinaria-de-pleno-celebrada-el-14-de-marzo-de-2017\/#breadcrumb\"},\"inLanguage\":\"es\",\"potentialAction\":[{\"@type\":\"ReadAction\",\"target\":[\"https:\/\/www.colindres.es\/index.php\/2019\/02\/27\/acta-de-la-sesion-ordinaria-de-pleno-celebrada-el-14-de-marzo-de-2017\/\"]}]},{\"@type\":\"ImageObject\",\"inLanguage\":\"es\",\"@id\":\"https:\/\/www.colindres.es\/index.php\/2019\/02\/27\/acta-de-la-sesion-ordinaria-de-pleno-celebrada-el-14-de-marzo-de-2017\/#primaryimage\",\"url\":\"https:\/\/www.colindres.es\/wp-content\/uploads\/2017\/06\/IMG_0477.jpg\",\"contentUrl\":\"https:\/\/www.colindres.es\/wp-content\/uploads\/2017\/06\/IMG_0477.jpg\",\"width\":4032,\"height\":3024},{\"@type\":\"BreadcrumbList\",\"@id\":\"https:\/\/www.colindres.es\/index.php\/2019\/02\/27\/acta-de-la-sesion-ordinaria-de-pleno-celebrada-el-14-de-marzo-de-2017\/#breadcrumb\",\"itemListElement\":[{\"@type\":\"ListItem\",\"position\":1,\"name\":\"Portada\",\"item\":\"https:\/\/www.colindres.es\/\"},{\"@type\":\"ListItem\",\"position\":2,\"name\":\"ACTA DE LA SESI\u00d3N ORDINARIA DE PLENO (celebrada el 14 de marzo de 2017)\"}]},{\"@type\":\"WebSite\",\"@id\":\"https:\/\/www.colindres.es\/#website\",\"url\":\"https:\/\/www.colindres.es\/\",\"name\":\"Ayuntamiento de Colindres\",\"description\":\"Dise\u00f1ado por NTIC&#039;s\",\"publisher\":{\"@id\":\"https:\/\/www.colindres.es\/#organization\"},\"potentialAction\":[{\"@type\":\"SearchAction\",\"target\":{\"@type\":\"EntryPoint\",\"urlTemplate\":\"https:\/\/www.colindres.es\/?s={search_term_string}\"},\"query-input\":{\"@type\":\"PropertyValueSpecification\",\"valueRequired\":true,\"valueName\":\"search_term_string\"}}],\"inLanguage\":\"es\"},{\"@type\":\"Organization\",\"@id\":\"https:\/\/www.colindres.es\/#organization\",\"name\":\"AYUNTAMIENTO DE COLINDRES\",\"url\":\"https:\/\/www.colindres.es\/\",\"logo\":{\"@type\":\"ImageObject\",\"inLanguage\":\"es\",\"@id\":\"https:\/\/www.colindres.es\/#\/schema\/logo\/image\/\",\"url\":\"https:\/\/www.colindres.es\/wp-content\/uploads\/2017\/01\/LOGO-PRINCIPAL.jpg\",\"contentUrl\":\"https:\/\/www.colindres.es\/wp-content\/uploads\/2017\/01\/LOGO-PRINCIPAL.jpg\",\"width\":1209,\"height\":579,\"caption\":\"AYUNTAMIENTO DE COLINDRES\"},\"image\":{\"@id\":\"https:\/\/www.colindres.es\/#\/schema\/logo\/image\/\"}},{\"@type\":\"Person\",\"@id\":\"https:\/\/www.colindres.es\/#\/schema\/person\/0225d0319539e212e866b144d841eafb\",\"name\":\"Ignacio S\u00e1inz San Emeterio\",\"image\":{\"@type\":\"ImageObject\",\"inLanguage\":\"es\",\"@id\":\"https:\/\/www.colindres.es\/#\/schema\/person\/image\/\",\"url\":\"https:\/\/secure.gravatar.com\/avatar\/c35e3c2e7764c40bdaf5a44f84884669f6fdecc485d5842b7a4b1a9d0c53eed8?s=96&d=mm&r=g\",\"contentUrl\":\"https:\/\/secure.gravatar.com\/avatar\/c35e3c2e7764c40bdaf5a44f84884669f6fdecc485d5842b7a4b1a9d0c53eed8?s=96&d=mm&r=g\",\"caption\":\"Ignacio S\u00e1inz San Emeterio\"},\"description\":\"Responsable Departamento NTIC's - Ayuntamiento de Colindres\",\"sameAs\":[\"https:\/\/www.colindres.es\",\"https:\/\/es-la.facebook.com\/ayuntamiento.colindres\/\",\"https:\/\/x.com\/https:\/\/twitter.com\/aytocolindres?lang=es\"],\"url\":\"https:\/\/www.colindres.es\/index.php\/author\/colindres\/\"}]}<\/script>\n<!-- \/ Yoast SEO plugin. -->","yoast_head_json":{"title":"ACTA DE LA SESI\u00d3N ORDINARIA DE PLENO (celebrada el 14 de marzo de 2017) - Ayuntamiento de Colindres","robots":{"index":"index","follow":"follow","max-snippet":"max-snippet:-1","max-image-preview":"max-image-preview:large","max-video-preview":"max-video-preview:-1"},"canonical":"https:\/\/www.colindres.es\/index.php\/2019\/02\/27\/acta-de-la-sesion-ordinaria-de-pleno-celebrada-el-14-de-marzo-de-2017\/","og_locale":"es_ES","og_type":"article","og_title":"ACTA DE LA SESI\u00d3N ORDINARIA DE PLENO (celebrada el 14 de marzo de 2017) - Ayuntamiento de Colindres","og_description":"En la Sala de Plenos del Ayuntamiento de Colindres (Cantabria), siendo las veinte horas y tres minutos del d\u00eda 14 de marzo de 2017, se re\u00fane el Pleno en primera convocatoria, bajo la Presidencia del Sr. Alcalde, D. JAVIER INCERA GOYENECHEA, con el objeto de celebrar sesi\u00f3n ordinaria convocada el d\u00eda de la fecha, y [&hellip;]","og_url":"https:\/\/www.colindres.es\/index.php\/2019\/02\/27\/acta-de-la-sesion-ordinaria-de-pleno-celebrada-el-14-de-marzo-de-2017\/","og_site_name":"Ayuntamiento de Colindres","article_author":"https:\/\/es-la.facebook.com\/ayuntamiento.colindres\/","article_published_time":"2019-02-27T11:11:04+00:00","article_modified_time":"2019-02-28T05:53:53+00:00","og_image":[{"width":1024,"height":768,"url":"https:\/\/www.colindres.es\/wp-content\/uploads\/2017\/06\/IMG_0477-1024x768.jpg","type":"image\/jpeg"}],"author":"Ignacio S\u00e1inz San Emeterio","twitter_card":"summary_large_image","twitter_creator":"@https:\/\/twitter.com\/aytocolindres?lang=es","twitter_misc":{"Escrito por":"Ignacio S\u00e1inz San Emeterio","Tiempo de lectura":"3 minutos"},"schema":{"@context":"https:\/\/schema.org","@graph":[{"@type":"Article","@id":"https:\/\/www.colindres.es\/index.php\/2019\/02\/27\/acta-de-la-sesion-ordinaria-de-pleno-celebrada-el-14-de-marzo-de-2017\/#article","isPartOf":{"@id":"https:\/\/www.colindres.es\/index.php\/2019\/02\/27\/acta-de-la-sesion-ordinaria-de-pleno-celebrada-el-14-de-marzo-de-2017\/"},"author":{"name":"Ignacio S\u00e1inz San Emeterio","@id":"https:\/\/www.colindres.es\/#\/schema\/person\/0225d0319539e212e866b144d841eafb"},"headline":"ACTA DE LA SESI\u00d3N ORDINARIA DE PLENO (celebrada el 14 de marzo de 2017)","datePublished":"2019-02-27T11:11:04+00:00","dateModified":"2019-02-28T05:53:53+00:00","mainEntityOfPage":{"@id":"https:\/\/www.colindres.es\/index.php\/2019\/02\/27\/acta-de-la-sesion-ordinaria-de-pleno-celebrada-el-14-de-marzo-de-2017\/"},"wordCount":640,"commentCount":0,"publisher":{"@id":"https:\/\/www.colindres.es\/#organization"},"image":{"@id":"https:\/\/www.colindres.es\/index.php\/2019\/02\/27\/acta-de-la-sesion-ordinaria-de-pleno-celebrada-el-14-de-marzo-de-2017\/#primaryimage"},"thumbnailUrl":"https:\/\/www.colindres.es\/wp-content\/uploads\/2017\/06\/IMG_0477.jpg","articleSection":["Plenos"],"inLanguage":"es","potentialAction":[{"@type":"CommentAction","name":"Comment","target":["https:\/\/www.colindres.es\/index.php\/2019\/02\/27\/acta-de-la-sesion-ordinaria-de-pleno-celebrada-el-14-de-marzo-de-2017\/#respond"]}]},{"@type":"WebPage","@id":"https:\/\/www.colindres.es\/index.php\/2019\/02\/27\/acta-de-la-sesion-ordinaria-de-pleno-celebrada-el-14-de-marzo-de-2017\/","url":"https:\/\/www.colindres.es\/index.php\/2019\/02\/27\/acta-de-la-sesion-ordinaria-de-pleno-celebrada-el-14-de-marzo-de-2017\/","name":"ACTA DE LA SESI\u00d3N ORDINARIA DE PLENO (celebrada el 14 de marzo de 2017) - Ayuntamiento de Colindres","isPartOf":{"@id":"https:\/\/www.colindres.es\/#website"},"primaryImageOfPage":{"@id":"https:\/\/www.colindres.es\/index.php\/2019\/02\/27\/acta-de-la-sesion-ordinaria-de-pleno-celebrada-el-14-de-marzo-de-2017\/#primaryimage"},"image":{"@id":"https:\/\/www.colindres.es\/index.php\/2019\/02\/27\/acta-de-la-sesion-ordinaria-de-pleno-celebrada-el-14-de-marzo-de-2017\/#primaryimage"},"thumbnailUrl":"https:\/\/www.colindres.es\/wp-content\/uploads\/2017\/06\/IMG_0477.jpg","datePublished":"2019-02-27T11:11:04+00:00","dateModified":"2019-02-28T05:53:53+00:00","breadcrumb":{"@id":"https:\/\/www.colindres.es\/index.php\/2019\/02\/27\/acta-de-la-sesion-ordinaria-de-pleno-celebrada-el-14-de-marzo-de-2017\/#breadcrumb"},"inLanguage":"es","potentialAction":[{"@type":"ReadAction","target":["https:\/\/www.colindres.es\/index.php\/2019\/02\/27\/acta-de-la-sesion-ordinaria-de-pleno-celebrada-el-14-de-marzo-de-2017\/"]}]},{"@type":"ImageObject","inLanguage":"es","@id":"https:\/\/www.colindres.es\/index.php\/2019\/02\/27\/acta-de-la-sesion-ordinaria-de-pleno-celebrada-el-14-de-marzo-de-2017\/#primaryimage","url":"https:\/\/www.colindres.es\/wp-content\/uploads\/2017\/06\/IMG_0477.jpg","contentUrl":"https:\/\/www.colindres.es\/wp-content\/uploads\/2017\/06\/IMG_0477.jpg","width":4032,"height":3024},{"@type":"BreadcrumbList","@id":"https:\/\/www.colindres.es\/index.php\/2019\/02\/27\/acta-de-la-sesion-ordinaria-de-pleno-celebrada-el-14-de-marzo-de-2017\/#breadcrumb","itemListElement":[{"@type":"ListItem","position":1,"name":"Portada","item":"https:\/\/www.colindres.es\/"},{"@type":"ListItem","position":2,"name":"ACTA DE LA SESI\u00d3N ORDINARIA DE PLENO (celebrada el 14 de marzo de 2017)"}]},{"@type":"WebSite","@id":"https:\/\/www.colindres.es\/#website","url":"https:\/\/www.colindres.es\/","name":"Ayuntamiento de Colindres","description":"Dise\u00f1ado por NTIC&#039;s","publisher":{"@id":"https:\/\/www.colindres.es\/#organization"},"potentialAction":[{"@type":"SearchAction","target":{"@type":"EntryPoint","urlTemplate":"https:\/\/www.colindres.es\/?s={search_term_string}"},"query-input":{"@type":"PropertyValueSpecification","valueRequired":true,"valueName":"search_term_string"}}],"inLanguage":"es"},{"@type":"Organization","@id":"https:\/\/www.colindres.es\/#organization","name":"AYUNTAMIENTO DE COLINDRES","url":"https:\/\/www.colindres.es\/","logo":{"@type":"ImageObject","inLanguage":"es","@id":"https:\/\/www.colindres.es\/#\/schema\/logo\/image\/","url":"https:\/\/www.colindres.es\/wp-content\/uploads\/2017\/01\/LOGO-PRINCIPAL.jpg","contentUrl":"https:\/\/www.colindres.es\/wp-content\/uploads\/2017\/01\/LOGO-PRINCIPAL.jpg","width":1209,"height":579,"caption":"AYUNTAMIENTO DE COLINDRES"},"image":{"@id":"https:\/\/www.colindres.es\/#\/schema\/logo\/image\/"}},{"@type":"Person","@id":"https:\/\/www.colindres.es\/#\/schema\/person\/0225d0319539e212e866b144d841eafb","name":"Ignacio S\u00e1inz San Emeterio","image":{"@type":"ImageObject","inLanguage":"es","@id":"https:\/\/www.colindres.es\/#\/schema\/person\/image\/","url":"https:\/\/secure.gravatar.com\/avatar\/c35e3c2e7764c40bdaf5a44f84884669f6fdecc485d5842b7a4b1a9d0c53eed8?s=96&d=mm&r=g","contentUrl":"https:\/\/secure.gravatar.com\/avatar\/c35e3c2e7764c40bdaf5a44f84884669f6fdecc485d5842b7a4b1a9d0c53eed8?s=96&d=mm&r=g","caption":"Ignacio S\u00e1inz San Emeterio"},"description":"Responsable Departamento NTIC's - Ayuntamiento de Colindres","sameAs":["https:\/\/www.colindres.es","https:\/\/es-la.facebook.com\/ayuntamiento.colindres\/","https:\/\/x.com\/https:\/\/twitter.com\/aytocolindres?lang=es"],"url":"https:\/\/www.colindres.es\/index.php\/author\/colindres\/"}]}},"_links":{"self":[{"href":"https:\/\/www.colindres.es\/index.php\/wp-json\/wp\/v2\/posts\/13478","targetHints":{"allow":["GET"]}}],"collection":[{"href":"https:\/\/www.colindres.es\/index.php\/wp-json\/wp\/v2\/posts"}],"about":[{"href":"https:\/\/www.colindres.es\/index.php\/wp-json\/wp\/v2\/types\/post"}],"author":[{"embeddable":true,"href":"https:\/\/www.colindres.es\/index.php\/wp-json\/wp\/v2\/users\/1"}],"replies":[{"embeddable":true,"href":"https:\/\/www.colindres.es\/index.php\/wp-json\/wp\/v2\/comments?post=13478"}],"version-history":[{"count":4,"href":"https:\/\/www.colindres.es\/index.php\/wp-json\/wp\/v2\/posts\/13478\/revisions"}],"predecessor-version":[{"id":13537,"href":"https:\/\/www.colindres.es\/index.php\/wp-json\/wp\/v2\/posts\/13478\/revisions\/13537"}],"wp:featuredmedia":[{"embeddable":true,"href":"https:\/\/www.colindres.es\/index.php\/wp-json\/wp\/v2\/media\/720"}],"wp:attachment":[{"href":"https:\/\/www.colindres.es\/index.php\/wp-json\/wp\/v2\/media?parent=13478"}],"wp:term":[{"taxonomy":"category","embeddable":true,"href":"https:\/\/www.colindres.es\/index.php\/wp-json\/wp\/v2\/categories?post=13478"},{"taxonomy":"post_tag","embeddable":true,"href":"https:\/\/www.colindres.es\/index.php\/wp-json\/wp\/v2\/tags?post=13478"}],"curies":[{"name":"wp","href":"https:\/\/api.w.org\/{rel}","templated":true}]}}