{"id":1236,"date":"2018-01-12T12:17:50","date_gmt":"2018-01-12T12:17:50","guid":{"rendered":"http:\/\/colindres.es\/?p=1236"},"modified":"2018-01-12T12:18:37","modified_gmt":"2018-01-12T12:18:37","slug":"anuncio-del-tribunal-calificador-de-la-fase-de-oposicion-para-la-constitucion-de-una-bolsa-de-trabajo-de-tecnico-de-educacion-infantil-personal-laboral","status":"publish","type":"post","link":"https:\/\/www.colindres.es\/index.php\/2018\/01\/12\/anuncio-del-tribunal-calificador-de-la-fase-de-oposicion-para-la-constitucion-de-una-bolsa-de-trabajo-de-tecnico-de-educacion-infantil-personal-laboral\/","title":{"rendered":"ANUNCIO DEL TRIBUNAL CALIFICADOR DE LA FASE DE OPOSICION PARA LA CONSTITUCI\u00d3N DE UNA BOLSA DE TRABAJO DE TECNICO DE EDUCACI\u00d3N INFANTIL (PERSONAL LABORAL)"},"content":{"rendered":"<p>Vista el acta del Tribunal calificador de fecha 12 de enero de 2018, para la constituci\u00f3n de una bolsa de trabajo de T\u00e9cnico de Educaci\u00f3n Infantil (personal laboral)<\/p>\n<p>A efectos de dar cumplimiento a lo establecido en la base d\u00e9cima de las que rigen la constituci\u00f3n de la bolsa de trabajo, se procede por parte del Tribunal a la publicaci\u00f3n en el Tabl\u00f3n de Edictos del Ayuntamiento as\u00ed como en la p\u00e1gina web municipal, de la puntuaci\u00f3n de la fase de oposici\u00f3n, con indicaci\u00f3n de la puntuaci\u00f3n obtenida por los aspirantes propuestos.<\/p>\n<table width=\"497\">\n<tbody>\n<tr>\n<td width=\"50\"><strong>N\u00ba<\/strong><\/td>\n<td width=\"207\"><strong>APELLIDOS Y NOMBRE<\/strong><\/td>\n<td width=\"80\"><strong>TOTAL CONCURSO<\/strong><\/td>\n<td width=\"80\"><strong>TOTAL OPOSICION <\/strong><\/td>\n<td width=\"80\"><strong>TOTAL<\/strong><\/td>\n<\/tr>\n<tr>\n<td width=\"50\">1<\/td>\n<td width=\"207\">Amavisca Incera, Antonio<\/td>\n<td width=\"80\">1,770<\/td>\n<td width=\"80\">4,10<\/td>\n<td width=\"80\">5,870<\/td>\n<\/tr>\n<tr>\n<td width=\"50\">2<\/td>\n<td width=\"207\">Araujo Colina, Mar\u00eda Asunci\u00f3n<\/td>\n<td width=\"80\">1,500<\/td>\n<td width=\"80\">4,10<\/td>\n<td width=\"80\">5,600<\/td>\n<\/tr>\n<tr>\n<td width=\"50\">3<\/td>\n<td width=\"207\">Conde P\u00e9rez, Rocio<\/td>\n<td width=\"80\">0,485<\/td>\n<td width=\"80\">3,20<\/td>\n<td width=\"80\">3,685<\/td>\n<\/tr>\n<tr>\n<td width=\"50\">4<\/td>\n<td width=\"207\">Fern\u00e1ndez Osorio, Samantha<\/td>\n<td width=\"80\">0,295<\/td>\n<td width=\"80\">3,80<\/td>\n<td width=\"80\">4,095<\/td>\n<\/tr>\n<tr>\n<td width=\"50\">5<\/td>\n<td width=\"207\">Garc\u00eda Maza, Iara<\/td>\n<td width=\"80\">0,750<\/td>\n<td width=\"80\">3,90<\/td>\n<td width=\"80\">4,650<\/td>\n<\/tr>\n<tr>\n<td width=\"50\">6<\/td>\n<td width=\"207\">Garc\u00eda P\u00e9rez, Tania<\/td>\n<td width=\"80\">2,085<\/td>\n<td width=\"80\">3,50<\/td>\n<td width=\"80\">5,585<\/td>\n<\/tr>\n<tr>\n<td width=\"50\">7<\/td>\n<td width=\"207\">Izaguirre Pardo, Esther<\/td>\n<td width=\"80\">1,270<\/td>\n<td width=\"80\">3,70<\/td>\n<td width=\"80\">4,970<\/td>\n<\/tr>\n<tr>\n<td width=\"50\">8<\/td>\n<td width=\"207\">L\u00f3pez Negrete, Erika<\/td>\n<td width=\"80\">0,635<\/td>\n<td width=\"80\">3,50<\/td>\n<td width=\"80\">4,135<\/td>\n<\/tr>\n<tr>\n<td width=\"50\">9<\/td>\n<td width=\"207\">Madrazo San Emeterio, Cristina<\/td>\n<td width=\"80\">0,600<\/td>\n<td width=\"80\">3,30<\/td>\n<td width=\"80\">3,900<\/td>\n<\/tr>\n<tr>\n<td width=\"50\">10<\/td>\n<td width=\"207\">Ortiz de los Santos, Beatriz<\/td>\n<td width=\"80\">1,400<\/td>\n<td width=\"80\">4,30<\/td>\n<td width=\"80\">5,700<\/td>\n<\/tr>\n<tr>\n<td width=\"50\">11<\/td>\n<td width=\"207\">Piris Collera, Salom\u00e9<\/td>\n<td width=\"80\">1,460<\/td>\n<td width=\"80\">No presentada<\/td>\n<td width=\"80\">&#8212;<\/td>\n<\/tr>\n<tr>\n<td width=\"50\">12<\/td>\n<td width=\"207\">Zubieta Revuelta, Violeta<\/td>\n<td width=\"80\">3,825<\/td>\n<td width=\"80\">3,90<\/td>\n<td width=\"80\">7,725<\/td>\n<\/tr>\n<\/tbody>\n<\/table>\n<p>En Colindres, a la fecha de la firma electr\u00f3nica<\/p>\n<p>La Secretar\u00eda del Tribunal,<\/p>\n<p>Marta Rebollo Santos<\/p>\n<p><em>Documento firmado electr\u00f3nicamente (Ley 39\/2015, de 1 de octubre)<\/em><\/p>\n<p>&nbsp;<\/p>\n<p>&nbsp;<\/p>\n","protected":false},"excerpt":{"rendered":"<p>Vista el acta del Tribunal calificador de fecha 12 de enero de 2018, para la constituci\u00f3n de una bolsa de trabajo de T\u00e9cnico de Educaci\u00f3n Infantil (personal laboral) A efectos de dar cumplimiento a lo establecido en la base d\u00e9cima de las que rigen la constituci\u00f3n de la bolsa de trabajo, se procede por parte [&hellip;]<\/p>\n","protected":false},"author":1,"featured_media":206,"comment_status":"open","ping_status":"closed","sticky":false,"template":"","format":"standard","meta":{"_et_pb_use_builder":"","_et_pb_old_content":"","_et_gb_content_width":"","footnotes":""},"categories":[10],"tags":[],"class_list":["post-1236","post","type-post","status-publish","format-standard","has-post-thumbnail","hentry","category-anuncios"],"yoast_head":"<!-- This site is optimized with the Yoast SEO plugin v24.9 - https:\/\/yoast.com\/wordpress\/plugins\/seo\/ -->\n<title>ANUNCIO DEL TRIBUNAL CALIFICADOR DE LA FASE DE OPOSICION PARA LA CONSTITUCI\u00d3N DE UNA BOLSA DE TRABAJO DE TECNICO DE EDUCACI\u00d3N INFANTIL (PERSONAL LABORAL) - Ayuntamiento de Colindres<\/title>\n<meta name=\"robots\" content=\"index, follow, max-snippet:-1, max-image-preview:large, max-video-preview:-1\" \/>\n<link rel=\"canonical\" href=\"https:\/\/www.colindres.es\/index.php\/2018\/01\/12\/anuncio-del-tribunal-calificador-de-la-fase-de-oposicion-para-la-constitucion-de-una-bolsa-de-trabajo-de-tecnico-de-educacion-infantil-personal-laboral\/\" \/>\n<meta property=\"og:locale\" content=\"es_ES\" \/>\n<meta property=\"og:type\" content=\"article\" \/>\n<meta property=\"og:title\" content=\"ANUNCIO DEL TRIBUNAL CALIFICADOR DE LA FASE DE OPOSICION PARA LA CONSTITUCI\u00d3N DE UNA BOLSA DE TRABAJO DE TECNICO DE EDUCACI\u00d3N INFANTIL (PERSONAL LABORAL) - Ayuntamiento de Colindres\" \/>\n<meta property=\"og:description\" content=\"Vista el acta del Tribunal calificador de fecha 12 de enero de 2018, para la constituci\u00f3n de una bolsa de trabajo de T\u00e9cnico de Educaci\u00f3n Infantil (personal laboral) A efectos de dar cumplimiento a lo establecido en la base d\u00e9cima de las que rigen la constituci\u00f3n de la bolsa de trabajo, se procede por parte [&hellip;]\" \/>\n<meta property=\"og:url\" content=\"https:\/\/www.colindres.es\/index.php\/2018\/01\/12\/anuncio-del-tribunal-calificador-de-la-fase-de-oposicion-para-la-constitucion-de-una-bolsa-de-trabajo-de-tecnico-de-educacion-infantil-personal-laboral\/\" \/>\n<meta property=\"og:site_name\" content=\"Ayuntamiento de Colindres\" \/>\n<meta property=\"article:author\" content=\"https:\/\/es-la.facebook.com\/ayuntamiento.colindres\/\" \/>\n<meta property=\"article:published_time\" content=\"2018-01-12T12:17:50+00:00\" \/>\n<meta property=\"article:modified_time\" content=\"2018-01-12T12:18:37+00:00\" \/>\n<meta property=\"og:image\" content=\"https:\/\/www.colindres.es\/wp-content\/uploads\/2016\/09\/IMG_9250-2-1024x363.jpg\" \/>\n\t<meta property=\"og:image:width\" content=\"1024\" \/>\n\t<meta property=\"og:image:height\" content=\"363\" \/>\n\t<meta property=\"og:image:type\" content=\"image\/jpeg\" \/>\n<meta name=\"author\" content=\"Ignacio S\u00e1inz San Emeterio\" \/>\n<meta name=\"twitter:card\" content=\"summary_large_image\" \/>\n<meta name=\"twitter:creator\" content=\"@https:\/\/twitter.com\/aytocolindres?lang=es\" \/>\n<meta name=\"twitter:label1\" content=\"Escrito por\" \/>\n\t<meta name=\"twitter:data1\" content=\"Ignacio S\u00e1inz San Emeterio\" \/>\n\t<meta name=\"twitter:label2\" content=\"Tiempo de lectura\" \/>\n\t<meta name=\"twitter:data2\" content=\"1 minuto\" \/>\n<script type=\"application\/ld+json\" class=\"yoast-schema-graph\">{\"@context\":\"https:\/\/schema.org\",\"@graph\":[{\"@type\":\"Article\",\"@id\":\"https:\/\/www.colindres.es\/index.php\/2018\/01\/12\/anuncio-del-tribunal-calificador-de-la-fase-de-oposicion-para-la-constitucion-de-una-bolsa-de-trabajo-de-tecnico-de-educacion-infantil-personal-laboral\/#article\",\"isPartOf\":{\"@id\":\"https:\/\/www.colindres.es\/index.php\/2018\/01\/12\/anuncio-del-tribunal-calificador-de-la-fase-de-oposicion-para-la-constitucion-de-una-bolsa-de-trabajo-de-tecnico-de-educacion-infantil-personal-laboral\/\"},\"author\":{\"name\":\"Ignacio S\u00e1inz San Emeterio\",\"@id\":\"https:\/\/www.colindres.es\/#\/schema\/person\/0225d0319539e212e866b144d841eafb\"},\"headline\":\"ANUNCIO DEL TRIBUNAL CALIFICADOR DE LA FASE DE OPOSICION PARA LA CONSTITUCI\u00d3N DE UNA BOLSA DE TRABAJO DE TECNICO DE EDUCACI\u00d3N INFANTIL (PERSONAL LABORAL)\",\"datePublished\":\"2018-01-12T12:17:50+00:00\",\"dateModified\":\"2018-01-12T12:18:37+00:00\",\"mainEntityOfPage\":{\"@id\":\"https:\/\/www.colindres.es\/index.php\/2018\/01\/12\/anuncio-del-tribunal-calificador-de-la-fase-de-oposicion-para-la-constitucion-de-una-bolsa-de-trabajo-de-tecnico-de-educacion-infantil-personal-laboral\/\"},\"wordCount\":216,\"commentCount\":0,\"publisher\":{\"@id\":\"https:\/\/www.colindres.es\/#organization\"},\"image\":{\"@id\":\"https:\/\/www.colindres.es\/index.php\/2018\/01\/12\/anuncio-del-tribunal-calificador-de-la-fase-de-oposicion-para-la-constitucion-de-una-bolsa-de-trabajo-de-tecnico-de-educacion-infantil-personal-laboral\/#primaryimage\"},\"thumbnailUrl\":\"https:\/\/www.colindres.es\/wp-content\/uploads\/2016\/09\/IMG_9250-2.jpg\",\"articleSection\":[\"Anuncios\"],\"inLanguage\":\"es\",\"potentialAction\":[{\"@type\":\"CommentAction\",\"name\":\"Comment\",\"target\":[\"https:\/\/www.colindres.es\/index.php\/2018\/01\/12\/anuncio-del-tribunal-calificador-de-la-fase-de-oposicion-para-la-constitucion-de-una-bolsa-de-trabajo-de-tecnico-de-educacion-infantil-personal-laboral\/#respond\"]}]},{\"@type\":\"WebPage\",\"@id\":\"https:\/\/www.colindres.es\/index.php\/2018\/01\/12\/anuncio-del-tribunal-calificador-de-la-fase-de-oposicion-para-la-constitucion-de-una-bolsa-de-trabajo-de-tecnico-de-educacion-infantil-personal-laboral\/\",\"url\":\"https:\/\/www.colindres.es\/index.php\/2018\/01\/12\/anuncio-del-tribunal-calificador-de-la-fase-de-oposicion-para-la-constitucion-de-una-bolsa-de-trabajo-de-tecnico-de-educacion-infantil-personal-laboral\/\",\"name\":\"ANUNCIO DEL TRIBUNAL CALIFICADOR DE LA FASE DE OPOSICION PARA LA CONSTITUCI\u00d3N DE UNA BOLSA DE TRABAJO DE TECNICO DE EDUCACI\u00d3N INFANTIL (PERSONAL LABORAL) - Ayuntamiento de Colindres\",\"isPartOf\":{\"@id\":\"https:\/\/www.colindres.es\/#website\"},\"primaryImageOfPage\":{\"@id\":\"https:\/\/www.colindres.es\/index.php\/2018\/01\/12\/anuncio-del-tribunal-calificador-de-la-fase-de-oposicion-para-la-constitucion-de-una-bolsa-de-trabajo-de-tecnico-de-educacion-infantil-personal-laboral\/#primaryimage\"},\"image\":{\"@id\":\"https:\/\/www.colindres.es\/index.php\/2018\/01\/12\/anuncio-del-tribunal-calificador-de-la-fase-de-oposicion-para-la-constitucion-de-una-bolsa-de-trabajo-de-tecnico-de-educacion-infantil-personal-laboral\/#primaryimage\"},\"thumbnailUrl\":\"https:\/\/www.colindres.es\/wp-content\/uploads\/2016\/09\/IMG_9250-2.jpg\",\"datePublished\":\"2018-01-12T12:17:50+00:00\",\"dateModified\":\"2018-01-12T12:18:37+00:00\",\"breadcrumb\":{\"@id\":\"https:\/\/www.colindres.es\/index.php\/2018\/01\/12\/anuncio-del-tribunal-calificador-de-la-fase-de-oposicion-para-la-constitucion-de-una-bolsa-de-trabajo-de-tecnico-de-educacion-infantil-personal-laboral\/#breadcrumb\"},\"inLanguage\":\"es\",\"potentialAction\":[{\"@type\":\"ReadAction\",\"target\":[\"https:\/\/www.colindres.es\/index.php\/2018\/01\/12\/anuncio-del-tribunal-calificador-de-la-fase-de-oposicion-para-la-constitucion-de-una-bolsa-de-trabajo-de-tecnico-de-educacion-infantil-personal-laboral\/\"]}]},{\"@type\":\"ImageObject\",\"inLanguage\":\"es\",\"@id\":\"https:\/\/www.colindres.es\/index.php\/2018\/01\/12\/anuncio-del-tribunal-calificador-de-la-fase-de-oposicion-para-la-constitucion-de-una-bolsa-de-trabajo-de-tecnico-de-educacion-infantil-personal-laboral\/#primaryimage\",\"url\":\"https:\/\/www.colindres.es\/wp-content\/uploads\/2016\/09\/IMG_9250-2.jpg\",\"contentUrl\":\"https:\/\/www.colindres.es\/wp-content\/uploads\/2016\/09\/IMG_9250-2.jpg\",\"width\":10558,\"height\":3738},{\"@type\":\"BreadcrumbList\",\"@id\":\"https:\/\/www.colindres.es\/index.php\/2018\/01\/12\/anuncio-del-tribunal-calificador-de-la-fase-de-oposicion-para-la-constitucion-de-una-bolsa-de-trabajo-de-tecnico-de-educacion-infantil-personal-laboral\/#breadcrumb\",\"itemListElement\":[{\"@type\":\"ListItem\",\"position\":1,\"name\":\"Portada\",\"item\":\"https:\/\/www.colindres.es\/\"},{\"@type\":\"ListItem\",\"position\":2,\"name\":\"ANUNCIO DEL TRIBUNAL CALIFICADOR DE LA FASE DE OPOSICION PARA LA CONSTITUCI\u00d3N DE UNA BOLSA DE TRABAJO DE TECNICO DE EDUCACI\u00d3N INFANTIL (PERSONAL LABORAL)\"}]},{\"@type\":\"WebSite\",\"@id\":\"https:\/\/www.colindres.es\/#website\",\"url\":\"https:\/\/www.colindres.es\/\",\"name\":\"Ayuntamiento de Colindres\",\"description\":\"Dise\u00f1ado por NTIC&#039;s\",\"publisher\":{\"@id\":\"https:\/\/www.colindres.es\/#organization\"},\"potentialAction\":[{\"@type\":\"SearchAction\",\"target\":{\"@type\":\"EntryPoint\",\"urlTemplate\":\"https:\/\/www.colindres.es\/?s={search_term_string}\"},\"query-input\":{\"@type\":\"PropertyValueSpecification\",\"valueRequired\":true,\"valueName\":\"search_term_string\"}}],\"inLanguage\":\"es\"},{\"@type\":\"Organization\",\"@id\":\"https:\/\/www.colindres.es\/#organization\",\"name\":\"AYUNTAMIENTO DE COLINDRES\",\"url\":\"https:\/\/www.colindres.es\/\",\"logo\":{\"@type\":\"ImageObject\",\"inLanguage\":\"es\",\"@id\":\"https:\/\/www.colindres.es\/#\/schema\/logo\/image\/\",\"url\":\"https:\/\/www.colindres.es\/wp-content\/uploads\/2017\/01\/LOGO-PRINCIPAL.jpg\",\"contentUrl\":\"https:\/\/www.colindres.es\/wp-content\/uploads\/2017\/01\/LOGO-PRINCIPAL.jpg\",\"width\":1209,\"height\":579,\"caption\":\"AYUNTAMIENTO DE COLINDRES\"},\"image\":{\"@id\":\"https:\/\/www.colindres.es\/#\/schema\/logo\/image\/\"}},{\"@type\":\"Person\",\"@id\":\"https:\/\/www.colindres.es\/#\/schema\/person\/0225d0319539e212e866b144d841eafb\",\"name\":\"Ignacio S\u00e1inz San Emeterio\",\"image\":{\"@type\":\"ImageObject\",\"inLanguage\":\"es\",\"@id\":\"https:\/\/www.colindres.es\/#\/schema\/person\/image\/\",\"url\":\"https:\/\/secure.gravatar.com\/avatar\/c35e3c2e7764c40bdaf5a44f84884669f6fdecc485d5842b7a4b1a9d0c53eed8?s=96&d=mm&r=g\",\"contentUrl\":\"https:\/\/secure.gravatar.com\/avatar\/c35e3c2e7764c40bdaf5a44f84884669f6fdecc485d5842b7a4b1a9d0c53eed8?s=96&d=mm&r=g\",\"caption\":\"Ignacio S\u00e1inz San Emeterio\"},\"description\":\"Responsable Departamento NTIC's - Ayuntamiento de Colindres\",\"sameAs\":[\"https:\/\/www.colindres.es\",\"https:\/\/es-la.facebook.com\/ayuntamiento.colindres\/\",\"https:\/\/x.com\/https:\/\/twitter.com\/aytocolindres?lang=es\"],\"url\":\"https:\/\/www.colindres.es\/index.php\/author\/colindres\/\"}]}<\/script>\n<!-- \/ Yoast SEO plugin. -->","yoast_head_json":{"title":"ANUNCIO DEL TRIBUNAL CALIFICADOR DE LA FASE DE OPOSICION PARA LA CONSTITUCI\u00d3N DE UNA BOLSA DE TRABAJO DE TECNICO DE EDUCACI\u00d3N INFANTIL (PERSONAL LABORAL) - Ayuntamiento de Colindres","robots":{"index":"index","follow":"follow","max-snippet":"max-snippet:-1","max-image-preview":"max-image-preview:large","max-video-preview":"max-video-preview:-1"},"canonical":"https:\/\/www.colindres.es\/index.php\/2018\/01\/12\/anuncio-del-tribunal-calificador-de-la-fase-de-oposicion-para-la-constitucion-de-una-bolsa-de-trabajo-de-tecnico-de-educacion-infantil-personal-laboral\/","og_locale":"es_ES","og_type":"article","og_title":"ANUNCIO DEL TRIBUNAL CALIFICADOR DE LA FASE DE OPOSICION PARA LA CONSTITUCI\u00d3N DE UNA BOLSA DE TRABAJO DE TECNICO DE EDUCACI\u00d3N INFANTIL (PERSONAL LABORAL) - Ayuntamiento de Colindres","og_description":"Vista el acta del Tribunal calificador de fecha 12 de enero de 2018, para la constituci\u00f3n de una bolsa de trabajo de T\u00e9cnico de Educaci\u00f3n Infantil (personal laboral) A efectos de dar cumplimiento a lo establecido en la base d\u00e9cima de las que rigen la constituci\u00f3n de la bolsa de trabajo, se procede por parte [&hellip;]","og_url":"https:\/\/www.colindres.es\/index.php\/2018\/01\/12\/anuncio-del-tribunal-calificador-de-la-fase-de-oposicion-para-la-constitucion-de-una-bolsa-de-trabajo-de-tecnico-de-educacion-infantil-personal-laboral\/","og_site_name":"Ayuntamiento de Colindres","article_author":"https:\/\/es-la.facebook.com\/ayuntamiento.colindres\/","article_published_time":"2018-01-12T12:17:50+00:00","article_modified_time":"2018-01-12T12:18:37+00:00","og_image":[{"width":1024,"height":363,"url":"https:\/\/www.colindres.es\/wp-content\/uploads\/2016\/09\/IMG_9250-2-1024x363.jpg","type":"image\/jpeg"}],"author":"Ignacio S\u00e1inz San Emeterio","twitter_card":"summary_large_image","twitter_creator":"@https:\/\/twitter.com\/aytocolindres?lang=es","twitter_misc":{"Escrito por":"Ignacio S\u00e1inz San Emeterio","Tiempo de lectura":"1 minuto"},"schema":{"@context":"https:\/\/schema.org","@graph":[{"@type":"Article","@id":"https:\/\/www.colindres.es\/index.php\/2018\/01\/12\/anuncio-del-tribunal-calificador-de-la-fase-de-oposicion-para-la-constitucion-de-una-bolsa-de-trabajo-de-tecnico-de-educacion-infantil-personal-laboral\/#article","isPartOf":{"@id":"https:\/\/www.colindres.es\/index.php\/2018\/01\/12\/anuncio-del-tribunal-calificador-de-la-fase-de-oposicion-para-la-constitucion-de-una-bolsa-de-trabajo-de-tecnico-de-educacion-infantil-personal-laboral\/"},"author":{"name":"Ignacio S\u00e1inz San Emeterio","@id":"https:\/\/www.colindres.es\/#\/schema\/person\/0225d0319539e212e866b144d841eafb"},"headline":"ANUNCIO DEL TRIBUNAL CALIFICADOR DE LA FASE DE OPOSICION PARA LA CONSTITUCI\u00d3N DE UNA BOLSA DE TRABAJO DE TECNICO DE EDUCACI\u00d3N INFANTIL (PERSONAL LABORAL)","datePublished":"2018-01-12T12:17:50+00:00","dateModified":"2018-01-12T12:18:37+00:00","mainEntityOfPage":{"@id":"https:\/\/www.colindres.es\/index.php\/2018\/01\/12\/anuncio-del-tribunal-calificador-de-la-fase-de-oposicion-para-la-constitucion-de-una-bolsa-de-trabajo-de-tecnico-de-educacion-infantil-personal-laboral\/"},"wordCount":216,"commentCount":0,"publisher":{"@id":"https:\/\/www.colindres.es\/#organization"},"image":{"@id":"https:\/\/www.colindres.es\/index.php\/2018\/01\/12\/anuncio-del-tribunal-calificador-de-la-fase-de-oposicion-para-la-constitucion-de-una-bolsa-de-trabajo-de-tecnico-de-educacion-infantil-personal-laboral\/#primaryimage"},"thumbnailUrl":"https:\/\/www.colindres.es\/wp-content\/uploads\/2016\/09\/IMG_9250-2.jpg","articleSection":["Anuncios"],"inLanguage":"es","potentialAction":[{"@type":"CommentAction","name":"Comment","target":["https:\/\/www.colindres.es\/index.php\/2018\/01\/12\/anuncio-del-tribunal-calificador-de-la-fase-de-oposicion-para-la-constitucion-de-una-bolsa-de-trabajo-de-tecnico-de-educacion-infantil-personal-laboral\/#respond"]}]},{"@type":"WebPage","@id":"https:\/\/www.colindres.es\/index.php\/2018\/01\/12\/anuncio-del-tribunal-calificador-de-la-fase-de-oposicion-para-la-constitucion-de-una-bolsa-de-trabajo-de-tecnico-de-educacion-infantil-personal-laboral\/","url":"https:\/\/www.colindres.es\/index.php\/2018\/01\/12\/anuncio-del-tribunal-calificador-de-la-fase-de-oposicion-para-la-constitucion-de-una-bolsa-de-trabajo-de-tecnico-de-educacion-infantil-personal-laboral\/","name":"ANUNCIO DEL TRIBUNAL CALIFICADOR DE LA FASE DE OPOSICION PARA LA CONSTITUCI\u00d3N DE UNA BOLSA DE TRABAJO DE TECNICO DE EDUCACI\u00d3N INFANTIL (PERSONAL LABORAL) - Ayuntamiento de Colindres","isPartOf":{"@id":"https:\/\/www.colindres.es\/#website"},"primaryImageOfPage":{"@id":"https:\/\/www.colindres.es\/index.php\/2018\/01\/12\/anuncio-del-tribunal-calificador-de-la-fase-de-oposicion-para-la-constitucion-de-una-bolsa-de-trabajo-de-tecnico-de-educacion-infantil-personal-laboral\/#primaryimage"},"image":{"@id":"https:\/\/www.colindres.es\/index.php\/2018\/01\/12\/anuncio-del-tribunal-calificador-de-la-fase-de-oposicion-para-la-constitucion-de-una-bolsa-de-trabajo-de-tecnico-de-educacion-infantil-personal-laboral\/#primaryimage"},"thumbnailUrl":"https:\/\/www.colindres.es\/wp-content\/uploads\/2016\/09\/IMG_9250-2.jpg","datePublished":"2018-01-12T12:17:50+00:00","dateModified":"2018-01-12T12:18:37+00:00","breadcrumb":{"@id":"https:\/\/www.colindres.es\/index.php\/2018\/01\/12\/anuncio-del-tribunal-calificador-de-la-fase-de-oposicion-para-la-constitucion-de-una-bolsa-de-trabajo-de-tecnico-de-educacion-infantil-personal-laboral\/#breadcrumb"},"inLanguage":"es","potentialAction":[{"@type":"ReadAction","target":["https:\/\/www.colindres.es\/index.php\/2018\/01\/12\/anuncio-del-tribunal-calificador-de-la-fase-de-oposicion-para-la-constitucion-de-una-bolsa-de-trabajo-de-tecnico-de-educacion-infantil-personal-laboral\/"]}]},{"@type":"ImageObject","inLanguage":"es","@id":"https:\/\/www.colindres.es\/index.php\/2018\/01\/12\/anuncio-del-tribunal-calificador-de-la-fase-de-oposicion-para-la-constitucion-de-una-bolsa-de-trabajo-de-tecnico-de-educacion-infantil-personal-laboral\/#primaryimage","url":"https:\/\/www.colindres.es\/wp-content\/uploads\/2016\/09\/IMG_9250-2.jpg","contentUrl":"https:\/\/www.colindres.es\/wp-content\/uploads\/2016\/09\/IMG_9250-2.jpg","width":10558,"height":3738},{"@type":"BreadcrumbList","@id":"https:\/\/www.colindres.es\/index.php\/2018\/01\/12\/anuncio-del-tribunal-calificador-de-la-fase-de-oposicion-para-la-constitucion-de-una-bolsa-de-trabajo-de-tecnico-de-educacion-infantil-personal-laboral\/#breadcrumb","itemListElement":[{"@type":"ListItem","position":1,"name":"Portada","item":"https:\/\/www.colindres.es\/"},{"@type":"ListItem","position":2,"name":"ANUNCIO DEL TRIBUNAL CALIFICADOR DE LA FASE DE OPOSICION PARA LA CONSTITUCI\u00d3N DE UNA BOLSA DE TRABAJO DE TECNICO DE EDUCACI\u00d3N INFANTIL (PERSONAL LABORAL)"}]},{"@type":"WebSite","@id":"https:\/\/www.colindres.es\/#website","url":"https:\/\/www.colindres.es\/","name":"Ayuntamiento de Colindres","description":"Dise\u00f1ado por NTIC&#039;s","publisher":{"@id":"https:\/\/www.colindres.es\/#organization"},"potentialAction":[{"@type":"SearchAction","target":{"@type":"EntryPoint","urlTemplate":"https:\/\/www.colindres.es\/?s={search_term_string}"},"query-input":{"@type":"PropertyValueSpecification","valueRequired":true,"valueName":"search_term_string"}}],"inLanguage":"es"},{"@type":"Organization","@id":"https:\/\/www.colindres.es\/#organization","name":"AYUNTAMIENTO DE COLINDRES","url":"https:\/\/www.colindres.es\/","logo":{"@type":"ImageObject","inLanguage":"es","@id":"https:\/\/www.colindres.es\/#\/schema\/logo\/image\/","url":"https:\/\/www.colindres.es\/wp-content\/uploads\/2017\/01\/LOGO-PRINCIPAL.jpg","contentUrl":"https:\/\/www.colindres.es\/wp-content\/uploads\/2017\/01\/LOGO-PRINCIPAL.jpg","width":1209,"height":579,"caption":"AYUNTAMIENTO DE COLINDRES"},"image":{"@id":"https:\/\/www.colindres.es\/#\/schema\/logo\/image\/"}},{"@type":"Person","@id":"https:\/\/www.colindres.es\/#\/schema\/person\/0225d0319539e212e866b144d841eafb","name":"Ignacio S\u00e1inz San Emeterio","image":{"@type":"ImageObject","inLanguage":"es","@id":"https:\/\/www.colindres.es\/#\/schema\/person\/image\/","url":"https:\/\/secure.gravatar.com\/avatar\/c35e3c2e7764c40bdaf5a44f84884669f6fdecc485d5842b7a4b1a9d0c53eed8?s=96&d=mm&r=g","contentUrl":"https:\/\/secure.gravatar.com\/avatar\/c35e3c2e7764c40bdaf5a44f84884669f6fdecc485d5842b7a4b1a9d0c53eed8?s=96&d=mm&r=g","caption":"Ignacio S\u00e1inz San Emeterio"},"description":"Responsable Departamento NTIC's - Ayuntamiento de Colindres","sameAs":["https:\/\/www.colindres.es","https:\/\/es-la.facebook.com\/ayuntamiento.colindres\/","https:\/\/x.com\/https:\/\/twitter.com\/aytocolindres?lang=es"],"url":"https:\/\/www.colindres.es\/index.php\/author\/colindres\/"}]}},"_links":{"self":[{"href":"https:\/\/www.colindres.es\/index.php\/wp-json\/wp\/v2\/posts\/1236","targetHints":{"allow":["GET"]}}],"collection":[{"href":"https:\/\/www.colindres.es\/index.php\/wp-json\/wp\/v2\/posts"}],"about":[{"href":"https:\/\/www.colindres.es\/index.php\/wp-json\/wp\/v2\/types\/post"}],"author":[{"embeddable":true,"href":"https:\/\/www.colindres.es\/index.php\/wp-json\/wp\/v2\/users\/1"}],"replies":[{"embeddable":true,"href":"https:\/\/www.colindres.es\/index.php\/wp-json\/wp\/v2\/comments?post=1236"}],"version-history":[{"count":1,"href":"https:\/\/www.colindres.es\/index.php\/wp-json\/wp\/v2\/posts\/1236\/revisions"}],"predecessor-version":[{"id":1237,"href":"https:\/\/www.colindres.es\/index.php\/wp-json\/wp\/v2\/posts\/1236\/revisions\/1237"}],"wp:featuredmedia":[{"embeddable":true,"href":"https:\/\/www.colindres.es\/index.php\/wp-json\/wp\/v2\/media\/206"}],"wp:attachment":[{"href":"https:\/\/www.colindres.es\/index.php\/wp-json\/wp\/v2\/media?parent=1236"}],"wp:term":[{"taxonomy":"category","embeddable":true,"href":"https:\/\/www.colindres.es\/index.php\/wp-json\/wp\/v2\/categories?post=1236"},{"taxonomy":"post_tag","embeddable":true,"href":"https:\/\/www.colindres.es\/index.php\/wp-json\/wp\/v2\/tags?post=1236"}],"curies":[{"name":"wp","href":"https:\/\/api.w.org\/{rel}","templated":true}]}}