{"id":1226,"date":"2018-01-08T18:42:18","date_gmt":"2018-01-08T18:42:18","guid":{"rendered":"http:\/\/colindres.es\/?p=1226"},"modified":"2018-01-08T18:42:44","modified_gmt":"2018-01-08T18:42:44","slug":"1226","status":"publish","type":"post","link":"https:\/\/www.colindres.es\/index.php\/2018\/01\/08\/1226\/","title":{"rendered":"ANUNCIO RELACI\u00d3N DE ADMITIDOS\/EXCLUIDOS DEFINITIVA PARA LA SELECCI\u00d3N DEL PUESTO DE TRABAJO: T\u00c9CNICO\/A COORDINADOR\/A DE LA LANZADERA DE EMPLEO Y EMPRENDIMIENTO SOLIDARIO al amparo de la Orden HAC\/40\/2017, de 31 de agosto, por la que se establecen las bases reguladoras de subvenciones para la puesta en marcha de Lanzaderas de Empleo y Emprendimiento solidario en el \u00e1mbito de la Comunidad Aut\u00f3noma de Cantabria."},"content":{"rendered":"<p>Por medio del presente anuncio, y una vez finalizado el plazo de presentaci\u00f3n de alegaciones o reclamaciones a la lista provisional de admitidos\/excluidos, se da publicidad al Decreto de Alcald\u00eda 5\/2018, relativo a la relaci\u00f3n de admitidos\/excluidos definitiva y convocatoria de realizaci\u00f3n de prueba selectiva, para la selecci\u00f3n de puesto de trabajo: T\u00c9CNICO\/A COORDINADOR\/A DE LA LANZADERA DE EMPLEO Y EMPRENDIMIENTO SOLIDARIO al amparo de la Orden HAC\/40\/2017, de 31 de agosto, decreto que acuerda los siguientes puntos:<\/p>\n<p><strong><em>Primero.- <\/em><\/strong><em>Aprobar la lista definitiva de aspirantes admitidos y excluidos, al proceso de selecci\u00f3n para la contrataci\u00f3n <\/em><em>laboral temporal para el puesto: <\/em><em>T\u00c9CNICO\/A COORDINADOR\/A DE LA LANZADERA DE EMPLEO Y EMPRENDIMIENTO SOLIDARIO<\/em><em> al amparo de la <\/em><em>Orden HAC\/40\/2017, de 31 de agosto<\/em><em>, y ello en los siguientes t\u00e9rminos:<\/em><\/p>\n<p><strong><em>Admitidos\/as definitivos:<\/em><\/strong><\/p>\n<table width=\"248\">\n<tbody>\n<tr>\n<td width=\"60\"><strong><em>DNI<\/em><\/strong><\/td>\n<td width=\"188\"><strong><em>NOMBRE<\/em><\/strong><\/td>\n<\/tr>\n<tr>\n<td width=\"60\"><em>30659030F<\/em><\/td>\n<td width=\"188\"><em>AGUADO ARNAIZ, VER\u00d3NICA<\/em><\/td>\n<\/tr>\n<tr>\n<td width=\"60\"><em>13762938P<\/em><\/td>\n<td width=\"188\"><em>AMO PEL\u00c1EZ, INMACULADA<\/em><\/td>\n<\/tr>\n<tr>\n<td width=\"60\"><em>13796829A<\/em><\/td>\n<td width=\"188\"><em>ANTOL\u00cdN HAZAS, M\u00aa ELENA<\/em><\/td>\n<\/tr>\n<tr>\n<td width=\"60\"><em>72129414B<\/em><\/td>\n<td width=\"188\"><em>BENITO SOL\u00d3RZANO, SARA<\/em><\/td>\n<\/tr>\n<tr>\n<td width=\"60\"><em>13753863R<\/em><\/td>\n<td width=\"188\"><em>CUBILLAS ARCE, CARMEN<\/em><\/td>\n<\/tr>\n<tr>\n<td width=\"60\"><em>13746864V<\/em><\/td>\n<td width=\"188\"><em>CUETO ALONSO, PILAR<\/em><\/td>\n<\/tr>\n<tr>\n<td width=\"60\"><em>72081226P<\/em><\/td>\n<td width=\"188\"><em>GARC\u00cdA MU\u00d1OZ, CARMEN<\/em><\/td>\n<\/tr>\n<tr>\n<td width=\"60\"><em>13794117M<\/em><\/td>\n<td width=\"188\"><em>GUTI\u00c9RREZ IGLESIAS, ANA CARMEN<\/em><\/td>\n<\/tr>\n<tr>\n<td width=\"60\"><em>00419752W<\/em><\/td>\n<td width=\"188\"><em>HERRERA MORENO, M\u00aa EVA<\/em><\/td>\n<\/tr>\n<tr>\n<td width=\"60\"><em>13935605C<\/em><\/td>\n<td width=\"188\"><em>MART\u00cdNEZ CHOC\u00c1N, M\u00aa PAZ<\/em><\/td>\n<\/tr>\n<tr>\n<td width=\"60\"><em>13777480C<\/em><\/td>\n<td width=\"188\"><em>MONCALI\u00c1N L\u00d3PEZ, M\u00aa CARMEN<\/em><\/td>\n<\/tr>\n<tr>\n<td width=\"60\"><em>72074308J<\/em><\/td>\n<td width=\"188\"><em>PEDRAJA FERN\u00c1NDEZ, ESTHER<\/em><\/td>\n<\/tr>\n<tr>\n<td width=\"60\"><em>20189318X<\/em><\/td>\n<td width=\"188\"><em>POLVORINOS ORIA, GEMMA<\/em><\/td>\n<\/tr>\n<tr>\n<td width=\"60\"><em>13724992H<\/em><\/td>\n<td width=\"188\"><em>RUIZ G\u00d3MEZ, JULI\u00c1N<\/em><\/td>\n<\/tr>\n<tr>\n<td width=\"60\"><em>72044255K<\/em><\/td>\n<td width=\"188\"><em>SAIZ SALAS, NOEM\u00cd<\/em><strong><em>\u00a0<\/em><\/strong><\/td>\n<\/tr>\n<\/tbody>\n<\/table>\n<p><strong><em>Excluidos\/as definitivos:<\/em><\/strong><\/p>\n<table>\n<tbody>\n<tr>\n<td width=\"64\"><strong><em>DNI<\/em><\/strong><\/td>\n<td width=\"156\"><strong><em>NOMBRE<\/em><\/strong><\/td>\n<td width=\"209\"><strong><em>CAUSA EXCLUSION<\/em><\/strong><\/td>\n<\/tr>\n<tr>\n<td width=\"64\"><em>72274571S<\/em><\/td>\n<td width=\"156\"><em>FARIA SOUZA, EDUARDO<\/em><\/td>\n<td width=\"209\"><em>1, 2, 3 (documentaci\u00f3n sin compulsar, no acredita curso de coaching de 60 horas)<\/em><strong><em>\u00a0<\/em><\/strong><\/td>\n<\/tr>\n<\/tbody>\n<\/table>\n<ul>\n<li><em>Falta DNI, pasaporte o permiso de conducir<\/em><\/li>\n<li><em>Falta de titulaci\u00f3n universitaria <\/em><\/li>\n<li><em>Falta formaci\u00f3n espec\u00edfica en metodolog\u00eda de coaching de, al menos, 60 horas.<\/em><\/li>\n<\/ul>\n<p><strong><em>Segundo.- <\/em><\/strong><em>Convocar a los aspirantes admitidos en la presente para la realizaci\u00f3n del proceso selectivo en el Sal\u00f3n de Plenos del Ayuntamiento de Colindres sita en Alameda del Ayuntamiento s\/n, debiendo asistir provistos de bol\u00edgrafo azul as\u00ed como D.N.I o documento acreditativo de identidad, el lunes 15 de enero de 2018 a las 9.00 horas. La fase de exposici\u00f3n se iniciar\u00e1 a partir de las 10.00 horas.<\/em><\/p>\n<p><strong><em>Tercero.- <\/em><\/strong><em>Exponer la lista definitiva de aspirantes admitidos y excluidos <\/em><em><u>en la sede electr\u00f3nica del Ayuntamiento de Colindres<\/u><\/em><em>, y a efectos informativos por el tabl\u00f3n de anuncios del ayuntamiento y en su p\u00e1gina web<\/em><em>.<\/em><\/p>\n<p>Publicaci\u00f3n que se realiza al amparo de la base 4 de las de selecci\u00f3n, y a efectos de general conocimiento.<\/p>\n<p>En Colindres, a la fecha de la firma electr\u00f3nica.<\/p>\n<p>El Alcalde.<\/p>\n<p>JAVIER INCERA GOYENECHEA.<\/p>\n<p>&nbsp;<\/p>\n<p><em>Documento firmado digitalmente (Ley 39\/2015, de 1 de octubre)<\/em><\/p>\n","protected":false},"excerpt":{"rendered":"<p>Por medio del presente anuncio, y una vez finalizado el plazo de presentaci\u00f3n de alegaciones o reclamaciones a la lista provisional de admitidos\/excluidos, se da publicidad al Decreto de Alcald\u00eda 5\/2018, relativo a la relaci\u00f3n de admitidos\/excluidos definitiva y convocatoria de realizaci\u00f3n de prueba selectiva, para la selecci\u00f3n de puesto de trabajo: T\u00c9CNICO\/A COORDINADOR\/A DE [&hellip;]<\/p>\n","protected":false},"author":1,"featured_media":206,"comment_status":"open","ping_status":"closed","sticky":false,"template":"","format":"standard","meta":{"_et_pb_use_builder":"","_et_pb_old_content":"","_et_gb_content_width":"","footnotes":""},"categories":[10],"tags":[],"class_list":["post-1226","post","type-post","status-publish","format-standard","has-post-thumbnail","hentry","category-anuncios"],"yoast_head":"<!-- This site is optimized with the Yoast SEO plugin v24.9 - https:\/\/yoast.com\/wordpress\/plugins\/seo\/ -->\n<title>ANUNCIO RELACI\u00d3N DE ADMITIDOS\/EXCLUIDOS DEFINITIVA PARA LA SELECCI\u00d3N DEL PUESTO DE TRABAJO: T\u00c9CNICO\/A COORDINADOR\/A DE LA LANZADERA DE EMPLEO Y EMPRENDIMIENTO SOLIDARIO al amparo de la Orden HAC\/40\/2017, de 31 de agosto, por la que se establecen las bases reguladoras de subvenciones para la puesta en marcha de Lanzaderas de Empleo y Emprendimiento solidario en el \u00e1mbito de la Comunidad Aut\u00f3noma de Cantabria. - Ayuntamiento de Colindres<\/title>\n<meta name=\"robots\" content=\"index, follow, max-snippet:-1, max-image-preview:large, max-video-preview:-1\" \/>\n<link rel=\"canonical\" href=\"https:\/\/www.colindres.es\/index.php\/2018\/01\/08\/1226\/\" \/>\n<meta property=\"og:locale\" content=\"es_ES\" \/>\n<meta property=\"og:type\" content=\"article\" \/>\n<meta property=\"og:title\" content=\"ANUNCIO RELACI\u00d3N DE ADMITIDOS\/EXCLUIDOS DEFINITIVA PARA LA SELECCI\u00d3N DEL PUESTO DE TRABAJO: T\u00c9CNICO\/A COORDINADOR\/A DE LA LANZADERA DE EMPLEO Y EMPRENDIMIENTO SOLIDARIO al amparo de la Orden HAC\/40\/2017, de 31 de agosto, por la que se establecen las bases reguladoras de subvenciones para la puesta en marcha de Lanzaderas de Empleo y Emprendimiento solidario en el \u00e1mbito de la Comunidad Aut\u00f3noma de Cantabria. - Ayuntamiento de Colindres\" \/>\n<meta property=\"og:description\" content=\"Por medio del presente anuncio, y una vez finalizado el plazo de presentaci\u00f3n de alegaciones o reclamaciones a la lista provisional de admitidos\/excluidos, se da publicidad al Decreto de Alcald\u00eda 5\/2018, relativo a la relaci\u00f3n de admitidos\/excluidos definitiva y convocatoria de realizaci\u00f3n de prueba selectiva, para la selecci\u00f3n de puesto de trabajo: T\u00c9CNICO\/A COORDINADOR\/A DE [&hellip;]\" \/>\n<meta property=\"og:url\" content=\"https:\/\/www.colindres.es\/index.php\/2018\/01\/08\/1226\/\" \/>\n<meta property=\"og:site_name\" content=\"Ayuntamiento de Colindres\" \/>\n<meta property=\"article:author\" content=\"https:\/\/es-la.facebook.com\/ayuntamiento.colindres\/\" \/>\n<meta property=\"article:published_time\" content=\"2018-01-08T18:42:18+00:00\" \/>\n<meta property=\"article:modified_time\" content=\"2018-01-08T18:42:44+00:00\" \/>\n<meta property=\"og:image\" content=\"https:\/\/www.colindres.es\/wp-content\/uploads\/2016\/09\/IMG_9250-2-1024x363.jpg\" \/>\n\t<meta property=\"og:image:width\" content=\"1024\" \/>\n\t<meta property=\"og:image:height\" content=\"363\" \/>\n\t<meta property=\"og:image:type\" content=\"image\/jpeg\" \/>\n<meta name=\"author\" content=\"Ignacio S\u00e1inz San Emeterio\" \/>\n<meta name=\"twitter:card\" content=\"summary_large_image\" \/>\n<meta name=\"twitter:creator\" content=\"@https:\/\/twitter.com\/aytocolindres?lang=es\" \/>\n<meta name=\"twitter:label1\" content=\"Escrito por\" \/>\n\t<meta name=\"twitter:data1\" content=\"Ignacio S\u00e1inz San Emeterio\" \/>\n\t<meta name=\"twitter:label2\" content=\"Tiempo de lectura\" \/>\n\t<meta name=\"twitter:data2\" content=\"2 minutos\" \/>\n<script type=\"application\/ld+json\" class=\"yoast-schema-graph\">{\"@context\":\"https:\/\/schema.org\",\"@graph\":[{\"@type\":\"Article\",\"@id\":\"https:\/\/www.colindres.es\/index.php\/2018\/01\/08\/1226\/#article\",\"isPartOf\":{\"@id\":\"https:\/\/www.colindres.es\/index.php\/2018\/01\/08\/1226\/\"},\"author\":{\"name\":\"Ignacio S\u00e1inz San Emeterio\",\"@id\":\"https:\/\/www.colindres.es\/#\/schema\/person\/0225d0319539e212e866b144d841eafb\"},\"headline\":\"ANUNCIO RELACI\u00d3N DE ADMITIDOS\/EXCLUIDOS DEFINITIVA PARA LA SELECCI\u00d3N DEL PUESTO DE TRABAJO: T\u00c9CNICO\/A COORDINADOR\/A DE LA LANZADERA DE EMPLEO Y EMPRENDIMIENTO SOLIDARIO al amparo de la Orden HAC\/40\/2017, de 31 de agosto, por la que se establecen las bases reguladoras de subvenciones para la puesta en marcha de Lanzaderas de Empleo y Emprendimiento solidario en el \u00e1mbito de la Comunidad Aut\u00f3noma de Cantabria.\",\"datePublished\":\"2018-01-08T18:42:18+00:00\",\"dateModified\":\"2018-01-08T18:42:44+00:00\",\"mainEntityOfPage\":{\"@id\":\"https:\/\/www.colindres.es\/index.php\/2018\/01\/08\/1226\/\"},\"wordCount\":494,\"commentCount\":0,\"publisher\":{\"@id\":\"https:\/\/www.colindres.es\/#organization\"},\"image\":{\"@id\":\"https:\/\/www.colindres.es\/index.php\/2018\/01\/08\/1226\/#primaryimage\"},\"thumbnailUrl\":\"https:\/\/www.colindres.es\/wp-content\/uploads\/2016\/09\/IMG_9250-2.jpg\",\"articleSection\":[\"Anuncios\"],\"inLanguage\":\"es\",\"potentialAction\":[{\"@type\":\"CommentAction\",\"name\":\"Comment\",\"target\":[\"https:\/\/www.colindres.es\/index.php\/2018\/01\/08\/1226\/#respond\"]}]},{\"@type\":\"WebPage\",\"@id\":\"https:\/\/www.colindres.es\/index.php\/2018\/01\/08\/1226\/\",\"url\":\"https:\/\/www.colindres.es\/index.php\/2018\/01\/08\/1226\/\",\"name\":\"ANUNCIO RELACI\u00d3N DE ADMITIDOS\/EXCLUIDOS DEFINITIVA PARA LA SELECCI\u00d3N DEL PUESTO DE TRABAJO: T\u00c9CNICO\/A COORDINADOR\/A DE LA LANZADERA DE EMPLEO Y EMPRENDIMIENTO SOLIDARIO al amparo de la Orden HAC\/40\/2017, de 31 de agosto, por la que se establecen las bases reguladoras de subvenciones para la puesta en marcha de Lanzaderas de Empleo y Emprendimiento solidario en el \u00e1mbito de la Comunidad Aut\u00f3noma de Cantabria. - Ayuntamiento de Colindres\",\"isPartOf\":{\"@id\":\"https:\/\/www.colindres.es\/#website\"},\"primaryImageOfPage\":{\"@id\":\"https:\/\/www.colindres.es\/index.php\/2018\/01\/08\/1226\/#primaryimage\"},\"image\":{\"@id\":\"https:\/\/www.colindres.es\/index.php\/2018\/01\/08\/1226\/#primaryimage\"},\"thumbnailUrl\":\"https:\/\/www.colindres.es\/wp-content\/uploads\/2016\/09\/IMG_9250-2.jpg\",\"datePublished\":\"2018-01-08T18:42:18+00:00\",\"dateModified\":\"2018-01-08T18:42:44+00:00\",\"breadcrumb\":{\"@id\":\"https:\/\/www.colindres.es\/index.php\/2018\/01\/08\/1226\/#breadcrumb\"},\"inLanguage\":\"es\",\"potentialAction\":[{\"@type\":\"ReadAction\",\"target\":[\"https:\/\/www.colindres.es\/index.php\/2018\/01\/08\/1226\/\"]}]},{\"@type\":\"ImageObject\",\"inLanguage\":\"es\",\"@id\":\"https:\/\/www.colindres.es\/index.php\/2018\/01\/08\/1226\/#primaryimage\",\"url\":\"https:\/\/www.colindres.es\/wp-content\/uploads\/2016\/09\/IMG_9250-2.jpg\",\"contentUrl\":\"https:\/\/www.colindres.es\/wp-content\/uploads\/2016\/09\/IMG_9250-2.jpg\",\"width\":10558,\"height\":3738},{\"@type\":\"BreadcrumbList\",\"@id\":\"https:\/\/www.colindres.es\/index.php\/2018\/01\/08\/1226\/#breadcrumb\",\"itemListElement\":[{\"@type\":\"ListItem\",\"position\":1,\"name\":\"Portada\",\"item\":\"https:\/\/www.colindres.es\/\"},{\"@type\":\"ListItem\",\"position\":2,\"name\":\"ANUNCIO RELACI\u00d3N DE ADMITIDOS\/EXCLUIDOS DEFINITIVA PARA LA SELECCI\u00d3N DEL PUESTO DE TRABAJO: T\u00c9CNICO\/A COORDINADOR\/A DE LA LANZADERA DE EMPLEO Y EMPRENDIMIENTO SOLIDARIO al amparo de la Orden HAC\/40\/2017, de 31 de agosto, por la que se establecen las bases reguladoras de subvenciones para la puesta en marcha de Lanzaderas de Empleo y Emprendimiento solidario en el \u00e1mbito de la Comunidad Aut\u00f3noma de Cantabria.\"}]},{\"@type\":\"WebSite\",\"@id\":\"https:\/\/www.colindres.es\/#website\",\"url\":\"https:\/\/www.colindres.es\/\",\"name\":\"Ayuntamiento de Colindres\",\"description\":\"Dise\u00f1ado por NTIC&#039;s\",\"publisher\":{\"@id\":\"https:\/\/www.colindres.es\/#organization\"},\"potentialAction\":[{\"@type\":\"SearchAction\",\"target\":{\"@type\":\"EntryPoint\",\"urlTemplate\":\"https:\/\/www.colindres.es\/?s={search_term_string}\"},\"query-input\":{\"@type\":\"PropertyValueSpecification\",\"valueRequired\":true,\"valueName\":\"search_term_string\"}}],\"inLanguage\":\"es\"},{\"@type\":\"Organization\",\"@id\":\"https:\/\/www.colindres.es\/#organization\",\"name\":\"AYUNTAMIENTO DE COLINDRES\",\"url\":\"https:\/\/www.colindres.es\/\",\"logo\":{\"@type\":\"ImageObject\",\"inLanguage\":\"es\",\"@id\":\"https:\/\/www.colindres.es\/#\/schema\/logo\/image\/\",\"url\":\"https:\/\/www.colindres.es\/wp-content\/uploads\/2017\/01\/LOGO-PRINCIPAL.jpg\",\"contentUrl\":\"https:\/\/www.colindres.es\/wp-content\/uploads\/2017\/01\/LOGO-PRINCIPAL.jpg\",\"width\":1209,\"height\":579,\"caption\":\"AYUNTAMIENTO DE COLINDRES\"},\"image\":{\"@id\":\"https:\/\/www.colindres.es\/#\/schema\/logo\/image\/\"}},{\"@type\":\"Person\",\"@id\":\"https:\/\/www.colindres.es\/#\/schema\/person\/0225d0319539e212e866b144d841eafb\",\"name\":\"Ignacio S\u00e1inz San Emeterio\",\"image\":{\"@type\":\"ImageObject\",\"inLanguage\":\"es\",\"@id\":\"https:\/\/www.colindres.es\/#\/schema\/person\/image\/\",\"url\":\"https:\/\/secure.gravatar.com\/avatar\/c35e3c2e7764c40bdaf5a44f84884669f6fdecc485d5842b7a4b1a9d0c53eed8?s=96&d=mm&r=g\",\"contentUrl\":\"https:\/\/secure.gravatar.com\/avatar\/c35e3c2e7764c40bdaf5a44f84884669f6fdecc485d5842b7a4b1a9d0c53eed8?s=96&d=mm&r=g\",\"caption\":\"Ignacio S\u00e1inz San Emeterio\"},\"description\":\"Responsable Departamento NTIC's - Ayuntamiento de Colindres\",\"sameAs\":[\"https:\/\/www.colindres.es\",\"https:\/\/es-la.facebook.com\/ayuntamiento.colindres\/\",\"https:\/\/x.com\/https:\/\/twitter.com\/aytocolindres?lang=es\"],\"url\":\"https:\/\/www.colindres.es\/index.php\/author\/colindres\/\"}]}<\/script>\n<!-- \/ Yoast SEO plugin. -->","yoast_head_json":{"title":"ANUNCIO RELACI\u00d3N DE ADMITIDOS\/EXCLUIDOS DEFINITIVA PARA LA SELECCI\u00d3N DEL PUESTO DE TRABAJO: T\u00c9CNICO\/A COORDINADOR\/A DE LA LANZADERA DE EMPLEO Y EMPRENDIMIENTO SOLIDARIO al amparo de la Orden HAC\/40\/2017, de 31 de agosto, por la que se establecen las bases reguladoras de subvenciones para la puesta en marcha de Lanzaderas de Empleo y Emprendimiento solidario en el \u00e1mbito de la Comunidad Aut\u00f3noma de Cantabria. - Ayuntamiento de Colindres","robots":{"index":"index","follow":"follow","max-snippet":"max-snippet:-1","max-image-preview":"max-image-preview:large","max-video-preview":"max-video-preview:-1"},"canonical":"https:\/\/www.colindres.es\/index.php\/2018\/01\/08\/1226\/","og_locale":"es_ES","og_type":"article","og_title":"ANUNCIO RELACI\u00d3N DE ADMITIDOS\/EXCLUIDOS DEFINITIVA PARA LA SELECCI\u00d3N DEL PUESTO DE TRABAJO: T\u00c9CNICO\/A COORDINADOR\/A DE LA LANZADERA DE EMPLEO Y EMPRENDIMIENTO SOLIDARIO al amparo de la Orden HAC\/40\/2017, de 31 de agosto, por la que se establecen las bases reguladoras de subvenciones para la puesta en marcha de Lanzaderas de Empleo y Emprendimiento solidario en el \u00e1mbito de la Comunidad Aut\u00f3noma de Cantabria. - Ayuntamiento de Colindres","og_description":"Por medio del presente anuncio, y una vez finalizado el plazo de presentaci\u00f3n de alegaciones o reclamaciones a la lista provisional de admitidos\/excluidos, se da publicidad al Decreto de Alcald\u00eda 5\/2018, relativo a la relaci\u00f3n de admitidos\/excluidos definitiva y convocatoria de realizaci\u00f3n de prueba selectiva, para la selecci\u00f3n de puesto de trabajo: T\u00c9CNICO\/A COORDINADOR\/A DE [&hellip;]","og_url":"https:\/\/www.colindres.es\/index.php\/2018\/01\/08\/1226\/","og_site_name":"Ayuntamiento de Colindres","article_author":"https:\/\/es-la.facebook.com\/ayuntamiento.colindres\/","article_published_time":"2018-01-08T18:42:18+00:00","article_modified_time":"2018-01-08T18:42:44+00:00","og_image":[{"width":1024,"height":363,"url":"https:\/\/www.colindres.es\/wp-content\/uploads\/2016\/09\/IMG_9250-2-1024x363.jpg","type":"image\/jpeg"}],"author":"Ignacio S\u00e1inz San Emeterio","twitter_card":"summary_large_image","twitter_creator":"@https:\/\/twitter.com\/aytocolindres?lang=es","twitter_misc":{"Escrito por":"Ignacio S\u00e1inz San Emeterio","Tiempo de lectura":"2 minutos"},"schema":{"@context":"https:\/\/schema.org","@graph":[{"@type":"Article","@id":"https:\/\/www.colindres.es\/index.php\/2018\/01\/08\/1226\/#article","isPartOf":{"@id":"https:\/\/www.colindres.es\/index.php\/2018\/01\/08\/1226\/"},"author":{"name":"Ignacio S\u00e1inz San Emeterio","@id":"https:\/\/www.colindres.es\/#\/schema\/person\/0225d0319539e212e866b144d841eafb"},"headline":"ANUNCIO RELACI\u00d3N DE ADMITIDOS\/EXCLUIDOS DEFINITIVA PARA LA SELECCI\u00d3N DEL PUESTO DE TRABAJO: T\u00c9CNICO\/A COORDINADOR\/A DE LA LANZADERA DE EMPLEO Y EMPRENDIMIENTO SOLIDARIO al amparo de la Orden HAC\/40\/2017, de 31 de agosto, por la que se establecen las bases reguladoras de subvenciones para la puesta en marcha de Lanzaderas de Empleo y Emprendimiento solidario en el \u00e1mbito de la Comunidad Aut\u00f3noma de Cantabria.","datePublished":"2018-01-08T18:42:18+00:00","dateModified":"2018-01-08T18:42:44+00:00","mainEntityOfPage":{"@id":"https:\/\/www.colindres.es\/index.php\/2018\/01\/08\/1226\/"},"wordCount":494,"commentCount":0,"publisher":{"@id":"https:\/\/www.colindres.es\/#organization"},"image":{"@id":"https:\/\/www.colindres.es\/index.php\/2018\/01\/08\/1226\/#primaryimage"},"thumbnailUrl":"https:\/\/www.colindres.es\/wp-content\/uploads\/2016\/09\/IMG_9250-2.jpg","articleSection":["Anuncios"],"inLanguage":"es","potentialAction":[{"@type":"CommentAction","name":"Comment","target":["https:\/\/www.colindres.es\/index.php\/2018\/01\/08\/1226\/#respond"]}]},{"@type":"WebPage","@id":"https:\/\/www.colindres.es\/index.php\/2018\/01\/08\/1226\/","url":"https:\/\/www.colindres.es\/index.php\/2018\/01\/08\/1226\/","name":"ANUNCIO RELACI\u00d3N DE ADMITIDOS\/EXCLUIDOS DEFINITIVA PARA LA SELECCI\u00d3N DEL PUESTO DE TRABAJO: T\u00c9CNICO\/A COORDINADOR\/A DE LA LANZADERA DE EMPLEO Y EMPRENDIMIENTO SOLIDARIO al amparo de la Orden HAC\/40\/2017, de 31 de agosto, por la que se establecen las bases reguladoras de subvenciones para la puesta en marcha de Lanzaderas de Empleo y Emprendimiento solidario en el \u00e1mbito de la Comunidad Aut\u00f3noma de Cantabria. - Ayuntamiento de Colindres","isPartOf":{"@id":"https:\/\/www.colindres.es\/#website"},"primaryImageOfPage":{"@id":"https:\/\/www.colindres.es\/index.php\/2018\/01\/08\/1226\/#primaryimage"},"image":{"@id":"https:\/\/www.colindres.es\/index.php\/2018\/01\/08\/1226\/#primaryimage"},"thumbnailUrl":"https:\/\/www.colindres.es\/wp-content\/uploads\/2016\/09\/IMG_9250-2.jpg","datePublished":"2018-01-08T18:42:18+00:00","dateModified":"2018-01-08T18:42:44+00:00","breadcrumb":{"@id":"https:\/\/www.colindres.es\/index.php\/2018\/01\/08\/1226\/#breadcrumb"},"inLanguage":"es","potentialAction":[{"@type":"ReadAction","target":["https:\/\/www.colindres.es\/index.php\/2018\/01\/08\/1226\/"]}]},{"@type":"ImageObject","inLanguage":"es","@id":"https:\/\/www.colindres.es\/index.php\/2018\/01\/08\/1226\/#primaryimage","url":"https:\/\/www.colindres.es\/wp-content\/uploads\/2016\/09\/IMG_9250-2.jpg","contentUrl":"https:\/\/www.colindres.es\/wp-content\/uploads\/2016\/09\/IMG_9250-2.jpg","width":10558,"height":3738},{"@type":"BreadcrumbList","@id":"https:\/\/www.colindres.es\/index.php\/2018\/01\/08\/1226\/#breadcrumb","itemListElement":[{"@type":"ListItem","position":1,"name":"Portada","item":"https:\/\/www.colindres.es\/"},{"@type":"ListItem","position":2,"name":"ANUNCIO RELACI\u00d3N DE ADMITIDOS\/EXCLUIDOS DEFINITIVA PARA LA SELECCI\u00d3N DEL PUESTO DE TRABAJO: T\u00c9CNICO\/A COORDINADOR\/A DE LA LANZADERA DE EMPLEO Y EMPRENDIMIENTO SOLIDARIO al amparo de la Orden HAC\/40\/2017, de 31 de agosto, por la que se establecen las bases reguladoras de subvenciones para la puesta en marcha de Lanzaderas de Empleo y Emprendimiento solidario en el \u00e1mbito de la Comunidad Aut\u00f3noma de Cantabria."}]},{"@type":"WebSite","@id":"https:\/\/www.colindres.es\/#website","url":"https:\/\/www.colindres.es\/","name":"Ayuntamiento de Colindres","description":"Dise\u00f1ado por NTIC&#039;s","publisher":{"@id":"https:\/\/www.colindres.es\/#organization"},"potentialAction":[{"@type":"SearchAction","target":{"@type":"EntryPoint","urlTemplate":"https:\/\/www.colindres.es\/?s={search_term_string}"},"query-input":{"@type":"PropertyValueSpecification","valueRequired":true,"valueName":"search_term_string"}}],"inLanguage":"es"},{"@type":"Organization","@id":"https:\/\/www.colindres.es\/#organization","name":"AYUNTAMIENTO DE COLINDRES","url":"https:\/\/www.colindres.es\/","logo":{"@type":"ImageObject","inLanguage":"es","@id":"https:\/\/www.colindres.es\/#\/schema\/logo\/image\/","url":"https:\/\/www.colindres.es\/wp-content\/uploads\/2017\/01\/LOGO-PRINCIPAL.jpg","contentUrl":"https:\/\/www.colindres.es\/wp-content\/uploads\/2017\/01\/LOGO-PRINCIPAL.jpg","width":1209,"height":579,"caption":"AYUNTAMIENTO DE COLINDRES"},"image":{"@id":"https:\/\/www.colindres.es\/#\/schema\/logo\/image\/"}},{"@type":"Person","@id":"https:\/\/www.colindres.es\/#\/schema\/person\/0225d0319539e212e866b144d841eafb","name":"Ignacio S\u00e1inz San Emeterio","image":{"@type":"ImageObject","inLanguage":"es","@id":"https:\/\/www.colindres.es\/#\/schema\/person\/image\/","url":"https:\/\/secure.gravatar.com\/avatar\/c35e3c2e7764c40bdaf5a44f84884669f6fdecc485d5842b7a4b1a9d0c53eed8?s=96&d=mm&r=g","contentUrl":"https:\/\/secure.gravatar.com\/avatar\/c35e3c2e7764c40bdaf5a44f84884669f6fdecc485d5842b7a4b1a9d0c53eed8?s=96&d=mm&r=g","caption":"Ignacio S\u00e1inz San Emeterio"},"description":"Responsable Departamento NTIC's - Ayuntamiento de Colindres","sameAs":["https:\/\/www.colindres.es","https:\/\/es-la.facebook.com\/ayuntamiento.colindres\/","https:\/\/x.com\/https:\/\/twitter.com\/aytocolindres?lang=es"],"url":"https:\/\/www.colindres.es\/index.php\/author\/colindres\/"}]}},"_links":{"self":[{"href":"https:\/\/www.colindres.es\/index.php\/wp-json\/wp\/v2\/posts\/1226","targetHints":{"allow":["GET"]}}],"collection":[{"href":"https:\/\/www.colindres.es\/index.php\/wp-json\/wp\/v2\/posts"}],"about":[{"href":"https:\/\/www.colindres.es\/index.php\/wp-json\/wp\/v2\/types\/post"}],"author":[{"embeddable":true,"href":"https:\/\/www.colindres.es\/index.php\/wp-json\/wp\/v2\/users\/1"}],"replies":[{"embeddable":true,"href":"https:\/\/www.colindres.es\/index.php\/wp-json\/wp\/v2\/comments?post=1226"}],"version-history":[{"count":3,"href":"https:\/\/www.colindres.es\/index.php\/wp-json\/wp\/v2\/posts\/1226\/revisions"}],"predecessor-version":[{"id":1229,"href":"https:\/\/www.colindres.es\/index.php\/wp-json\/wp\/v2\/posts\/1226\/revisions\/1229"}],"wp:featuredmedia":[{"embeddable":true,"href":"https:\/\/www.colindres.es\/index.php\/wp-json\/wp\/v2\/media\/206"}],"wp:attachment":[{"href":"https:\/\/www.colindres.es\/index.php\/wp-json\/wp\/v2\/media?parent=1226"}],"wp:term":[{"taxonomy":"category","embeddable":true,"href":"https:\/\/www.colindres.es\/index.php\/wp-json\/wp\/v2\/categories?post=1226"},{"taxonomy":"post_tag","embeddable":true,"href":"https:\/\/www.colindres.es\/index.php\/wp-json\/wp\/v2\/tags?post=1226"}],"curies":[{"name":"wp","href":"https:\/\/api.w.org\/{rel}","templated":true}]}}