{"id":1213,"date":"2018-01-02T06:50:01","date_gmt":"2018-01-02T06:50:01","guid":{"rendered":"http:\/\/colindres.es\/?p=1213"},"modified":"2018-01-02T06:50:01","modified_gmt":"2018-01-02T06:50:01","slug":"anuncio-relacion-de-admitidosexcluidos-provisional-para-la-seleccion-del-puesto-de-trabajo-tecnicoa-coordinadora-de-la-lanzadera-de-empleo-y-emprendimiento-solidario-al-amparo-de-la-orden-hac402","status":"publish","type":"post","link":"https:\/\/www.colindres.es\/index.php\/2018\/01\/02\/anuncio-relacion-de-admitidosexcluidos-provisional-para-la-seleccion-del-puesto-de-trabajo-tecnicoa-coordinadora-de-la-lanzadera-de-empleo-y-emprendimiento-solidario-al-amparo-de-la-orden-hac402\/","title":{"rendered":"ANUNCIO RELACI\u00d3N DE ADMITIDOS\/EXCLUIDOS PROVISIONAL PARA LA SELECCI\u00d3N DEL PUESTO DE TRABAJO: T\u00c9CNICO\/A COORDINADOR\/A DE LA LANZADERA DE EMPLEO Y EMPRENDIMIENTO SOLIDARIO AL AMPARO DE LA ORDEN HAC\/40\/2017, DE 31 DE AGOSTO, POR LA QUE SE ESTABLECEN LAS BASES REGULADORAS DE SUBVENCIONES PARA LA PUESTA EN MARCHA DE LANZADERAS DE EMPLEO Y EMPRENDIMIENTO SOLIDARIO EN EL \u00c1MBITO DE LA COMUNIDAD AUT\u00d3NOMA DE CANTABRIA."},"content":{"rendered":"<p>Por medio del presente anuncio, y una vez finalizado el plazo de presentaci\u00f3n de instancias, se da publicidad al Decreto de Alcald\u00eda 862\/2017, de 29 de diciembre de 2017, relativo a la relaci\u00f3n de admitidos\/excluidos provisional para la selecci\u00f3n de puesto de trabajo: <strong>T\u00c9CNICO\/A COORDINADOR\/A DE LA LANZADERA DE EMPLEO Y EMPRENDIMIENTO SOLIDARIO al amparo de la Orden HAC\/40\/2017, de 31 de agosto<\/strong>, a efectos de que en el plazo de <strong>dos d\u00edas naturales <\/strong>a contar desde el siguiente de la publicaci\u00f3n del presente anuncio en la sede electr\u00f3nica del ayuntamiento (www.colindres.sedelectronica.es), presenten alegaciones o reclamaciones que consideren oportunas o procedan a la subsanaci\u00f3n de la documentaci\u00f3n correspondiente.<\/p>\n<p><strong>Admitidos\/as provisionales:<\/strong><\/p>\n<table width=\"321\">\n<tbody>\n<tr>\n<td width=\"82\"><strong>DNI<\/strong><\/td>\n<td width=\"239\"><strong>NOMBRE<\/strong><\/td>\n<\/tr>\n<tr>\n<td width=\"82\">30659030F<\/td>\n<td width=\"239\">AGUADO ARNAIZ, VER\u00d3NICA<\/td>\n<\/tr>\n<tr>\n<td width=\"82\">13762938P<\/td>\n<td width=\"239\">AMO PEL\u00c1EZ, INMACULADA<\/td>\n<\/tr>\n<tr>\n<td width=\"82\">72129414B<\/td>\n<td width=\"239\">BENITO SOL\u00d3RZANO, SARA<\/td>\n<\/tr>\n<tr>\n<td width=\"82\">13746864V<\/td>\n<td width=\"239\">CUETO ALONSO, PILAR<\/td>\n<\/tr>\n<tr>\n<td width=\"82\">13794117M<\/td>\n<td width=\"239\">GUTI\u00c9RREZ IGLESIAS, ANA CARMEN<\/td>\n<\/tr>\n<tr>\n<td width=\"82\">00419752W<\/td>\n<td width=\"239\">HERRERA MORENO, M\u00aa EVA<\/td>\n<\/tr>\n<tr>\n<td width=\"82\">13935605C<\/td>\n<td width=\"239\">MART\u00cdNEZ CHOC\u00c1N, M\u00aa PAZ<\/td>\n<\/tr>\n<tr>\n<td width=\"82\">20189318X<\/td>\n<td width=\"239\">POLVORINOS ORIA, GEMMA<\/td>\n<\/tr>\n<tr>\n<td width=\"82\">72044255K<\/td>\n<td width=\"239\">SAIZ SALAS, NOEM\u00cd<\/td>\n<\/tr>\n<\/tbody>\n<\/table>\n<p><strong>Excluidos\/as provisionales:<\/strong><\/p>\n<table>\n<tbody>\n<tr>\n<td width=\"85\"><strong>DNI<\/strong><\/td>\n<td width=\"208\"><strong>NOMBRE<\/strong><\/td>\n<td width=\"279\"><strong>CAUSA EXCLUSION<\/strong><\/td>\n<\/tr>\n<tr>\n<td width=\"85\">13796829A<\/td>\n<td width=\"208\">ANTOL\u00cdN HAZAS, M\u00aa ELENA<\/td>\n<td width=\"279\">1 (B1)<\/td>\n<\/tr>\n<tr>\n<td width=\"85\">13753863R<\/td>\n<td width=\"208\">CUBILLAS ARCE, CARMEN<\/td>\n<td width=\"279\">1 (B1)<\/td>\n<\/tr>\n<tr>\n<td width=\"85\">72274571S<\/td>\n<td width=\"208\">FARIA SOUZA, EDUARDO<\/td>\n<td width=\"279\">1, 2, 3 (documentaci\u00f3n sin compulsar, no acredita curso de coaching de 60 horas)<\/td>\n<\/tr>\n<tr>\n<td width=\"85\">72081226P<\/td>\n<td width=\"208\">GARC\u00cdA MU\u00d1OZ, CARMEN<\/td>\n<td width=\"279\">1 (B1)<\/td>\n<\/tr>\n<tr>\n<td width=\"85\">13777480C<\/td>\n<td width=\"208\">MONCALI\u00c1N L\u00d3PEZ, M\u00aa CARMEN<\/td>\n<td width=\"279\">1 (B1)<\/td>\n<\/tr>\n<tr>\n<td width=\"85\">72074308J<\/td>\n<td width=\"208\">PEDRAJA FERN\u00c1NDEZ, ESTHER<\/td>\n<td width=\"279\">1 (B1)<\/td>\n<\/tr>\n<tr>\n<td width=\"85\">13724992H<\/td>\n<td width=\"208\">RUIZ G\u00d3MEZ, JULI\u00c1N<\/td>\n<td width=\"279\">1 (B1)<\/td>\n<\/tr>\n<\/tbody>\n<\/table>\n<p><strong>\u00a0<\/strong><\/p>\n<ol>\n<li>Falta DNI, pasaporte o permiso de conducir<\/li>\n<li>Falta de titulaci\u00f3n universitaria<\/li>\n<li>Falta formaci\u00f3n espec\u00edfica en metodolog\u00eda de coaching de, al menos, 60 horas.<\/li>\n<\/ol>\n<p>Los aspirantes excluidos tendr\u00e1n plazo de subsanaci\u00f3n hasta el 3 de enero de 2017 a las 14:30 horas en relaci\u00f3n a <strong>la documentaci\u00f3n que se considera en las bases de selecci\u00f3n como subsanable, y que se especifica como causa de exclusi\u00f3n, en caso de utilizarse medios de registro distintos del Registro General del Ayuntamiento, ser\u00e1 indispensable la puesta en conocimiento antes del t\u00e9rmino del plazo mediante fax al n\u00famero 942674588.<\/strong><\/p>\n<p>En Colindres, a la fecha de la firma electr\u00f3nica<\/p>\n<p>El Alcalde.<\/p>\n<p>Javier Incera Goyenechea<\/p>\n<p><em>Documento firmado electr\u00f3nicamente (Ley 39\/2015, de 1 de octubre)<\/em><\/p>\n","protected":false},"excerpt":{"rendered":"<p>Por medio del presente anuncio, y una vez finalizado el plazo de presentaci\u00f3n de instancias, se da publicidad al Decreto de Alcald\u00eda 862\/2017, de 29 de diciembre de 2017, relativo a la relaci\u00f3n de admitidos\/excluidos provisional para la selecci\u00f3n de puesto de trabajo: T\u00c9CNICO\/A COORDINADOR\/A DE LA LANZADERA DE EMPLEO Y EMPRENDIMIENTO SOLIDARIO al amparo [&hellip;]<\/p>\n","protected":false},"author":1,"featured_media":206,"comment_status":"open","ping_status":"closed","sticky":false,"template":"","format":"standard","meta":{"_et_pb_use_builder":"","_et_pb_old_content":"","_et_gb_content_width":"","footnotes":""},"categories":[10],"tags":[],"class_list":["post-1213","post","type-post","status-publish","format-standard","has-post-thumbnail","hentry","category-anuncios"],"yoast_head":"<!-- This site is optimized with the Yoast SEO plugin v24.9 - https:\/\/yoast.com\/wordpress\/plugins\/seo\/ -->\n<title>ANUNCIO RELACI\u00d3N DE ADMITIDOS\/EXCLUIDOS PROVISIONAL PARA LA SELECCI\u00d3N DEL PUESTO DE TRABAJO: T\u00c9CNICO\/A COORDINADOR\/A DE LA LANZADERA DE EMPLEO Y EMPRENDIMIENTO SOLIDARIO AL AMPARO DE LA ORDEN HAC\/40\/2017, DE 31 DE AGOSTO, POR LA QUE SE ESTABLECEN LAS BASES REGULADORAS DE SUBVENCIONES PARA LA PUESTA EN MARCHA DE LANZADERAS DE EMPLEO Y EMPRENDIMIENTO SOLIDARIO EN EL \u00c1MBITO DE LA COMUNIDAD AUT\u00d3NOMA DE CANTABRIA. - Ayuntamiento de Colindres<\/title>\n<meta name=\"robots\" content=\"index, follow, max-snippet:-1, max-image-preview:large, max-video-preview:-1\" \/>\n<link rel=\"canonical\" href=\"https:\/\/www.colindres.es\/index.php\/2018\/01\/02\/anuncio-relacion-de-admitidosexcluidos-provisional-para-la-seleccion-del-puesto-de-trabajo-tecnicoa-coordinadora-de-la-lanzadera-de-empleo-y-emprendimiento-solidario-al-amparo-de-la-orden-hac402\/\" \/>\n<meta property=\"og:locale\" content=\"es_ES\" \/>\n<meta property=\"og:type\" content=\"article\" \/>\n<meta property=\"og:title\" content=\"ANUNCIO RELACI\u00d3N DE ADMITIDOS\/EXCLUIDOS PROVISIONAL PARA LA SELECCI\u00d3N DEL PUESTO DE TRABAJO: T\u00c9CNICO\/A COORDINADOR\/A DE LA LANZADERA DE EMPLEO Y EMPRENDIMIENTO SOLIDARIO AL AMPARO DE LA ORDEN HAC\/40\/2017, DE 31 DE AGOSTO, POR LA QUE SE ESTABLECEN LAS BASES REGULADORAS DE SUBVENCIONES PARA LA PUESTA EN MARCHA DE LANZADERAS DE EMPLEO Y EMPRENDIMIENTO SOLIDARIO EN EL \u00c1MBITO DE LA COMUNIDAD AUT\u00d3NOMA DE CANTABRIA. - Ayuntamiento de Colindres\" \/>\n<meta property=\"og:description\" content=\"Por medio del presente anuncio, y una vez finalizado el plazo de presentaci\u00f3n de instancias, se da publicidad al Decreto de Alcald\u00eda 862\/2017, de 29 de diciembre de 2017, relativo a la relaci\u00f3n de admitidos\/excluidos provisional para la selecci\u00f3n de puesto de trabajo: T\u00c9CNICO\/A COORDINADOR\/A DE LA LANZADERA DE EMPLEO Y EMPRENDIMIENTO SOLIDARIO al amparo [&hellip;]\" \/>\n<meta property=\"og:url\" content=\"https:\/\/www.colindres.es\/index.php\/2018\/01\/02\/anuncio-relacion-de-admitidosexcluidos-provisional-para-la-seleccion-del-puesto-de-trabajo-tecnicoa-coordinadora-de-la-lanzadera-de-empleo-y-emprendimiento-solidario-al-amparo-de-la-orden-hac402\/\" \/>\n<meta property=\"og:site_name\" content=\"Ayuntamiento de Colindres\" \/>\n<meta property=\"article:author\" content=\"https:\/\/es-la.facebook.com\/ayuntamiento.colindres\/\" \/>\n<meta property=\"article:published_time\" content=\"2018-01-02T06:50:01+00:00\" \/>\n<meta property=\"og:image\" content=\"https:\/\/www.colindres.es\/wp-content\/uploads\/2016\/09\/IMG_9250-2-1024x363.jpg\" \/>\n\t<meta property=\"og:image:width\" content=\"1024\" \/>\n\t<meta property=\"og:image:height\" content=\"363\" \/>\n\t<meta property=\"og:image:type\" content=\"image\/jpeg\" \/>\n<meta name=\"author\" content=\"Ignacio S\u00e1inz San Emeterio\" \/>\n<meta name=\"twitter:card\" content=\"summary_large_image\" \/>\n<meta name=\"twitter:creator\" content=\"@https:\/\/twitter.com\/aytocolindres?lang=es\" \/>\n<meta name=\"twitter:label1\" content=\"Escrito por\" \/>\n\t<meta name=\"twitter:data1\" content=\"Ignacio S\u00e1inz San Emeterio\" \/>\n\t<meta name=\"twitter:label2\" content=\"Tiempo de lectura\" \/>\n\t<meta name=\"twitter:data2\" content=\"2 minutos\" \/>\n<script type=\"application\/ld+json\" class=\"yoast-schema-graph\">{\"@context\":\"https:\/\/schema.org\",\"@graph\":[{\"@type\":\"Article\",\"@id\":\"https:\/\/www.colindres.es\/index.php\/2018\/01\/02\/anuncio-relacion-de-admitidosexcluidos-provisional-para-la-seleccion-del-puesto-de-trabajo-tecnicoa-coordinadora-de-la-lanzadera-de-empleo-y-emprendimiento-solidario-al-amparo-de-la-orden-hac402\/#article\",\"isPartOf\":{\"@id\":\"https:\/\/www.colindres.es\/index.php\/2018\/01\/02\/anuncio-relacion-de-admitidosexcluidos-provisional-para-la-seleccion-del-puesto-de-trabajo-tecnicoa-coordinadora-de-la-lanzadera-de-empleo-y-emprendimiento-solidario-al-amparo-de-la-orden-hac402\/\"},\"author\":{\"name\":\"Ignacio S\u00e1inz San Emeterio\",\"@id\":\"https:\/\/www.colindres.es\/#\/schema\/person\/0225d0319539e212e866b144d841eafb\"},\"headline\":\"ANUNCIO RELACI\u00d3N DE ADMITIDOS\/EXCLUIDOS PROVISIONAL PARA LA SELECCI\u00d3N DEL PUESTO DE TRABAJO: T\u00c9CNICO\/A COORDINADOR\/A DE LA LANZADERA DE EMPLEO Y EMPRENDIMIENTO SOLIDARIO AL AMPARO DE LA ORDEN HAC\/40\/2017, DE 31 DE AGOSTO, POR LA QUE SE ESTABLECEN LAS BASES REGULADORAS DE SUBVENCIONES PARA LA PUESTA EN MARCHA DE LANZADERAS DE EMPLEO Y EMPRENDIMIENTO SOLIDARIO EN EL \u00c1MBITO DE LA COMUNIDAD AUT\u00d3NOMA DE CANTABRIA.\",\"datePublished\":\"2018-01-02T06:50:01+00:00\",\"mainEntityOfPage\":{\"@id\":\"https:\/\/www.colindres.es\/index.php\/2018\/01\/02\/anuncio-relacion-de-admitidosexcluidos-provisional-para-la-seleccion-del-puesto-de-trabajo-tecnicoa-coordinadora-de-la-lanzadera-de-empleo-y-emprendimiento-solidario-al-amparo-de-la-orden-hac402\/\"},\"wordCount\":424,\"commentCount\":0,\"publisher\":{\"@id\":\"https:\/\/www.colindres.es\/#organization\"},\"image\":{\"@id\":\"https:\/\/www.colindres.es\/index.php\/2018\/01\/02\/anuncio-relacion-de-admitidosexcluidos-provisional-para-la-seleccion-del-puesto-de-trabajo-tecnicoa-coordinadora-de-la-lanzadera-de-empleo-y-emprendimiento-solidario-al-amparo-de-la-orden-hac402\/#primaryimage\"},\"thumbnailUrl\":\"https:\/\/www.colindres.es\/wp-content\/uploads\/2016\/09\/IMG_9250-2.jpg\",\"articleSection\":[\"Anuncios\"],\"inLanguage\":\"es\",\"potentialAction\":[{\"@type\":\"CommentAction\",\"name\":\"Comment\",\"target\":[\"https:\/\/www.colindres.es\/index.php\/2018\/01\/02\/anuncio-relacion-de-admitidosexcluidos-provisional-para-la-seleccion-del-puesto-de-trabajo-tecnicoa-coordinadora-de-la-lanzadera-de-empleo-y-emprendimiento-solidario-al-amparo-de-la-orden-hac402\/#respond\"]}]},{\"@type\":\"WebPage\",\"@id\":\"https:\/\/www.colindres.es\/index.php\/2018\/01\/02\/anuncio-relacion-de-admitidosexcluidos-provisional-para-la-seleccion-del-puesto-de-trabajo-tecnicoa-coordinadora-de-la-lanzadera-de-empleo-y-emprendimiento-solidario-al-amparo-de-la-orden-hac402\/\",\"url\":\"https:\/\/www.colindres.es\/index.php\/2018\/01\/02\/anuncio-relacion-de-admitidosexcluidos-provisional-para-la-seleccion-del-puesto-de-trabajo-tecnicoa-coordinadora-de-la-lanzadera-de-empleo-y-emprendimiento-solidario-al-amparo-de-la-orden-hac402\/\",\"name\":\"ANUNCIO RELACI\u00d3N DE ADMITIDOS\/EXCLUIDOS PROVISIONAL PARA LA SELECCI\u00d3N DEL PUESTO DE TRABAJO: T\u00c9CNICO\/A COORDINADOR\/A DE LA LANZADERA DE EMPLEO Y EMPRENDIMIENTO SOLIDARIO AL AMPARO DE LA ORDEN HAC\/40\/2017, DE 31 DE AGOSTO, POR LA QUE SE ESTABLECEN LAS BASES REGULADORAS DE SUBVENCIONES PARA LA PUESTA EN MARCHA DE LANZADERAS DE EMPLEO Y EMPRENDIMIENTO SOLIDARIO EN EL \u00c1MBITO DE LA COMUNIDAD AUT\u00d3NOMA DE CANTABRIA. - Ayuntamiento de Colindres\",\"isPartOf\":{\"@id\":\"https:\/\/www.colindres.es\/#website\"},\"primaryImageOfPage\":{\"@id\":\"https:\/\/www.colindres.es\/index.php\/2018\/01\/02\/anuncio-relacion-de-admitidosexcluidos-provisional-para-la-seleccion-del-puesto-de-trabajo-tecnicoa-coordinadora-de-la-lanzadera-de-empleo-y-emprendimiento-solidario-al-amparo-de-la-orden-hac402\/#primaryimage\"},\"image\":{\"@id\":\"https:\/\/www.colindres.es\/index.php\/2018\/01\/02\/anuncio-relacion-de-admitidosexcluidos-provisional-para-la-seleccion-del-puesto-de-trabajo-tecnicoa-coordinadora-de-la-lanzadera-de-empleo-y-emprendimiento-solidario-al-amparo-de-la-orden-hac402\/#primaryimage\"},\"thumbnailUrl\":\"https:\/\/www.colindres.es\/wp-content\/uploads\/2016\/09\/IMG_9250-2.jpg\",\"datePublished\":\"2018-01-02T06:50:01+00:00\",\"breadcrumb\":{\"@id\":\"https:\/\/www.colindres.es\/index.php\/2018\/01\/02\/anuncio-relacion-de-admitidosexcluidos-provisional-para-la-seleccion-del-puesto-de-trabajo-tecnicoa-coordinadora-de-la-lanzadera-de-empleo-y-emprendimiento-solidario-al-amparo-de-la-orden-hac402\/#breadcrumb\"},\"inLanguage\":\"es\",\"potentialAction\":[{\"@type\":\"ReadAction\",\"target\":[\"https:\/\/www.colindres.es\/index.php\/2018\/01\/02\/anuncio-relacion-de-admitidosexcluidos-provisional-para-la-seleccion-del-puesto-de-trabajo-tecnicoa-coordinadora-de-la-lanzadera-de-empleo-y-emprendimiento-solidario-al-amparo-de-la-orden-hac402\/\"]}]},{\"@type\":\"ImageObject\",\"inLanguage\":\"es\",\"@id\":\"https:\/\/www.colindres.es\/index.php\/2018\/01\/02\/anuncio-relacion-de-admitidosexcluidos-provisional-para-la-seleccion-del-puesto-de-trabajo-tecnicoa-coordinadora-de-la-lanzadera-de-empleo-y-emprendimiento-solidario-al-amparo-de-la-orden-hac402\/#primaryimage\",\"url\":\"https:\/\/www.colindres.es\/wp-content\/uploads\/2016\/09\/IMG_9250-2.jpg\",\"contentUrl\":\"https:\/\/www.colindres.es\/wp-content\/uploads\/2016\/09\/IMG_9250-2.jpg\",\"width\":10558,\"height\":3738},{\"@type\":\"BreadcrumbList\",\"@id\":\"https:\/\/www.colindres.es\/index.php\/2018\/01\/02\/anuncio-relacion-de-admitidosexcluidos-provisional-para-la-seleccion-del-puesto-de-trabajo-tecnicoa-coordinadora-de-la-lanzadera-de-empleo-y-emprendimiento-solidario-al-amparo-de-la-orden-hac402\/#breadcrumb\",\"itemListElement\":[{\"@type\":\"ListItem\",\"position\":1,\"name\":\"Portada\",\"item\":\"https:\/\/www.colindres.es\/\"},{\"@type\":\"ListItem\",\"position\":2,\"name\":\"ANUNCIO RELACI\u00d3N DE ADMITIDOS\/EXCLUIDOS PROVISIONAL PARA LA SELECCI\u00d3N DEL PUESTO DE TRABAJO: T\u00c9CNICO\/A COORDINADOR\/A DE LA LANZADERA DE EMPLEO Y EMPRENDIMIENTO SOLIDARIO AL AMPARO DE LA ORDEN HAC\/40\/2017, DE 31 DE AGOSTO, POR LA QUE SE ESTABLECEN LAS BASES REGULADORAS DE SUBVENCIONES PARA LA PUESTA EN MARCHA DE LANZADERAS DE EMPLEO Y EMPRENDIMIENTO SOLIDARIO EN EL \u00c1MBITO DE LA COMUNIDAD AUT\u00d3NOMA DE CANTABRIA.\"}]},{\"@type\":\"WebSite\",\"@id\":\"https:\/\/www.colindres.es\/#website\",\"url\":\"https:\/\/www.colindres.es\/\",\"name\":\"Ayuntamiento de Colindres\",\"description\":\"Dise\u00f1ado por NTIC&#039;s\",\"publisher\":{\"@id\":\"https:\/\/www.colindres.es\/#organization\"},\"potentialAction\":[{\"@type\":\"SearchAction\",\"target\":{\"@type\":\"EntryPoint\",\"urlTemplate\":\"https:\/\/www.colindres.es\/?s={search_term_string}\"},\"query-input\":{\"@type\":\"PropertyValueSpecification\",\"valueRequired\":true,\"valueName\":\"search_term_string\"}}],\"inLanguage\":\"es\"},{\"@type\":\"Organization\",\"@id\":\"https:\/\/www.colindres.es\/#organization\",\"name\":\"AYUNTAMIENTO DE COLINDRES\",\"url\":\"https:\/\/www.colindres.es\/\",\"logo\":{\"@type\":\"ImageObject\",\"inLanguage\":\"es\",\"@id\":\"https:\/\/www.colindres.es\/#\/schema\/logo\/image\/\",\"url\":\"https:\/\/www.colindres.es\/wp-content\/uploads\/2017\/01\/LOGO-PRINCIPAL.jpg\",\"contentUrl\":\"https:\/\/www.colindres.es\/wp-content\/uploads\/2017\/01\/LOGO-PRINCIPAL.jpg\",\"width\":1209,\"height\":579,\"caption\":\"AYUNTAMIENTO DE COLINDRES\"},\"image\":{\"@id\":\"https:\/\/www.colindres.es\/#\/schema\/logo\/image\/\"}},{\"@type\":\"Person\",\"@id\":\"https:\/\/www.colindres.es\/#\/schema\/person\/0225d0319539e212e866b144d841eafb\",\"name\":\"Ignacio S\u00e1inz San Emeterio\",\"image\":{\"@type\":\"ImageObject\",\"inLanguage\":\"es\",\"@id\":\"https:\/\/www.colindres.es\/#\/schema\/person\/image\/\",\"url\":\"https:\/\/secure.gravatar.com\/avatar\/c35e3c2e7764c40bdaf5a44f84884669f6fdecc485d5842b7a4b1a9d0c53eed8?s=96&d=mm&r=g\",\"contentUrl\":\"https:\/\/secure.gravatar.com\/avatar\/c35e3c2e7764c40bdaf5a44f84884669f6fdecc485d5842b7a4b1a9d0c53eed8?s=96&d=mm&r=g\",\"caption\":\"Ignacio S\u00e1inz San Emeterio\"},\"description\":\"Responsable Departamento NTIC's - Ayuntamiento de Colindres\",\"sameAs\":[\"https:\/\/www.colindres.es\",\"https:\/\/es-la.facebook.com\/ayuntamiento.colindres\/\",\"https:\/\/x.com\/https:\/\/twitter.com\/aytocolindres?lang=es\"],\"url\":\"https:\/\/www.colindres.es\/index.php\/author\/colindres\/\"}]}<\/script>\n<!-- \/ Yoast SEO plugin. -->","yoast_head_json":{"title":"ANUNCIO RELACI\u00d3N DE ADMITIDOS\/EXCLUIDOS PROVISIONAL PARA LA SELECCI\u00d3N DEL PUESTO DE TRABAJO: T\u00c9CNICO\/A COORDINADOR\/A DE LA LANZADERA DE EMPLEO Y EMPRENDIMIENTO SOLIDARIO AL AMPARO DE LA ORDEN HAC\/40\/2017, DE 31 DE AGOSTO, POR LA QUE SE ESTABLECEN LAS BASES REGULADORAS DE SUBVENCIONES PARA LA PUESTA EN MARCHA DE LANZADERAS DE EMPLEO Y EMPRENDIMIENTO SOLIDARIO EN EL \u00c1MBITO DE LA COMUNIDAD AUT\u00d3NOMA DE CANTABRIA. - Ayuntamiento de Colindres","robots":{"index":"index","follow":"follow","max-snippet":"max-snippet:-1","max-image-preview":"max-image-preview:large","max-video-preview":"max-video-preview:-1"},"canonical":"https:\/\/www.colindres.es\/index.php\/2018\/01\/02\/anuncio-relacion-de-admitidosexcluidos-provisional-para-la-seleccion-del-puesto-de-trabajo-tecnicoa-coordinadora-de-la-lanzadera-de-empleo-y-emprendimiento-solidario-al-amparo-de-la-orden-hac402\/","og_locale":"es_ES","og_type":"article","og_title":"ANUNCIO RELACI\u00d3N DE ADMITIDOS\/EXCLUIDOS PROVISIONAL PARA LA SELECCI\u00d3N DEL PUESTO DE TRABAJO: T\u00c9CNICO\/A COORDINADOR\/A DE LA LANZADERA DE EMPLEO Y EMPRENDIMIENTO SOLIDARIO AL AMPARO DE LA ORDEN HAC\/40\/2017, DE 31 DE AGOSTO, POR LA QUE SE ESTABLECEN LAS BASES REGULADORAS DE SUBVENCIONES PARA LA PUESTA EN MARCHA DE LANZADERAS DE EMPLEO Y EMPRENDIMIENTO SOLIDARIO EN EL \u00c1MBITO DE LA COMUNIDAD AUT\u00d3NOMA DE CANTABRIA. - Ayuntamiento de Colindres","og_description":"Por medio del presente anuncio, y una vez finalizado el plazo de presentaci\u00f3n de instancias, se da publicidad al Decreto de Alcald\u00eda 862\/2017, de 29 de diciembre de 2017, relativo a la relaci\u00f3n de admitidos\/excluidos provisional para la selecci\u00f3n de puesto de trabajo: T\u00c9CNICO\/A COORDINADOR\/A DE LA LANZADERA DE EMPLEO Y EMPRENDIMIENTO SOLIDARIO al amparo [&hellip;]","og_url":"https:\/\/www.colindres.es\/index.php\/2018\/01\/02\/anuncio-relacion-de-admitidosexcluidos-provisional-para-la-seleccion-del-puesto-de-trabajo-tecnicoa-coordinadora-de-la-lanzadera-de-empleo-y-emprendimiento-solidario-al-amparo-de-la-orden-hac402\/","og_site_name":"Ayuntamiento de Colindres","article_author":"https:\/\/es-la.facebook.com\/ayuntamiento.colindres\/","article_published_time":"2018-01-02T06:50:01+00:00","og_image":[{"width":1024,"height":363,"url":"https:\/\/www.colindres.es\/wp-content\/uploads\/2016\/09\/IMG_9250-2-1024x363.jpg","type":"image\/jpeg"}],"author":"Ignacio S\u00e1inz San Emeterio","twitter_card":"summary_large_image","twitter_creator":"@https:\/\/twitter.com\/aytocolindres?lang=es","twitter_misc":{"Escrito por":"Ignacio S\u00e1inz San Emeterio","Tiempo de lectura":"2 minutos"},"schema":{"@context":"https:\/\/schema.org","@graph":[{"@type":"Article","@id":"https:\/\/www.colindres.es\/index.php\/2018\/01\/02\/anuncio-relacion-de-admitidosexcluidos-provisional-para-la-seleccion-del-puesto-de-trabajo-tecnicoa-coordinadora-de-la-lanzadera-de-empleo-y-emprendimiento-solidario-al-amparo-de-la-orden-hac402\/#article","isPartOf":{"@id":"https:\/\/www.colindres.es\/index.php\/2018\/01\/02\/anuncio-relacion-de-admitidosexcluidos-provisional-para-la-seleccion-del-puesto-de-trabajo-tecnicoa-coordinadora-de-la-lanzadera-de-empleo-y-emprendimiento-solidario-al-amparo-de-la-orden-hac402\/"},"author":{"name":"Ignacio S\u00e1inz San Emeterio","@id":"https:\/\/www.colindres.es\/#\/schema\/person\/0225d0319539e212e866b144d841eafb"},"headline":"ANUNCIO RELACI\u00d3N DE ADMITIDOS\/EXCLUIDOS PROVISIONAL PARA LA SELECCI\u00d3N DEL PUESTO DE TRABAJO: T\u00c9CNICO\/A COORDINADOR\/A DE LA LANZADERA DE EMPLEO Y EMPRENDIMIENTO SOLIDARIO AL AMPARO DE LA ORDEN HAC\/40\/2017, DE 31 DE AGOSTO, POR LA QUE SE ESTABLECEN LAS BASES REGULADORAS DE SUBVENCIONES PARA LA PUESTA EN MARCHA DE LANZADERAS DE EMPLEO Y EMPRENDIMIENTO SOLIDARIO EN EL \u00c1MBITO DE LA COMUNIDAD AUT\u00d3NOMA DE CANTABRIA.","datePublished":"2018-01-02T06:50:01+00:00","mainEntityOfPage":{"@id":"https:\/\/www.colindres.es\/index.php\/2018\/01\/02\/anuncio-relacion-de-admitidosexcluidos-provisional-para-la-seleccion-del-puesto-de-trabajo-tecnicoa-coordinadora-de-la-lanzadera-de-empleo-y-emprendimiento-solidario-al-amparo-de-la-orden-hac402\/"},"wordCount":424,"commentCount":0,"publisher":{"@id":"https:\/\/www.colindres.es\/#organization"},"image":{"@id":"https:\/\/www.colindres.es\/index.php\/2018\/01\/02\/anuncio-relacion-de-admitidosexcluidos-provisional-para-la-seleccion-del-puesto-de-trabajo-tecnicoa-coordinadora-de-la-lanzadera-de-empleo-y-emprendimiento-solidario-al-amparo-de-la-orden-hac402\/#primaryimage"},"thumbnailUrl":"https:\/\/www.colindres.es\/wp-content\/uploads\/2016\/09\/IMG_9250-2.jpg","articleSection":["Anuncios"],"inLanguage":"es","potentialAction":[{"@type":"CommentAction","name":"Comment","target":["https:\/\/www.colindres.es\/index.php\/2018\/01\/02\/anuncio-relacion-de-admitidosexcluidos-provisional-para-la-seleccion-del-puesto-de-trabajo-tecnicoa-coordinadora-de-la-lanzadera-de-empleo-y-emprendimiento-solidario-al-amparo-de-la-orden-hac402\/#respond"]}]},{"@type":"WebPage","@id":"https:\/\/www.colindres.es\/index.php\/2018\/01\/02\/anuncio-relacion-de-admitidosexcluidos-provisional-para-la-seleccion-del-puesto-de-trabajo-tecnicoa-coordinadora-de-la-lanzadera-de-empleo-y-emprendimiento-solidario-al-amparo-de-la-orden-hac402\/","url":"https:\/\/www.colindres.es\/index.php\/2018\/01\/02\/anuncio-relacion-de-admitidosexcluidos-provisional-para-la-seleccion-del-puesto-de-trabajo-tecnicoa-coordinadora-de-la-lanzadera-de-empleo-y-emprendimiento-solidario-al-amparo-de-la-orden-hac402\/","name":"ANUNCIO RELACI\u00d3N DE ADMITIDOS\/EXCLUIDOS PROVISIONAL PARA LA SELECCI\u00d3N DEL PUESTO DE TRABAJO: T\u00c9CNICO\/A COORDINADOR\/A DE LA LANZADERA DE EMPLEO Y EMPRENDIMIENTO SOLIDARIO AL AMPARO DE LA ORDEN HAC\/40\/2017, DE 31 DE AGOSTO, POR LA QUE SE ESTABLECEN LAS BASES REGULADORAS DE SUBVENCIONES PARA LA PUESTA EN MARCHA DE LANZADERAS DE EMPLEO Y EMPRENDIMIENTO SOLIDARIO EN EL \u00c1MBITO DE LA COMUNIDAD AUT\u00d3NOMA DE CANTABRIA. - Ayuntamiento de Colindres","isPartOf":{"@id":"https:\/\/www.colindres.es\/#website"},"primaryImageOfPage":{"@id":"https:\/\/www.colindres.es\/index.php\/2018\/01\/02\/anuncio-relacion-de-admitidosexcluidos-provisional-para-la-seleccion-del-puesto-de-trabajo-tecnicoa-coordinadora-de-la-lanzadera-de-empleo-y-emprendimiento-solidario-al-amparo-de-la-orden-hac402\/#primaryimage"},"image":{"@id":"https:\/\/www.colindres.es\/index.php\/2018\/01\/02\/anuncio-relacion-de-admitidosexcluidos-provisional-para-la-seleccion-del-puesto-de-trabajo-tecnicoa-coordinadora-de-la-lanzadera-de-empleo-y-emprendimiento-solidario-al-amparo-de-la-orden-hac402\/#primaryimage"},"thumbnailUrl":"https:\/\/www.colindres.es\/wp-content\/uploads\/2016\/09\/IMG_9250-2.jpg","datePublished":"2018-01-02T06:50:01+00:00","breadcrumb":{"@id":"https:\/\/www.colindres.es\/index.php\/2018\/01\/02\/anuncio-relacion-de-admitidosexcluidos-provisional-para-la-seleccion-del-puesto-de-trabajo-tecnicoa-coordinadora-de-la-lanzadera-de-empleo-y-emprendimiento-solidario-al-amparo-de-la-orden-hac402\/#breadcrumb"},"inLanguage":"es","potentialAction":[{"@type":"ReadAction","target":["https:\/\/www.colindres.es\/index.php\/2018\/01\/02\/anuncio-relacion-de-admitidosexcluidos-provisional-para-la-seleccion-del-puesto-de-trabajo-tecnicoa-coordinadora-de-la-lanzadera-de-empleo-y-emprendimiento-solidario-al-amparo-de-la-orden-hac402\/"]}]},{"@type":"ImageObject","inLanguage":"es","@id":"https:\/\/www.colindres.es\/index.php\/2018\/01\/02\/anuncio-relacion-de-admitidosexcluidos-provisional-para-la-seleccion-del-puesto-de-trabajo-tecnicoa-coordinadora-de-la-lanzadera-de-empleo-y-emprendimiento-solidario-al-amparo-de-la-orden-hac402\/#primaryimage","url":"https:\/\/www.colindres.es\/wp-content\/uploads\/2016\/09\/IMG_9250-2.jpg","contentUrl":"https:\/\/www.colindres.es\/wp-content\/uploads\/2016\/09\/IMG_9250-2.jpg","width":10558,"height":3738},{"@type":"BreadcrumbList","@id":"https:\/\/www.colindres.es\/index.php\/2018\/01\/02\/anuncio-relacion-de-admitidosexcluidos-provisional-para-la-seleccion-del-puesto-de-trabajo-tecnicoa-coordinadora-de-la-lanzadera-de-empleo-y-emprendimiento-solidario-al-amparo-de-la-orden-hac402\/#breadcrumb","itemListElement":[{"@type":"ListItem","position":1,"name":"Portada","item":"https:\/\/www.colindres.es\/"},{"@type":"ListItem","position":2,"name":"ANUNCIO RELACI\u00d3N DE ADMITIDOS\/EXCLUIDOS PROVISIONAL PARA LA SELECCI\u00d3N DEL PUESTO DE TRABAJO: T\u00c9CNICO\/A COORDINADOR\/A DE LA LANZADERA DE EMPLEO Y EMPRENDIMIENTO SOLIDARIO AL AMPARO DE LA ORDEN HAC\/40\/2017, DE 31 DE AGOSTO, POR LA QUE SE ESTABLECEN LAS BASES REGULADORAS DE SUBVENCIONES PARA LA PUESTA EN MARCHA DE LANZADERAS DE EMPLEO Y EMPRENDIMIENTO SOLIDARIO EN EL \u00c1MBITO DE LA COMUNIDAD AUT\u00d3NOMA DE CANTABRIA."}]},{"@type":"WebSite","@id":"https:\/\/www.colindres.es\/#website","url":"https:\/\/www.colindres.es\/","name":"Ayuntamiento de Colindres","description":"Dise\u00f1ado por NTIC&#039;s","publisher":{"@id":"https:\/\/www.colindres.es\/#organization"},"potentialAction":[{"@type":"SearchAction","target":{"@type":"EntryPoint","urlTemplate":"https:\/\/www.colindres.es\/?s={search_term_string}"},"query-input":{"@type":"PropertyValueSpecification","valueRequired":true,"valueName":"search_term_string"}}],"inLanguage":"es"},{"@type":"Organization","@id":"https:\/\/www.colindres.es\/#organization","name":"AYUNTAMIENTO DE COLINDRES","url":"https:\/\/www.colindres.es\/","logo":{"@type":"ImageObject","inLanguage":"es","@id":"https:\/\/www.colindres.es\/#\/schema\/logo\/image\/","url":"https:\/\/www.colindres.es\/wp-content\/uploads\/2017\/01\/LOGO-PRINCIPAL.jpg","contentUrl":"https:\/\/www.colindres.es\/wp-content\/uploads\/2017\/01\/LOGO-PRINCIPAL.jpg","width":1209,"height":579,"caption":"AYUNTAMIENTO DE COLINDRES"},"image":{"@id":"https:\/\/www.colindres.es\/#\/schema\/logo\/image\/"}},{"@type":"Person","@id":"https:\/\/www.colindres.es\/#\/schema\/person\/0225d0319539e212e866b144d841eafb","name":"Ignacio S\u00e1inz San Emeterio","image":{"@type":"ImageObject","inLanguage":"es","@id":"https:\/\/www.colindres.es\/#\/schema\/person\/image\/","url":"https:\/\/secure.gravatar.com\/avatar\/c35e3c2e7764c40bdaf5a44f84884669f6fdecc485d5842b7a4b1a9d0c53eed8?s=96&d=mm&r=g","contentUrl":"https:\/\/secure.gravatar.com\/avatar\/c35e3c2e7764c40bdaf5a44f84884669f6fdecc485d5842b7a4b1a9d0c53eed8?s=96&d=mm&r=g","caption":"Ignacio S\u00e1inz San Emeterio"},"description":"Responsable Departamento NTIC's - Ayuntamiento de Colindres","sameAs":["https:\/\/www.colindres.es","https:\/\/es-la.facebook.com\/ayuntamiento.colindres\/","https:\/\/x.com\/https:\/\/twitter.com\/aytocolindres?lang=es"],"url":"https:\/\/www.colindres.es\/index.php\/author\/colindres\/"}]}},"_links":{"self":[{"href":"https:\/\/www.colindres.es\/index.php\/wp-json\/wp\/v2\/posts\/1213","targetHints":{"allow":["GET"]}}],"collection":[{"href":"https:\/\/www.colindres.es\/index.php\/wp-json\/wp\/v2\/posts"}],"about":[{"href":"https:\/\/www.colindres.es\/index.php\/wp-json\/wp\/v2\/types\/post"}],"author":[{"embeddable":true,"href":"https:\/\/www.colindres.es\/index.php\/wp-json\/wp\/v2\/users\/1"}],"replies":[{"embeddable":true,"href":"https:\/\/www.colindres.es\/index.php\/wp-json\/wp\/v2\/comments?post=1213"}],"version-history":[{"count":1,"href":"https:\/\/www.colindres.es\/index.php\/wp-json\/wp\/v2\/posts\/1213\/revisions"}],"predecessor-version":[{"id":1214,"href":"https:\/\/www.colindres.es\/index.php\/wp-json\/wp\/v2\/posts\/1213\/revisions\/1214"}],"wp:featuredmedia":[{"embeddable":true,"href":"https:\/\/www.colindres.es\/index.php\/wp-json\/wp\/v2\/media\/206"}],"wp:attachment":[{"href":"https:\/\/www.colindres.es\/index.php\/wp-json\/wp\/v2\/media?parent=1213"}],"wp:term":[{"taxonomy":"category","embeddable":true,"href":"https:\/\/www.colindres.es\/index.php\/wp-json\/wp\/v2\/categories?post=1213"},{"taxonomy":"post_tag","embeddable":true,"href":"https:\/\/www.colindres.es\/index.php\/wp-json\/wp\/v2\/tags?post=1213"}],"curies":[{"name":"wp","href":"https:\/\/api.w.org\/{rel}","templated":true}]}}