{"id":1203,"date":"2017-12-28T09:25:59","date_gmt":"2017-12-28T09:25:59","guid":{"rendered":"http:\/\/colindres.es\/?p=1203"},"modified":"2017-12-28T09:25:59","modified_gmt":"2017-12-28T09:25:59","slug":"bando-programa-de-termalismo-social-para-mayores-del-imserso-balnearios","status":"publish","type":"post","link":"https:\/\/www.colindres.es\/index.php\/2017\/12\/28\/bando-programa-de-termalismo-social-para-mayores-del-imserso-balnearios\/","title":{"rendered":"BANDO &#8211; PROGRAMA DE TERMALISMO SOCIAL PARA MAYORES DEL IMSERSO (BALNEARIOS)"},"content":{"rendered":"<p>Por medio del presente Bando se pone en conocimiento de los vecinos\/as de Colindres la siguiente informaci\u00f3n en relaci\u00f3n con el PROGRAMA DE TERMALISMO SOCIAL PARA MAYORES DEL IMSERSO (BALNEARIOS)<\/p>\n<p>PLAZOS PARA LA PRESENTACI\u00d3N DE SOLICITUDES:<\/p>\n<p>\u2022 Para los turnos de febrero hasta agosto, ambos inclusive:<\/p>\n<p>\uf0d8 Con prioridad en la adjudicaci\u00f3n de plazas, hasta el d\u00eda 4 de enero de 2018<br \/>\n\uf0d8 Para su inclusi\u00f3n, en el orden que corresponda, en la lista de espera de plazas, hasta el 10 de mayo de 2018<\/p>\n<p>\u2022 Para los turnos de los meses de septiembre a diciembre, ambos inclusive:<\/p>\n<p>\uf0d8 Con prioridad en la adjudicaci\u00f3n de plaza, hasta el d\u00eda 11 de mayo de 2018<br \/>\n\uf0d8 Para su inclusi\u00f3n en el orden que corresponda, en la lista de espera de plazas, hasta el d\u00eda 31 de octubre de 2018.<\/p>\n<p>La adjudicaci\u00f3n de plaza adoptada se notifica por escrito a todos los solicitantes.<\/p>\n<p>DURACION DE ESTANCIAS Y TRATAMIENTOS:<\/p>\n<p>\u2022 Turnos de 12 dias y 11 noches<br \/>\n\u2022 TurnosBANDO<\/p>\n<p>Por medio del presente Bando se pone en conocimiento de los vecinos\/as de Colindres la siguiente informaci\u00f3n en relaci\u00f3n con el PROGRAMA DE TERMALISMO SOCIAL PARA MAYORES DEL IMSERSO (BALNEARIOS)<\/p>\n<p>PLAZOS PARA LA PRESENTACI\u00d3N DE SOLICITUDES:<\/p>\n<p>\u2022 Para los turnos de febrero hasta agosto, ambos inclusive:<\/p>\n<p>\uf0d8 Con prioridad en la adjudicaci\u00f3n de plazas, hasta el d\u00eda 4 de enero de 2018<br \/>\n\uf0d8 Para su inclusi\u00f3n, en el orden que corresponda, en la lista de espera de plazas, hasta el 10 de mayo de 2018<\/p>\n<p>\u2022 Para los turnos de los meses de septiembre a diciembre, ambos inclusive:<\/p>\n<p>\uf0d8 Con prioridad en la adjudicaci\u00f3n de plaza, hasta el d\u00eda 11 de mayo de 2018<br \/>\n\uf0d8 Para su inclusi\u00f3n en el orden que corresponda, en la lista de espera de plazas, hasta el d\u00eda 31 de octubre de 2018.<\/p>\n<p>La adjudicaci\u00f3n de plaza adoptada se notifica por escrito a todos los solicitantes.<\/p>\n<p>DURACION DE ESTANCIAS Y TRATAMIENTOS:<\/p>\n<p>\u2022 Turnos de 12 dias y 11 noches<br \/>\n\u2022 Turnos de 10 d\u00edas y 9 noches<\/p>\n<p>Informaci\u00f3n: Servicios Sociales del Ayto. de Colindres (tel\u00e9fono 942682993)<\/p>\n<p>Colindres, a 5 de diciembre de 2017<\/p>\n<p>El Alcalde La Concejala de Bienestar Social<\/p>\n<p>Fdo.: Javier Incera Goyenechea Fdo.: Mar\u00eda Eugenia Casta\u00f1eda Arrasate<br \/>\nde 10 d\u00edas y 9 noches<\/p>\n<p>Informaci\u00f3n: Servicios Sociales del Ayto. de Colindres (tel\u00e9fono 942682993)<\/p>\n<p>Colindres, a 5 de diciembre de 2017<\/p>\n<p>El Alcalde La Concejala de Bienestar Social<\/p>\n<p>Fdo.: Javier Incera Goyenechea Fdo.: Mar\u00eda Eugenia Casta\u00f1eda Arrasate<\/p>\n","protected":false},"excerpt":{"rendered":"<p>Por medio del presente Bando se pone en conocimiento de los vecinos\/as de Colindres la siguiente informaci\u00f3n en relaci\u00f3n con el PROGRAMA DE TERMALISMO SOCIAL PARA MAYORES DEL IMSERSO (BALNEARIOS) PLAZOS PARA LA PRESENTACI\u00d3N DE SOLICITUDES: \u2022 Para los turnos de febrero hasta agosto, ambos inclusive: \uf0d8 Con prioridad en la adjudicaci\u00f3n de plazas, hasta [&hellip;]<\/p>\n","protected":false},"author":1,"featured_media":206,"comment_status":"open","ping_status":"closed","sticky":false,"template":"","format":"standard","meta":{"_et_pb_use_builder":"","_et_pb_old_content":"","_et_gb_content_width":"","footnotes":""},"categories":[4],"tags":[],"class_list":["post-1203","post","type-post","status-publish","format-standard","has-post-thumbnail","hentry","category-bandos-y-varios"],"yoast_head":"<!-- This site is optimized with the Yoast SEO plugin v24.9 - https:\/\/yoast.com\/wordpress\/plugins\/seo\/ -->\n<title>BANDO - PROGRAMA DE TERMALISMO SOCIAL PARA MAYORES DEL IMSERSO (BALNEARIOS) - Ayuntamiento de Colindres<\/title>\n<meta name=\"robots\" content=\"index, follow, max-snippet:-1, max-image-preview:large, max-video-preview:-1\" \/>\n<link rel=\"canonical\" href=\"https:\/\/www.colindres.es\/index.php\/2017\/12\/28\/bando-programa-de-termalismo-social-para-mayores-del-imserso-balnearios\/\" \/>\n<meta property=\"og:locale\" content=\"es_ES\" \/>\n<meta property=\"og:type\" content=\"article\" \/>\n<meta property=\"og:title\" content=\"BANDO - PROGRAMA DE TERMALISMO SOCIAL PARA MAYORES DEL IMSERSO (BALNEARIOS) - Ayuntamiento de Colindres\" \/>\n<meta property=\"og:description\" content=\"Por medio del presente Bando se pone en conocimiento de los vecinos\/as de Colindres la siguiente informaci\u00f3n en relaci\u00f3n con el PROGRAMA DE TERMALISMO SOCIAL PARA MAYORES DEL IMSERSO (BALNEARIOS) PLAZOS PARA LA PRESENTACI\u00d3N DE SOLICITUDES: \u2022 Para los turnos de febrero hasta agosto, ambos inclusive: \uf0d8 Con prioridad en la adjudicaci\u00f3n de plazas, hasta [&hellip;]\" \/>\n<meta property=\"og:url\" content=\"https:\/\/www.colindres.es\/index.php\/2017\/12\/28\/bando-programa-de-termalismo-social-para-mayores-del-imserso-balnearios\/\" \/>\n<meta property=\"og:site_name\" content=\"Ayuntamiento de Colindres\" \/>\n<meta property=\"article:author\" content=\"https:\/\/es-la.facebook.com\/ayuntamiento.colindres\/\" \/>\n<meta property=\"article:published_time\" content=\"2017-12-28T09:25:59+00:00\" \/>\n<meta property=\"og:image\" content=\"https:\/\/www.colindres.es\/wp-content\/uploads\/2016\/09\/IMG_9250-2-1024x363.jpg\" \/>\n\t<meta property=\"og:image:width\" content=\"1024\" \/>\n\t<meta property=\"og:image:height\" content=\"363\" \/>\n\t<meta property=\"og:image:type\" content=\"image\/jpeg\" \/>\n<meta name=\"author\" content=\"Ignacio S\u00e1inz San Emeterio\" \/>\n<meta name=\"twitter:card\" content=\"summary_large_image\" \/>\n<meta name=\"twitter:creator\" content=\"@https:\/\/twitter.com\/aytocolindres?lang=es\" \/>\n<meta name=\"twitter:label1\" content=\"Escrito por\" \/>\n\t<meta name=\"twitter:data1\" content=\"Ignacio S\u00e1inz San Emeterio\" \/>\n\t<meta name=\"twitter:label2\" content=\"Tiempo de lectura\" \/>\n\t<meta name=\"twitter:data2\" content=\"2 minutos\" \/>\n<script type=\"application\/ld+json\" class=\"yoast-schema-graph\">{\"@context\":\"https:\/\/schema.org\",\"@graph\":[{\"@type\":\"Article\",\"@id\":\"https:\/\/www.colindres.es\/index.php\/2017\/12\/28\/bando-programa-de-termalismo-social-para-mayores-del-imserso-balnearios\/#article\",\"isPartOf\":{\"@id\":\"https:\/\/www.colindres.es\/index.php\/2017\/12\/28\/bando-programa-de-termalismo-social-para-mayores-del-imserso-balnearios\/\"},\"author\":{\"name\":\"Ignacio S\u00e1inz San Emeterio\",\"@id\":\"https:\/\/www.colindres.es\/#\/schema\/person\/0225d0319539e212e866b144d841eafb\"},\"headline\":\"BANDO &#8211; PROGRAMA DE TERMALISMO SOCIAL PARA MAYORES DEL IMSERSO (BALNEARIOS)\",\"datePublished\":\"2017-12-28T09:25:59+00:00\",\"mainEntityOfPage\":{\"@id\":\"https:\/\/www.colindres.es\/index.php\/2017\/12\/28\/bando-programa-de-termalismo-social-para-mayores-del-imserso-balnearios\/\"},\"wordCount\":415,\"commentCount\":0,\"publisher\":{\"@id\":\"https:\/\/www.colindres.es\/#organization\"},\"image\":{\"@id\":\"https:\/\/www.colindres.es\/index.php\/2017\/12\/28\/bando-programa-de-termalismo-social-para-mayores-del-imserso-balnearios\/#primaryimage\"},\"thumbnailUrl\":\"https:\/\/www.colindres.es\/wp-content\/uploads\/2016\/09\/IMG_9250-2.jpg\",\"articleSection\":[\"Bandos\"],\"inLanguage\":\"es\",\"potentialAction\":[{\"@type\":\"CommentAction\",\"name\":\"Comment\",\"target\":[\"https:\/\/www.colindres.es\/index.php\/2017\/12\/28\/bando-programa-de-termalismo-social-para-mayores-del-imserso-balnearios\/#respond\"]}]},{\"@type\":\"WebPage\",\"@id\":\"https:\/\/www.colindres.es\/index.php\/2017\/12\/28\/bando-programa-de-termalismo-social-para-mayores-del-imserso-balnearios\/\",\"url\":\"https:\/\/www.colindres.es\/index.php\/2017\/12\/28\/bando-programa-de-termalismo-social-para-mayores-del-imserso-balnearios\/\",\"name\":\"BANDO - PROGRAMA DE TERMALISMO SOCIAL PARA MAYORES DEL IMSERSO (BALNEARIOS) - Ayuntamiento de Colindres\",\"isPartOf\":{\"@id\":\"https:\/\/www.colindres.es\/#website\"},\"primaryImageOfPage\":{\"@id\":\"https:\/\/www.colindres.es\/index.php\/2017\/12\/28\/bando-programa-de-termalismo-social-para-mayores-del-imserso-balnearios\/#primaryimage\"},\"image\":{\"@id\":\"https:\/\/www.colindres.es\/index.php\/2017\/12\/28\/bando-programa-de-termalismo-social-para-mayores-del-imserso-balnearios\/#primaryimage\"},\"thumbnailUrl\":\"https:\/\/www.colindres.es\/wp-content\/uploads\/2016\/09\/IMG_9250-2.jpg\",\"datePublished\":\"2017-12-28T09:25:59+00:00\",\"breadcrumb\":{\"@id\":\"https:\/\/www.colindres.es\/index.php\/2017\/12\/28\/bando-programa-de-termalismo-social-para-mayores-del-imserso-balnearios\/#breadcrumb\"},\"inLanguage\":\"es\",\"potentialAction\":[{\"@type\":\"ReadAction\",\"target\":[\"https:\/\/www.colindres.es\/index.php\/2017\/12\/28\/bando-programa-de-termalismo-social-para-mayores-del-imserso-balnearios\/\"]}]},{\"@type\":\"ImageObject\",\"inLanguage\":\"es\",\"@id\":\"https:\/\/www.colindres.es\/index.php\/2017\/12\/28\/bando-programa-de-termalismo-social-para-mayores-del-imserso-balnearios\/#primaryimage\",\"url\":\"https:\/\/www.colindres.es\/wp-content\/uploads\/2016\/09\/IMG_9250-2.jpg\",\"contentUrl\":\"https:\/\/www.colindres.es\/wp-content\/uploads\/2016\/09\/IMG_9250-2.jpg\",\"width\":10558,\"height\":3738},{\"@type\":\"BreadcrumbList\",\"@id\":\"https:\/\/www.colindres.es\/index.php\/2017\/12\/28\/bando-programa-de-termalismo-social-para-mayores-del-imserso-balnearios\/#breadcrumb\",\"itemListElement\":[{\"@type\":\"ListItem\",\"position\":1,\"name\":\"Portada\",\"item\":\"https:\/\/www.colindres.es\/\"},{\"@type\":\"ListItem\",\"position\":2,\"name\":\"BANDO &#8211; PROGRAMA DE TERMALISMO SOCIAL PARA MAYORES DEL IMSERSO (BALNEARIOS)\"}]},{\"@type\":\"WebSite\",\"@id\":\"https:\/\/www.colindres.es\/#website\",\"url\":\"https:\/\/www.colindres.es\/\",\"name\":\"Ayuntamiento de Colindres\",\"description\":\"Dise\u00f1ado por NTIC&#039;s\",\"publisher\":{\"@id\":\"https:\/\/www.colindres.es\/#organization\"},\"potentialAction\":[{\"@type\":\"SearchAction\",\"target\":{\"@type\":\"EntryPoint\",\"urlTemplate\":\"https:\/\/www.colindres.es\/?s={search_term_string}\"},\"query-input\":{\"@type\":\"PropertyValueSpecification\",\"valueRequired\":true,\"valueName\":\"search_term_string\"}}],\"inLanguage\":\"es\"},{\"@type\":\"Organization\",\"@id\":\"https:\/\/www.colindres.es\/#organization\",\"name\":\"AYUNTAMIENTO DE COLINDRES\",\"url\":\"https:\/\/www.colindres.es\/\",\"logo\":{\"@type\":\"ImageObject\",\"inLanguage\":\"es\",\"@id\":\"https:\/\/www.colindres.es\/#\/schema\/logo\/image\/\",\"url\":\"https:\/\/www.colindres.es\/wp-content\/uploads\/2017\/01\/LOGO-PRINCIPAL.jpg\",\"contentUrl\":\"https:\/\/www.colindres.es\/wp-content\/uploads\/2017\/01\/LOGO-PRINCIPAL.jpg\",\"width\":1209,\"height\":579,\"caption\":\"AYUNTAMIENTO DE COLINDRES\"},\"image\":{\"@id\":\"https:\/\/www.colindres.es\/#\/schema\/logo\/image\/\"}},{\"@type\":\"Person\",\"@id\":\"https:\/\/www.colindres.es\/#\/schema\/person\/0225d0319539e212e866b144d841eafb\",\"name\":\"Ignacio S\u00e1inz San Emeterio\",\"image\":{\"@type\":\"ImageObject\",\"inLanguage\":\"es\",\"@id\":\"https:\/\/www.colindres.es\/#\/schema\/person\/image\/\",\"url\":\"https:\/\/secure.gravatar.com\/avatar\/c35e3c2e7764c40bdaf5a44f84884669f6fdecc485d5842b7a4b1a9d0c53eed8?s=96&d=mm&r=g\",\"contentUrl\":\"https:\/\/secure.gravatar.com\/avatar\/c35e3c2e7764c40bdaf5a44f84884669f6fdecc485d5842b7a4b1a9d0c53eed8?s=96&d=mm&r=g\",\"caption\":\"Ignacio S\u00e1inz San Emeterio\"},\"description\":\"Responsable Departamento NTIC's - Ayuntamiento de Colindres\",\"sameAs\":[\"https:\/\/www.colindres.es\",\"https:\/\/es-la.facebook.com\/ayuntamiento.colindres\/\",\"https:\/\/x.com\/https:\/\/twitter.com\/aytocolindres?lang=es\"],\"url\":\"https:\/\/www.colindres.es\/index.php\/author\/colindres\/\"}]}<\/script>\n<!-- \/ Yoast SEO plugin. -->","yoast_head_json":{"title":"BANDO - PROGRAMA DE TERMALISMO SOCIAL PARA MAYORES DEL IMSERSO (BALNEARIOS) - Ayuntamiento de Colindres","robots":{"index":"index","follow":"follow","max-snippet":"max-snippet:-1","max-image-preview":"max-image-preview:large","max-video-preview":"max-video-preview:-1"},"canonical":"https:\/\/www.colindres.es\/index.php\/2017\/12\/28\/bando-programa-de-termalismo-social-para-mayores-del-imserso-balnearios\/","og_locale":"es_ES","og_type":"article","og_title":"BANDO - PROGRAMA DE TERMALISMO SOCIAL PARA MAYORES DEL IMSERSO (BALNEARIOS) - Ayuntamiento de Colindres","og_description":"Por medio del presente Bando se pone en conocimiento de los vecinos\/as de Colindres la siguiente informaci\u00f3n en relaci\u00f3n con el PROGRAMA DE TERMALISMO SOCIAL PARA MAYORES DEL IMSERSO (BALNEARIOS) PLAZOS PARA LA PRESENTACI\u00d3N DE SOLICITUDES: \u2022 Para los turnos de febrero hasta agosto, ambos inclusive: \uf0d8 Con prioridad en la adjudicaci\u00f3n de plazas, hasta [&hellip;]","og_url":"https:\/\/www.colindres.es\/index.php\/2017\/12\/28\/bando-programa-de-termalismo-social-para-mayores-del-imserso-balnearios\/","og_site_name":"Ayuntamiento de Colindres","article_author":"https:\/\/es-la.facebook.com\/ayuntamiento.colindres\/","article_published_time":"2017-12-28T09:25:59+00:00","og_image":[{"width":1024,"height":363,"url":"https:\/\/www.colindres.es\/wp-content\/uploads\/2016\/09\/IMG_9250-2-1024x363.jpg","type":"image\/jpeg"}],"author":"Ignacio S\u00e1inz San Emeterio","twitter_card":"summary_large_image","twitter_creator":"@https:\/\/twitter.com\/aytocolindres?lang=es","twitter_misc":{"Escrito por":"Ignacio S\u00e1inz San Emeterio","Tiempo de lectura":"2 minutos"},"schema":{"@context":"https:\/\/schema.org","@graph":[{"@type":"Article","@id":"https:\/\/www.colindres.es\/index.php\/2017\/12\/28\/bando-programa-de-termalismo-social-para-mayores-del-imserso-balnearios\/#article","isPartOf":{"@id":"https:\/\/www.colindres.es\/index.php\/2017\/12\/28\/bando-programa-de-termalismo-social-para-mayores-del-imserso-balnearios\/"},"author":{"name":"Ignacio S\u00e1inz San Emeterio","@id":"https:\/\/www.colindres.es\/#\/schema\/person\/0225d0319539e212e866b144d841eafb"},"headline":"BANDO &#8211; PROGRAMA DE TERMALISMO SOCIAL PARA MAYORES DEL IMSERSO (BALNEARIOS)","datePublished":"2017-12-28T09:25:59+00:00","mainEntityOfPage":{"@id":"https:\/\/www.colindres.es\/index.php\/2017\/12\/28\/bando-programa-de-termalismo-social-para-mayores-del-imserso-balnearios\/"},"wordCount":415,"commentCount":0,"publisher":{"@id":"https:\/\/www.colindres.es\/#organization"},"image":{"@id":"https:\/\/www.colindres.es\/index.php\/2017\/12\/28\/bando-programa-de-termalismo-social-para-mayores-del-imserso-balnearios\/#primaryimage"},"thumbnailUrl":"https:\/\/www.colindres.es\/wp-content\/uploads\/2016\/09\/IMG_9250-2.jpg","articleSection":["Bandos"],"inLanguage":"es","potentialAction":[{"@type":"CommentAction","name":"Comment","target":["https:\/\/www.colindres.es\/index.php\/2017\/12\/28\/bando-programa-de-termalismo-social-para-mayores-del-imserso-balnearios\/#respond"]}]},{"@type":"WebPage","@id":"https:\/\/www.colindres.es\/index.php\/2017\/12\/28\/bando-programa-de-termalismo-social-para-mayores-del-imserso-balnearios\/","url":"https:\/\/www.colindres.es\/index.php\/2017\/12\/28\/bando-programa-de-termalismo-social-para-mayores-del-imserso-balnearios\/","name":"BANDO - PROGRAMA DE TERMALISMO SOCIAL PARA MAYORES DEL IMSERSO (BALNEARIOS) - Ayuntamiento de Colindres","isPartOf":{"@id":"https:\/\/www.colindres.es\/#website"},"primaryImageOfPage":{"@id":"https:\/\/www.colindres.es\/index.php\/2017\/12\/28\/bando-programa-de-termalismo-social-para-mayores-del-imserso-balnearios\/#primaryimage"},"image":{"@id":"https:\/\/www.colindres.es\/index.php\/2017\/12\/28\/bando-programa-de-termalismo-social-para-mayores-del-imserso-balnearios\/#primaryimage"},"thumbnailUrl":"https:\/\/www.colindres.es\/wp-content\/uploads\/2016\/09\/IMG_9250-2.jpg","datePublished":"2017-12-28T09:25:59+00:00","breadcrumb":{"@id":"https:\/\/www.colindres.es\/index.php\/2017\/12\/28\/bando-programa-de-termalismo-social-para-mayores-del-imserso-balnearios\/#breadcrumb"},"inLanguage":"es","potentialAction":[{"@type":"ReadAction","target":["https:\/\/www.colindres.es\/index.php\/2017\/12\/28\/bando-programa-de-termalismo-social-para-mayores-del-imserso-balnearios\/"]}]},{"@type":"ImageObject","inLanguage":"es","@id":"https:\/\/www.colindres.es\/index.php\/2017\/12\/28\/bando-programa-de-termalismo-social-para-mayores-del-imserso-balnearios\/#primaryimage","url":"https:\/\/www.colindres.es\/wp-content\/uploads\/2016\/09\/IMG_9250-2.jpg","contentUrl":"https:\/\/www.colindres.es\/wp-content\/uploads\/2016\/09\/IMG_9250-2.jpg","width":10558,"height":3738},{"@type":"BreadcrumbList","@id":"https:\/\/www.colindres.es\/index.php\/2017\/12\/28\/bando-programa-de-termalismo-social-para-mayores-del-imserso-balnearios\/#breadcrumb","itemListElement":[{"@type":"ListItem","position":1,"name":"Portada","item":"https:\/\/www.colindres.es\/"},{"@type":"ListItem","position":2,"name":"BANDO &#8211; PROGRAMA DE TERMALISMO SOCIAL PARA MAYORES DEL IMSERSO (BALNEARIOS)"}]},{"@type":"WebSite","@id":"https:\/\/www.colindres.es\/#website","url":"https:\/\/www.colindres.es\/","name":"Ayuntamiento de Colindres","description":"Dise\u00f1ado por NTIC&#039;s","publisher":{"@id":"https:\/\/www.colindres.es\/#organization"},"potentialAction":[{"@type":"SearchAction","target":{"@type":"EntryPoint","urlTemplate":"https:\/\/www.colindres.es\/?s={search_term_string}"},"query-input":{"@type":"PropertyValueSpecification","valueRequired":true,"valueName":"search_term_string"}}],"inLanguage":"es"},{"@type":"Organization","@id":"https:\/\/www.colindres.es\/#organization","name":"AYUNTAMIENTO DE COLINDRES","url":"https:\/\/www.colindres.es\/","logo":{"@type":"ImageObject","inLanguage":"es","@id":"https:\/\/www.colindres.es\/#\/schema\/logo\/image\/","url":"https:\/\/www.colindres.es\/wp-content\/uploads\/2017\/01\/LOGO-PRINCIPAL.jpg","contentUrl":"https:\/\/www.colindres.es\/wp-content\/uploads\/2017\/01\/LOGO-PRINCIPAL.jpg","width":1209,"height":579,"caption":"AYUNTAMIENTO DE COLINDRES"},"image":{"@id":"https:\/\/www.colindres.es\/#\/schema\/logo\/image\/"}},{"@type":"Person","@id":"https:\/\/www.colindres.es\/#\/schema\/person\/0225d0319539e212e866b144d841eafb","name":"Ignacio S\u00e1inz San Emeterio","image":{"@type":"ImageObject","inLanguage":"es","@id":"https:\/\/www.colindres.es\/#\/schema\/person\/image\/","url":"https:\/\/secure.gravatar.com\/avatar\/c35e3c2e7764c40bdaf5a44f84884669f6fdecc485d5842b7a4b1a9d0c53eed8?s=96&d=mm&r=g","contentUrl":"https:\/\/secure.gravatar.com\/avatar\/c35e3c2e7764c40bdaf5a44f84884669f6fdecc485d5842b7a4b1a9d0c53eed8?s=96&d=mm&r=g","caption":"Ignacio S\u00e1inz San Emeterio"},"description":"Responsable Departamento NTIC's - Ayuntamiento de Colindres","sameAs":["https:\/\/www.colindres.es","https:\/\/es-la.facebook.com\/ayuntamiento.colindres\/","https:\/\/x.com\/https:\/\/twitter.com\/aytocolindres?lang=es"],"url":"https:\/\/www.colindres.es\/index.php\/author\/colindres\/"}]}},"_links":{"self":[{"href":"https:\/\/www.colindres.es\/index.php\/wp-json\/wp\/v2\/posts\/1203","targetHints":{"allow":["GET"]}}],"collection":[{"href":"https:\/\/www.colindres.es\/index.php\/wp-json\/wp\/v2\/posts"}],"about":[{"href":"https:\/\/www.colindres.es\/index.php\/wp-json\/wp\/v2\/types\/post"}],"author":[{"embeddable":true,"href":"https:\/\/www.colindres.es\/index.php\/wp-json\/wp\/v2\/users\/1"}],"replies":[{"embeddable":true,"href":"https:\/\/www.colindres.es\/index.php\/wp-json\/wp\/v2\/comments?post=1203"}],"version-history":[{"count":1,"href":"https:\/\/www.colindres.es\/index.php\/wp-json\/wp\/v2\/posts\/1203\/revisions"}],"predecessor-version":[{"id":1204,"href":"https:\/\/www.colindres.es\/index.php\/wp-json\/wp\/v2\/posts\/1203\/revisions\/1204"}],"wp:featuredmedia":[{"embeddable":true,"href":"https:\/\/www.colindres.es\/index.php\/wp-json\/wp\/v2\/media\/206"}],"wp:attachment":[{"href":"https:\/\/www.colindres.es\/index.php\/wp-json\/wp\/v2\/media?parent=1203"}],"wp:term":[{"taxonomy":"category","embeddable":true,"href":"https:\/\/www.colindres.es\/index.php\/wp-json\/wp\/v2\/categories?post=1203"},{"taxonomy":"post_tag","embeddable":true,"href":"https:\/\/www.colindres.es\/index.php\/wp-json\/wp\/v2\/tags?post=1203"}],"curies":[{"name":"wp","href":"https:\/\/api.w.org\/{rel}","templated":true}]}}