{"id":1201,"date":"2017-12-26T14:48:05","date_gmt":"2017-12-26T14:48:05","guid":{"rendered":"http:\/\/colindres.es\/?p=1201"},"modified":"2017-12-26T14:48:05","modified_gmt":"2017-12-26T14:48:05","slug":"anuncio-relacion-de-admitidosexcluidos-definitiva-para-la-formacion-de-bolsa-de-trabajo-de-tecnico-de-educacion-infantil-personal-laboral-temporal","status":"publish","type":"post","link":"https:\/\/www.colindres.es\/index.php\/2017\/12\/26\/anuncio-relacion-de-admitidosexcluidos-definitiva-para-la-formacion-de-bolsa-de-trabajo-de-tecnico-de-educacion-infantil-personal-laboral-temporal\/","title":{"rendered":"ANUNCIO RELACI\u00d3N DE ADMITIDOS\/EXCLUIDOS DEFINITIVA PARA LA FORMACI\u00d3N DE BOLSA DE TRABAJO DE TECNICO DE EDUCACI\u00d3N INFANTIL (PERSONAL LABORAL TEMPORAL)"},"content":{"rendered":"<p>Por medio del presente anuncio, y una vez finalizado el plazo de presentaci\u00f3n de alegaciones o reclamaciones a la lista provisional de admitidos\/excluidos, se da publicidad al Decreto de Alcald\u00eda 856\/2017, de 26 de diciembre de 2017, relativo a la relaci\u00f3n de admitidos\/excluidos definitiva, constituci\u00f3n de Tribunal calificador y convocatoria de realizaci\u00f3n de la fase de concurso y de la fase oposici\u00f3n, para la formaci\u00f3n de una bolsa de trabajo como t\u00e9cnico de educaci\u00f3n infantil (personal laboral temporal), decreto que acuerda los siguientes puntos:<\/p>\n<p><strong>Primero.- <\/strong>Aprobar la lista definitiva de aspirantes admitidos y excluidos, al proceso selectivo para la formaci\u00f3n de una bolsa de trabajo de t\u00e9cnico de Educaci\u00f3n Infantil (personal laboral temporal), en los siguientes t\u00e9rminos:<\/p>\n<p><strong>ASPIRANTES ADMITIDOS<\/strong><\/p>\n<table width=\"248\">\n<tbody>\n<tr>\n<td width=\"248\">1.\u00a0\u00a0\u00a0\u00a0 AMAVISCA INCERA, ANTONIO<\/td>\n<\/tr>\n<tr>\n<td width=\"248\">\n<p>2.\u00a0\u00a0\u00a0\u00a0 ARAUJO COLINA, MARIA ASUNCION<\/p>\n<p>3.\u00a0\u00a0\u00a0\u00a0 CONDE PEREZ, ROCIO<\/td>\n<\/tr>\n<tr>\n<td width=\"248\">4.\u00a0\u00a0\u00a0\u00a0 FERNANDEZ OSORIO, SAMANTHA<\/td>\n<\/tr>\n<tr>\n<td width=\"248\">5.\u00a0\u00a0\u00a0\u00a0 GARCIA MAZA, IARA<\/td>\n<\/tr>\n<tr>\n<td width=\"248\">6.\u00a0\u00a0\u00a0\u00a0 GARCIA PEREZ, TANIA<\/td>\n<\/tr>\n<tr>\n<td width=\"248\">7.\u00a0\u00a0\u00a0\u00a0 IZAGUIRRE PARDO, ESTHER<\/td>\n<\/tr>\n<tr>\n<td width=\"248\">8.\u00a0\u00a0\u00a0\u00a0 LOPEZ NEGRETE, ERIKA<\/td>\n<\/tr>\n<tr>\n<td width=\"248\">9.\u00a0\u00a0\u00a0\u00a0 MADRAZO SAN EMETERIO, CRISTINA<\/td>\n<\/tr>\n<tr>\n<td width=\"248\">\n<p>10.\u00a0\u00a0 ORTIZ DE LOS SANTOS, BEATRIZ<\/p>\n<p>11.\u00a0\u00a0 PIRIS COLLERA, SALOME<\/td>\n<\/tr>\n<tr>\n<td width=\"248\">12.\u00a0\u00a0 ZUBIETA REVUELTA, VIOLETA<\/td>\n<\/tr>\n<\/tbody>\n<\/table>\n<p><strong>ASPIRANTES EXCLUIDOS <\/strong><strong>\u00a0<\/strong><\/p>\n<p>Ninguno<\/p>\n<p><strong>Segundo.- <\/strong>Constituir el Tribunal calificador de las pruebas selectivas que estar\u00e1 integrado por los siguientes miembros:<\/p>\n<p><u>\u00a0<\/u><u>Vocales<\/u>:<\/p>\n<ul>\n<li>D\u00f1a. Marta L\u00f3pez Albo, Educadora Social de la Mancomunidad de Servicios Sociales<\/li>\n<li>D\u00f1a. Mercedes Pinedo Ruiz, personal laboral del Ayuntamiento de Colindres (suplente: D\u00f1a. Raquel Bustillo P\u00e9rez, personal laboral del Ayuntamiento de Colindres)<\/li>\n<li>Ignacio Sainz San Emeterio, funcionario del Ayuntamiento de Colindres (suplente: D\u00f1a. Lorena Alvarado Lastra, funcionaria del Ayuntamiento de Colindres)<\/li>\n<li>Jos\u00e9 Ram\u00f3n L\u00f3pez Bausela, Inspector de Educaci\u00f3n (suplente a D\u00f1a. Silvia Beberide Garc\u00eda, Inspectora de Educaci\u00f3n).<\/li>\n<li>D\u00f1a. Victoria S\u00e1nchez Salces, Asesora T\u00e9cnico Docente.<\/li>\n<\/ul>\n<p>\uf0a7\u00a0 <u>Secretaria del Tribunal<\/u> (con voz y voto): D\u00f1a. Marta Rebollo Santos, funcionaria municipal.<\/p>\n<p><strong>Tercero.- <\/strong>Convocar al Tribunal para la realizaci\u00f3n de la fase de concurso el mi\u00e9rcoles, diez (10) de enero de 2018, a las 10:00 horas, en el Sal\u00f3n de Plenos del Ayuntamiento de Colindres.<\/p>\n<p><strong>Cuarto.- <\/strong>Convocar a los\/as aspirantes para la realizaci\u00f3n de la correspondiente prueba selectiva el viernes, 12 de enero de 2018, a las 11:00 horas, en el Sal\u00f3n de Actos de la Casa de Cultura de Colindres.<\/p>\n<p><strong>Quinto.- <\/strong>Ordenar la publicaci\u00f3n de anuncio relativo al presente acuerdo en el Tabl\u00f3n de Edictos de este Ayuntamiento y p\u00e1gina Web municipal.<\/p>\n<p><strong>Sexto.- <\/strong>Que se de cuenta del presente acuerdo al Pleno en la primera sesi\u00f3n ordinaria que celebre.<\/p>\n<p>Publicaci\u00f3n que se realiza al amparo de la base 6 de las de selecci\u00f3n, y a efectos de general conocimiento.<\/p>\n<p>En Colindres, a la fecha de la firma electr\u00f3nica.<\/p>\n<p>El Alcalde.<\/p>\n<p>Javier Incera Goyenechea.<\/p>\n<p><em>Documento firmado electr\u00f3nicamente (Ley 39\/2015, de 1 de octubre)<\/em><\/p>\n<p>&nbsp;<\/p>\n","protected":false},"excerpt":{"rendered":"<p>Por medio del presente anuncio, y una vez finalizado el plazo de presentaci\u00f3n de alegaciones o reclamaciones a la lista provisional de admitidos\/excluidos, se da publicidad al Decreto de Alcald\u00eda 856\/2017, de 26 de diciembre de 2017, relativo a la relaci\u00f3n de admitidos\/excluidos definitiva, constituci\u00f3n de Tribunal calificador y convocatoria de realizaci\u00f3n de la fase [&hellip;]<\/p>\n","protected":false},"author":1,"featured_media":303,"comment_status":"open","ping_status":"closed","sticky":false,"template":"","format":"standard","meta":{"_et_pb_use_builder":"","_et_pb_old_content":"","_et_gb_content_width":"","footnotes":""},"categories":[10],"tags":[],"class_list":["post-1201","post","type-post","status-publish","format-standard","has-post-thumbnail","hentry","category-anuncios"],"yoast_head":"<!-- This site is optimized with the Yoast SEO plugin v24.9 - https:\/\/yoast.com\/wordpress\/plugins\/seo\/ -->\n<title>ANUNCIO RELACI\u00d3N DE ADMITIDOS\/EXCLUIDOS DEFINITIVA PARA LA FORMACI\u00d3N DE BOLSA DE TRABAJO DE TECNICO DE EDUCACI\u00d3N INFANTIL (PERSONAL LABORAL TEMPORAL) - Ayuntamiento de Colindres<\/title>\n<meta name=\"robots\" content=\"index, follow, max-snippet:-1, max-image-preview:large, max-video-preview:-1\" \/>\n<link rel=\"canonical\" href=\"https:\/\/www.colindres.es\/index.php\/2017\/12\/26\/anuncio-relacion-de-admitidosexcluidos-definitiva-para-la-formacion-de-bolsa-de-trabajo-de-tecnico-de-educacion-infantil-personal-laboral-temporal\/\" \/>\n<meta property=\"og:locale\" content=\"es_ES\" \/>\n<meta property=\"og:type\" content=\"article\" \/>\n<meta property=\"og:title\" content=\"ANUNCIO RELACI\u00d3N DE ADMITIDOS\/EXCLUIDOS DEFINITIVA PARA LA FORMACI\u00d3N DE BOLSA DE TRABAJO DE TECNICO DE EDUCACI\u00d3N INFANTIL (PERSONAL LABORAL TEMPORAL) - Ayuntamiento de Colindres\" \/>\n<meta property=\"og:description\" content=\"Por medio del presente anuncio, y una vez finalizado el plazo de presentaci\u00f3n de alegaciones o reclamaciones a la lista provisional de admitidos\/excluidos, se da publicidad al Decreto de Alcald\u00eda 856\/2017, de 26 de diciembre de 2017, relativo a la relaci\u00f3n de admitidos\/excluidos definitiva, constituci\u00f3n de Tribunal calificador y convocatoria de realizaci\u00f3n de la fase [&hellip;]\" \/>\n<meta property=\"og:url\" content=\"https:\/\/www.colindres.es\/index.php\/2017\/12\/26\/anuncio-relacion-de-admitidosexcluidos-definitiva-para-la-formacion-de-bolsa-de-trabajo-de-tecnico-de-educacion-infantil-personal-laboral-temporal\/\" \/>\n<meta property=\"og:site_name\" content=\"Ayuntamiento de Colindres\" \/>\n<meta property=\"article:author\" content=\"https:\/\/es-la.facebook.com\/ayuntamiento.colindres\/\" \/>\n<meta property=\"article:published_time\" content=\"2017-12-26T14:48:05+00:00\" \/>\n<meta property=\"og:image\" content=\"https:\/\/www.colindres.es\/wp-content\/uploads\/2017\/04\/IMG_9265-1024x659.jpg\" \/>\n\t<meta property=\"og:image:width\" content=\"1024\" \/>\n\t<meta property=\"og:image:height\" content=\"659\" \/>\n\t<meta property=\"og:image:type\" content=\"image\/jpeg\" \/>\n<meta name=\"author\" content=\"Ignacio S\u00e1inz San Emeterio\" \/>\n<meta name=\"twitter:card\" content=\"summary_large_image\" \/>\n<meta name=\"twitter:creator\" content=\"@https:\/\/twitter.com\/aytocolindres?lang=es\" \/>\n<meta name=\"twitter:label1\" content=\"Escrito por\" \/>\n\t<meta name=\"twitter:data1\" content=\"Ignacio S\u00e1inz San Emeterio\" \/>\n\t<meta name=\"twitter:label2\" content=\"Tiempo de lectura\" \/>\n\t<meta name=\"twitter:data2\" content=\"3 minutos\" \/>\n<script type=\"application\/ld+json\" class=\"yoast-schema-graph\">{\"@context\":\"https:\/\/schema.org\",\"@graph\":[{\"@type\":\"Article\",\"@id\":\"https:\/\/www.colindres.es\/index.php\/2017\/12\/26\/anuncio-relacion-de-admitidosexcluidos-definitiva-para-la-formacion-de-bolsa-de-trabajo-de-tecnico-de-educacion-infantil-personal-laboral-temporal\/#article\",\"isPartOf\":{\"@id\":\"https:\/\/www.colindres.es\/index.php\/2017\/12\/26\/anuncio-relacion-de-admitidosexcluidos-definitiva-para-la-formacion-de-bolsa-de-trabajo-de-tecnico-de-educacion-infantil-personal-laboral-temporal\/\"},\"author\":{\"name\":\"Ignacio S\u00e1inz San Emeterio\",\"@id\":\"https:\/\/www.colindres.es\/#\/schema\/person\/0225d0319539e212e866b144d841eafb\"},\"headline\":\"ANUNCIO RELACI\u00d3N DE ADMITIDOS\/EXCLUIDOS DEFINITIVA PARA LA FORMACI\u00d3N DE BOLSA DE TRABAJO DE TECNICO DE EDUCACI\u00d3N INFANTIL (PERSONAL LABORAL TEMPORAL)\",\"datePublished\":\"2017-12-26T14:48:05+00:00\",\"mainEntityOfPage\":{\"@id\":\"https:\/\/www.colindres.es\/index.php\/2017\/12\/26\/anuncio-relacion-de-admitidosexcluidos-definitiva-para-la-formacion-de-bolsa-de-trabajo-de-tecnico-de-educacion-infantil-personal-laboral-temporal\/\"},\"wordCount\":483,\"commentCount\":0,\"publisher\":{\"@id\":\"https:\/\/www.colindres.es\/#organization\"},\"image\":{\"@id\":\"https:\/\/www.colindres.es\/index.php\/2017\/12\/26\/anuncio-relacion-de-admitidosexcluidos-definitiva-para-la-formacion-de-bolsa-de-trabajo-de-tecnico-de-educacion-infantil-personal-laboral-temporal\/#primaryimage\"},\"thumbnailUrl\":\"https:\/\/www.colindres.es\/wp-content\/uploads\/2017\/04\/IMG_9265.jpg\",\"articleSection\":[\"Anuncios\"],\"inLanguage\":\"es\",\"potentialAction\":[{\"@type\":\"CommentAction\",\"name\":\"Comment\",\"target\":[\"https:\/\/www.colindres.es\/index.php\/2017\/12\/26\/anuncio-relacion-de-admitidosexcluidos-definitiva-para-la-formacion-de-bolsa-de-trabajo-de-tecnico-de-educacion-infantil-personal-laboral-temporal\/#respond\"]}]},{\"@type\":\"WebPage\",\"@id\":\"https:\/\/www.colindres.es\/index.php\/2017\/12\/26\/anuncio-relacion-de-admitidosexcluidos-definitiva-para-la-formacion-de-bolsa-de-trabajo-de-tecnico-de-educacion-infantil-personal-laboral-temporal\/\",\"url\":\"https:\/\/www.colindres.es\/index.php\/2017\/12\/26\/anuncio-relacion-de-admitidosexcluidos-definitiva-para-la-formacion-de-bolsa-de-trabajo-de-tecnico-de-educacion-infantil-personal-laboral-temporal\/\",\"name\":\"ANUNCIO RELACI\u00d3N DE ADMITIDOS\/EXCLUIDOS DEFINITIVA PARA LA FORMACI\u00d3N DE BOLSA DE TRABAJO DE TECNICO DE EDUCACI\u00d3N INFANTIL (PERSONAL LABORAL TEMPORAL) - Ayuntamiento de Colindres\",\"isPartOf\":{\"@id\":\"https:\/\/www.colindres.es\/#website\"},\"primaryImageOfPage\":{\"@id\":\"https:\/\/www.colindres.es\/index.php\/2017\/12\/26\/anuncio-relacion-de-admitidosexcluidos-definitiva-para-la-formacion-de-bolsa-de-trabajo-de-tecnico-de-educacion-infantil-personal-laboral-temporal\/#primaryimage\"},\"image\":{\"@id\":\"https:\/\/www.colindres.es\/index.php\/2017\/12\/26\/anuncio-relacion-de-admitidosexcluidos-definitiva-para-la-formacion-de-bolsa-de-trabajo-de-tecnico-de-educacion-infantil-personal-laboral-temporal\/#primaryimage\"},\"thumbnailUrl\":\"https:\/\/www.colindres.es\/wp-content\/uploads\/2017\/04\/IMG_9265.jpg\",\"datePublished\":\"2017-12-26T14:48:05+00:00\",\"breadcrumb\":{\"@id\":\"https:\/\/www.colindres.es\/index.php\/2017\/12\/26\/anuncio-relacion-de-admitidosexcluidos-definitiva-para-la-formacion-de-bolsa-de-trabajo-de-tecnico-de-educacion-infantil-personal-laboral-temporal\/#breadcrumb\"},\"inLanguage\":\"es\",\"potentialAction\":[{\"@type\":\"ReadAction\",\"target\":[\"https:\/\/www.colindres.es\/index.php\/2017\/12\/26\/anuncio-relacion-de-admitidosexcluidos-definitiva-para-la-formacion-de-bolsa-de-trabajo-de-tecnico-de-educacion-infantil-personal-laboral-temporal\/\"]}]},{\"@type\":\"ImageObject\",\"inLanguage\":\"es\",\"@id\":\"https:\/\/www.colindres.es\/index.php\/2017\/12\/26\/anuncio-relacion-de-admitidosexcluidos-definitiva-para-la-formacion-de-bolsa-de-trabajo-de-tecnico-de-educacion-infantil-personal-laboral-temporal\/#primaryimage\",\"url\":\"https:\/\/www.colindres.es\/wp-content\/uploads\/2017\/04\/IMG_9265.jpg\",\"contentUrl\":\"https:\/\/www.colindres.es\/wp-content\/uploads\/2017\/04\/IMG_9265.jpg\",\"width\":5077,\"height\":3269},{\"@type\":\"BreadcrumbList\",\"@id\":\"https:\/\/www.colindres.es\/index.php\/2017\/12\/26\/anuncio-relacion-de-admitidosexcluidos-definitiva-para-la-formacion-de-bolsa-de-trabajo-de-tecnico-de-educacion-infantil-personal-laboral-temporal\/#breadcrumb\",\"itemListElement\":[{\"@type\":\"ListItem\",\"position\":1,\"name\":\"Portada\",\"item\":\"https:\/\/www.colindres.es\/\"},{\"@type\":\"ListItem\",\"position\":2,\"name\":\"ANUNCIO RELACI\u00d3N DE ADMITIDOS\/EXCLUIDOS DEFINITIVA PARA LA FORMACI\u00d3N DE BOLSA DE TRABAJO DE TECNICO DE EDUCACI\u00d3N INFANTIL (PERSONAL LABORAL TEMPORAL)\"}]},{\"@type\":\"WebSite\",\"@id\":\"https:\/\/www.colindres.es\/#website\",\"url\":\"https:\/\/www.colindres.es\/\",\"name\":\"Ayuntamiento de Colindres\",\"description\":\"Dise\u00f1ado por NTIC&#039;s\",\"publisher\":{\"@id\":\"https:\/\/www.colindres.es\/#organization\"},\"potentialAction\":[{\"@type\":\"SearchAction\",\"target\":{\"@type\":\"EntryPoint\",\"urlTemplate\":\"https:\/\/www.colindres.es\/?s={search_term_string}\"},\"query-input\":{\"@type\":\"PropertyValueSpecification\",\"valueRequired\":true,\"valueName\":\"search_term_string\"}}],\"inLanguage\":\"es\"},{\"@type\":\"Organization\",\"@id\":\"https:\/\/www.colindres.es\/#organization\",\"name\":\"AYUNTAMIENTO DE COLINDRES\",\"url\":\"https:\/\/www.colindres.es\/\",\"logo\":{\"@type\":\"ImageObject\",\"inLanguage\":\"es\",\"@id\":\"https:\/\/www.colindres.es\/#\/schema\/logo\/image\/\",\"url\":\"https:\/\/www.colindres.es\/wp-content\/uploads\/2017\/01\/LOGO-PRINCIPAL.jpg\",\"contentUrl\":\"https:\/\/www.colindres.es\/wp-content\/uploads\/2017\/01\/LOGO-PRINCIPAL.jpg\",\"width\":1209,\"height\":579,\"caption\":\"AYUNTAMIENTO DE COLINDRES\"},\"image\":{\"@id\":\"https:\/\/www.colindres.es\/#\/schema\/logo\/image\/\"}},{\"@type\":\"Person\",\"@id\":\"https:\/\/www.colindres.es\/#\/schema\/person\/0225d0319539e212e866b144d841eafb\",\"name\":\"Ignacio S\u00e1inz San Emeterio\",\"image\":{\"@type\":\"ImageObject\",\"inLanguage\":\"es\",\"@id\":\"https:\/\/www.colindres.es\/#\/schema\/person\/image\/\",\"url\":\"https:\/\/secure.gravatar.com\/avatar\/c35e3c2e7764c40bdaf5a44f84884669f6fdecc485d5842b7a4b1a9d0c53eed8?s=96&d=mm&r=g\",\"contentUrl\":\"https:\/\/secure.gravatar.com\/avatar\/c35e3c2e7764c40bdaf5a44f84884669f6fdecc485d5842b7a4b1a9d0c53eed8?s=96&d=mm&r=g\",\"caption\":\"Ignacio S\u00e1inz San Emeterio\"},\"description\":\"Responsable Departamento NTIC's - Ayuntamiento de Colindres\",\"sameAs\":[\"https:\/\/www.colindres.es\",\"https:\/\/es-la.facebook.com\/ayuntamiento.colindres\/\",\"https:\/\/x.com\/https:\/\/twitter.com\/aytocolindres?lang=es\"],\"url\":\"https:\/\/www.colindres.es\/index.php\/author\/colindres\/\"}]}<\/script>\n<!-- \/ Yoast SEO plugin. -->","yoast_head_json":{"title":"ANUNCIO RELACI\u00d3N DE ADMITIDOS\/EXCLUIDOS DEFINITIVA PARA LA FORMACI\u00d3N DE BOLSA DE TRABAJO DE TECNICO DE EDUCACI\u00d3N INFANTIL (PERSONAL LABORAL TEMPORAL) - Ayuntamiento de Colindres","robots":{"index":"index","follow":"follow","max-snippet":"max-snippet:-1","max-image-preview":"max-image-preview:large","max-video-preview":"max-video-preview:-1"},"canonical":"https:\/\/www.colindres.es\/index.php\/2017\/12\/26\/anuncio-relacion-de-admitidosexcluidos-definitiva-para-la-formacion-de-bolsa-de-trabajo-de-tecnico-de-educacion-infantil-personal-laboral-temporal\/","og_locale":"es_ES","og_type":"article","og_title":"ANUNCIO RELACI\u00d3N DE ADMITIDOS\/EXCLUIDOS DEFINITIVA PARA LA FORMACI\u00d3N DE BOLSA DE TRABAJO DE TECNICO DE EDUCACI\u00d3N INFANTIL (PERSONAL LABORAL TEMPORAL) - Ayuntamiento de Colindres","og_description":"Por medio del presente anuncio, y una vez finalizado el plazo de presentaci\u00f3n de alegaciones o reclamaciones a la lista provisional de admitidos\/excluidos, se da publicidad al Decreto de Alcald\u00eda 856\/2017, de 26 de diciembre de 2017, relativo a la relaci\u00f3n de admitidos\/excluidos definitiva, constituci\u00f3n de Tribunal calificador y convocatoria de realizaci\u00f3n de la fase [&hellip;]","og_url":"https:\/\/www.colindres.es\/index.php\/2017\/12\/26\/anuncio-relacion-de-admitidosexcluidos-definitiva-para-la-formacion-de-bolsa-de-trabajo-de-tecnico-de-educacion-infantil-personal-laboral-temporal\/","og_site_name":"Ayuntamiento de Colindres","article_author":"https:\/\/es-la.facebook.com\/ayuntamiento.colindres\/","article_published_time":"2017-12-26T14:48:05+00:00","og_image":[{"width":1024,"height":659,"url":"https:\/\/www.colindres.es\/wp-content\/uploads\/2017\/04\/IMG_9265-1024x659.jpg","type":"image\/jpeg"}],"author":"Ignacio S\u00e1inz San Emeterio","twitter_card":"summary_large_image","twitter_creator":"@https:\/\/twitter.com\/aytocolindres?lang=es","twitter_misc":{"Escrito por":"Ignacio S\u00e1inz San Emeterio","Tiempo de lectura":"3 minutos"},"schema":{"@context":"https:\/\/schema.org","@graph":[{"@type":"Article","@id":"https:\/\/www.colindres.es\/index.php\/2017\/12\/26\/anuncio-relacion-de-admitidosexcluidos-definitiva-para-la-formacion-de-bolsa-de-trabajo-de-tecnico-de-educacion-infantil-personal-laboral-temporal\/#article","isPartOf":{"@id":"https:\/\/www.colindres.es\/index.php\/2017\/12\/26\/anuncio-relacion-de-admitidosexcluidos-definitiva-para-la-formacion-de-bolsa-de-trabajo-de-tecnico-de-educacion-infantil-personal-laboral-temporal\/"},"author":{"name":"Ignacio S\u00e1inz San Emeterio","@id":"https:\/\/www.colindres.es\/#\/schema\/person\/0225d0319539e212e866b144d841eafb"},"headline":"ANUNCIO RELACI\u00d3N DE ADMITIDOS\/EXCLUIDOS DEFINITIVA PARA LA FORMACI\u00d3N DE BOLSA DE TRABAJO DE TECNICO DE EDUCACI\u00d3N INFANTIL (PERSONAL LABORAL TEMPORAL)","datePublished":"2017-12-26T14:48:05+00:00","mainEntityOfPage":{"@id":"https:\/\/www.colindres.es\/index.php\/2017\/12\/26\/anuncio-relacion-de-admitidosexcluidos-definitiva-para-la-formacion-de-bolsa-de-trabajo-de-tecnico-de-educacion-infantil-personal-laboral-temporal\/"},"wordCount":483,"commentCount":0,"publisher":{"@id":"https:\/\/www.colindres.es\/#organization"},"image":{"@id":"https:\/\/www.colindres.es\/index.php\/2017\/12\/26\/anuncio-relacion-de-admitidosexcluidos-definitiva-para-la-formacion-de-bolsa-de-trabajo-de-tecnico-de-educacion-infantil-personal-laboral-temporal\/#primaryimage"},"thumbnailUrl":"https:\/\/www.colindres.es\/wp-content\/uploads\/2017\/04\/IMG_9265.jpg","articleSection":["Anuncios"],"inLanguage":"es","potentialAction":[{"@type":"CommentAction","name":"Comment","target":["https:\/\/www.colindres.es\/index.php\/2017\/12\/26\/anuncio-relacion-de-admitidosexcluidos-definitiva-para-la-formacion-de-bolsa-de-trabajo-de-tecnico-de-educacion-infantil-personal-laboral-temporal\/#respond"]}]},{"@type":"WebPage","@id":"https:\/\/www.colindres.es\/index.php\/2017\/12\/26\/anuncio-relacion-de-admitidosexcluidos-definitiva-para-la-formacion-de-bolsa-de-trabajo-de-tecnico-de-educacion-infantil-personal-laboral-temporal\/","url":"https:\/\/www.colindres.es\/index.php\/2017\/12\/26\/anuncio-relacion-de-admitidosexcluidos-definitiva-para-la-formacion-de-bolsa-de-trabajo-de-tecnico-de-educacion-infantil-personal-laboral-temporal\/","name":"ANUNCIO RELACI\u00d3N DE ADMITIDOS\/EXCLUIDOS DEFINITIVA PARA LA FORMACI\u00d3N DE BOLSA DE TRABAJO DE TECNICO DE EDUCACI\u00d3N INFANTIL (PERSONAL LABORAL TEMPORAL) - Ayuntamiento de Colindres","isPartOf":{"@id":"https:\/\/www.colindres.es\/#website"},"primaryImageOfPage":{"@id":"https:\/\/www.colindres.es\/index.php\/2017\/12\/26\/anuncio-relacion-de-admitidosexcluidos-definitiva-para-la-formacion-de-bolsa-de-trabajo-de-tecnico-de-educacion-infantil-personal-laboral-temporal\/#primaryimage"},"image":{"@id":"https:\/\/www.colindres.es\/index.php\/2017\/12\/26\/anuncio-relacion-de-admitidosexcluidos-definitiva-para-la-formacion-de-bolsa-de-trabajo-de-tecnico-de-educacion-infantil-personal-laboral-temporal\/#primaryimage"},"thumbnailUrl":"https:\/\/www.colindres.es\/wp-content\/uploads\/2017\/04\/IMG_9265.jpg","datePublished":"2017-12-26T14:48:05+00:00","breadcrumb":{"@id":"https:\/\/www.colindres.es\/index.php\/2017\/12\/26\/anuncio-relacion-de-admitidosexcluidos-definitiva-para-la-formacion-de-bolsa-de-trabajo-de-tecnico-de-educacion-infantil-personal-laboral-temporal\/#breadcrumb"},"inLanguage":"es","potentialAction":[{"@type":"ReadAction","target":["https:\/\/www.colindres.es\/index.php\/2017\/12\/26\/anuncio-relacion-de-admitidosexcluidos-definitiva-para-la-formacion-de-bolsa-de-trabajo-de-tecnico-de-educacion-infantil-personal-laboral-temporal\/"]}]},{"@type":"ImageObject","inLanguage":"es","@id":"https:\/\/www.colindres.es\/index.php\/2017\/12\/26\/anuncio-relacion-de-admitidosexcluidos-definitiva-para-la-formacion-de-bolsa-de-trabajo-de-tecnico-de-educacion-infantil-personal-laboral-temporal\/#primaryimage","url":"https:\/\/www.colindres.es\/wp-content\/uploads\/2017\/04\/IMG_9265.jpg","contentUrl":"https:\/\/www.colindres.es\/wp-content\/uploads\/2017\/04\/IMG_9265.jpg","width":5077,"height":3269},{"@type":"BreadcrumbList","@id":"https:\/\/www.colindres.es\/index.php\/2017\/12\/26\/anuncio-relacion-de-admitidosexcluidos-definitiva-para-la-formacion-de-bolsa-de-trabajo-de-tecnico-de-educacion-infantil-personal-laboral-temporal\/#breadcrumb","itemListElement":[{"@type":"ListItem","position":1,"name":"Portada","item":"https:\/\/www.colindres.es\/"},{"@type":"ListItem","position":2,"name":"ANUNCIO RELACI\u00d3N DE ADMITIDOS\/EXCLUIDOS DEFINITIVA PARA LA FORMACI\u00d3N DE BOLSA DE TRABAJO DE TECNICO DE EDUCACI\u00d3N INFANTIL (PERSONAL LABORAL TEMPORAL)"}]},{"@type":"WebSite","@id":"https:\/\/www.colindres.es\/#website","url":"https:\/\/www.colindres.es\/","name":"Ayuntamiento de Colindres","description":"Dise\u00f1ado por NTIC&#039;s","publisher":{"@id":"https:\/\/www.colindres.es\/#organization"},"potentialAction":[{"@type":"SearchAction","target":{"@type":"EntryPoint","urlTemplate":"https:\/\/www.colindres.es\/?s={search_term_string}"},"query-input":{"@type":"PropertyValueSpecification","valueRequired":true,"valueName":"search_term_string"}}],"inLanguage":"es"},{"@type":"Organization","@id":"https:\/\/www.colindres.es\/#organization","name":"AYUNTAMIENTO DE COLINDRES","url":"https:\/\/www.colindres.es\/","logo":{"@type":"ImageObject","inLanguage":"es","@id":"https:\/\/www.colindres.es\/#\/schema\/logo\/image\/","url":"https:\/\/www.colindres.es\/wp-content\/uploads\/2017\/01\/LOGO-PRINCIPAL.jpg","contentUrl":"https:\/\/www.colindres.es\/wp-content\/uploads\/2017\/01\/LOGO-PRINCIPAL.jpg","width":1209,"height":579,"caption":"AYUNTAMIENTO DE COLINDRES"},"image":{"@id":"https:\/\/www.colindres.es\/#\/schema\/logo\/image\/"}},{"@type":"Person","@id":"https:\/\/www.colindres.es\/#\/schema\/person\/0225d0319539e212e866b144d841eafb","name":"Ignacio S\u00e1inz San Emeterio","image":{"@type":"ImageObject","inLanguage":"es","@id":"https:\/\/www.colindres.es\/#\/schema\/person\/image\/","url":"https:\/\/secure.gravatar.com\/avatar\/c35e3c2e7764c40bdaf5a44f84884669f6fdecc485d5842b7a4b1a9d0c53eed8?s=96&d=mm&r=g","contentUrl":"https:\/\/secure.gravatar.com\/avatar\/c35e3c2e7764c40bdaf5a44f84884669f6fdecc485d5842b7a4b1a9d0c53eed8?s=96&d=mm&r=g","caption":"Ignacio S\u00e1inz San Emeterio"},"description":"Responsable Departamento NTIC's - Ayuntamiento de Colindres","sameAs":["https:\/\/www.colindres.es","https:\/\/es-la.facebook.com\/ayuntamiento.colindres\/","https:\/\/x.com\/https:\/\/twitter.com\/aytocolindres?lang=es"],"url":"https:\/\/www.colindres.es\/index.php\/author\/colindres\/"}]}},"_links":{"self":[{"href":"https:\/\/www.colindres.es\/index.php\/wp-json\/wp\/v2\/posts\/1201","targetHints":{"allow":["GET"]}}],"collection":[{"href":"https:\/\/www.colindres.es\/index.php\/wp-json\/wp\/v2\/posts"}],"about":[{"href":"https:\/\/www.colindres.es\/index.php\/wp-json\/wp\/v2\/types\/post"}],"author":[{"embeddable":true,"href":"https:\/\/www.colindres.es\/index.php\/wp-json\/wp\/v2\/users\/1"}],"replies":[{"embeddable":true,"href":"https:\/\/www.colindres.es\/index.php\/wp-json\/wp\/v2\/comments?post=1201"}],"version-history":[{"count":1,"href":"https:\/\/www.colindres.es\/index.php\/wp-json\/wp\/v2\/posts\/1201\/revisions"}],"predecessor-version":[{"id":1202,"href":"https:\/\/www.colindres.es\/index.php\/wp-json\/wp\/v2\/posts\/1201\/revisions\/1202"}],"wp:featuredmedia":[{"embeddable":true,"href":"https:\/\/www.colindres.es\/index.php\/wp-json\/wp\/v2\/media\/303"}],"wp:attachment":[{"href":"https:\/\/www.colindres.es\/index.php\/wp-json\/wp\/v2\/media?parent=1201"}],"wp:term":[{"taxonomy":"category","embeddable":true,"href":"https:\/\/www.colindres.es\/index.php\/wp-json\/wp\/v2\/categories?post=1201"},{"taxonomy":"post_tag","embeddable":true,"href":"https:\/\/www.colindres.es\/index.php\/wp-json\/wp\/v2\/tags?post=1201"}],"curies":[{"name":"wp","href":"https:\/\/api.w.org\/{rel}","templated":true}]}}