{"id":1062,"date":"2017-11-13T07:37:17","date_gmt":"2017-11-13T07:37:17","guid":{"rendered":"http:\/\/colindres.es\/?p=1062"},"modified":"2017-11-13T07:37:17","modified_gmt":"2017-11-13T07:37:17","slug":"anuncio-campus-de-futbol-de-navidad-en-el-campo-de-el-carmen-de-colindres","status":"publish","type":"post","link":"https:\/\/www.colindres.es\/index.php\/2017\/11\/13\/anuncio-campus-de-futbol-de-navidad-en-el-campo-de-el-carmen-de-colindres\/","title":{"rendered":"ANUNCIO &#8211; CAMPUS DE F\u00daTBOL DE NAVIDAD EN EL CAMPO DE EL CARMEN DE COLINDRES"},"content":{"rendered":"<p>Por la presente se comunica que se abre el plazo para la presentaci\u00f3n de proyectos deportivos para la realizaci\u00f3n de CAMPUS DE F\u00daTBOL DE NAVIDAD EN EL CAMPO DE EL CARMEN DE COLINDRES.<\/p>\n<p>El plazo de inscripci\u00f3n ser\u00e1 entre el lunes 13 de noviembre y el viernes 17 de noviembre de 2017 (ambos inclusive). El plazo de inscripci\u00f3n finalizar\u00e1 a las 14.00 horas. Junto con la solicitud deber\u00e1 presentarse memoria descriptiva del campus a realizar.<\/p>\n<p>El precio a abonar ser\u00e1 el previsto en la Ordenanza reguladora del Precio P\u00fablico por Utilizaci\u00f3n de Instalaciones Deportivas (BOC n\u00ba: 25, de 6 de febrero de 2017).<\/p>\n<p>En caso de existir peticiones para fechas coincidentes, se realizar\u00e1 sorteo el lunes 20 de noviembre de 2017 a las 11.00 horas, en el Sal\u00f3n de Plenos, de car\u00e1cter p\u00fablico.<\/p>\n<p>En Colindres, a la fecha de la firma electr\u00f3nica.<\/p>\n<p>El Alcalde,<\/p>\n<p>Javier Incera Goyenechea.<\/p>\n","protected":false},"excerpt":{"rendered":"<p>Por la presente se comunica que se abre el plazo para la presentaci\u00f3n de proyectos deportivos para la realizaci\u00f3n de CAMPUS DE F\u00daTBOL DE NAVIDAD EN EL CAMPO DE EL CARMEN DE COLINDRES. El plazo de inscripci\u00f3n ser\u00e1 entre el lunes 13 de noviembre y el viernes 17 de noviembre de 2017 (ambos inclusive). El [&hellip;]<\/p>\n","protected":false},"author":1,"featured_media":1063,"comment_status":"open","ping_status":"closed","sticky":false,"template":"","format":"standard","meta":{"_et_pb_use_builder":"","_et_pb_old_content":"","_et_gb_content_width":"","footnotes":""},"categories":[10],"tags":[],"class_list":["post-1062","post","type-post","status-publish","format-standard","has-post-thumbnail","hentry","category-anuncios"],"yoast_head":"<!-- This site is optimized with the Yoast SEO plugin v24.9 - https:\/\/yoast.com\/wordpress\/plugins\/seo\/ -->\n<title>ANUNCIO - CAMPUS DE F\u00daTBOL DE NAVIDAD EN EL CAMPO DE EL CARMEN DE COLINDRES - Ayuntamiento de Colindres<\/title>\n<meta name=\"robots\" content=\"index, follow, max-snippet:-1, max-image-preview:large, max-video-preview:-1\" \/>\n<link rel=\"canonical\" href=\"https:\/\/www.colindres.es\/index.php\/2017\/11\/13\/anuncio-campus-de-futbol-de-navidad-en-el-campo-de-el-carmen-de-colindres\/\" \/>\n<meta property=\"og:locale\" content=\"es_ES\" \/>\n<meta property=\"og:type\" content=\"article\" \/>\n<meta property=\"og:title\" content=\"ANUNCIO - CAMPUS DE F\u00daTBOL DE NAVIDAD EN EL CAMPO DE EL CARMEN DE COLINDRES - Ayuntamiento de Colindres\" \/>\n<meta property=\"og:description\" content=\"Por la presente se comunica que se abre el plazo para la presentaci\u00f3n de proyectos deportivos para la realizaci\u00f3n de CAMPUS DE F\u00daTBOL DE NAVIDAD EN EL CAMPO DE EL CARMEN DE COLINDRES. El plazo de inscripci\u00f3n ser\u00e1 entre el lunes 13 de noviembre y el viernes 17 de noviembre de 2017 (ambos inclusive). El [&hellip;]\" \/>\n<meta property=\"og:url\" content=\"https:\/\/www.colindres.es\/index.php\/2017\/11\/13\/anuncio-campus-de-futbol-de-navidad-en-el-campo-de-el-carmen-de-colindres\/\" \/>\n<meta property=\"og:site_name\" content=\"Ayuntamiento de Colindres\" \/>\n<meta property=\"article:author\" content=\"https:\/\/es-la.facebook.com\/ayuntamiento.colindres\/\" \/>\n<meta property=\"article:published_time\" content=\"2017-11-13T07:37:17+00:00\" \/>\n<meta property=\"og:image\" content=\"https:\/\/www.colindres.es\/wp-content\/uploads\/2017\/11\/CAMPO-DE-FUTBOL-3-1024x768.jpg\" \/>\n\t<meta property=\"og:image:width\" content=\"1024\" \/>\n\t<meta property=\"og:image:height\" content=\"768\" \/>\n\t<meta property=\"og:image:type\" content=\"image\/jpeg\" \/>\n<meta name=\"author\" content=\"Ignacio S\u00e1inz San Emeterio\" \/>\n<meta name=\"twitter:card\" content=\"summary_large_image\" \/>\n<meta name=\"twitter:creator\" content=\"@https:\/\/twitter.com\/aytocolindres?lang=es\" \/>\n<meta name=\"twitter:label1\" content=\"Escrito por\" \/>\n\t<meta name=\"twitter:data1\" content=\"Ignacio S\u00e1inz San Emeterio\" \/>\n\t<meta name=\"twitter:label2\" content=\"Tiempo de lectura\" \/>\n\t<meta name=\"twitter:data2\" content=\"1 minuto\" \/>\n<script type=\"application\/ld+json\" class=\"yoast-schema-graph\">{\"@context\":\"https:\/\/schema.org\",\"@graph\":[{\"@type\":\"Article\",\"@id\":\"https:\/\/www.colindres.es\/index.php\/2017\/11\/13\/anuncio-campus-de-futbol-de-navidad-en-el-campo-de-el-carmen-de-colindres\/#article\",\"isPartOf\":{\"@id\":\"https:\/\/www.colindres.es\/index.php\/2017\/11\/13\/anuncio-campus-de-futbol-de-navidad-en-el-campo-de-el-carmen-de-colindres\/\"},\"author\":{\"name\":\"Ignacio S\u00e1inz San Emeterio\",\"@id\":\"https:\/\/www.colindres.es\/#\/schema\/person\/0225d0319539e212e866b144d841eafb\"},\"headline\":\"ANUNCIO &#8211; CAMPUS DE F\u00daTBOL DE NAVIDAD EN EL CAMPO DE EL CARMEN DE COLINDRES\",\"datePublished\":\"2017-11-13T07:37:17+00:00\",\"mainEntityOfPage\":{\"@id\":\"https:\/\/www.colindres.es\/index.php\/2017\/11\/13\/anuncio-campus-de-futbol-de-navidad-en-el-campo-de-el-carmen-de-colindres\/\"},\"wordCount\":164,\"commentCount\":0,\"publisher\":{\"@id\":\"https:\/\/www.colindres.es\/#organization\"},\"image\":{\"@id\":\"https:\/\/www.colindres.es\/index.php\/2017\/11\/13\/anuncio-campus-de-futbol-de-navidad-en-el-campo-de-el-carmen-de-colindres\/#primaryimage\"},\"thumbnailUrl\":\"https:\/\/www.colindres.es\/wp-content\/uploads\/2017\/11\/CAMPO-DE-FUTBOL-3.jpg\",\"articleSection\":[\"Anuncios\"],\"inLanguage\":\"es\",\"potentialAction\":[{\"@type\":\"CommentAction\",\"name\":\"Comment\",\"target\":[\"https:\/\/www.colindres.es\/index.php\/2017\/11\/13\/anuncio-campus-de-futbol-de-navidad-en-el-campo-de-el-carmen-de-colindres\/#respond\"]}]},{\"@type\":\"WebPage\",\"@id\":\"https:\/\/www.colindres.es\/index.php\/2017\/11\/13\/anuncio-campus-de-futbol-de-navidad-en-el-campo-de-el-carmen-de-colindres\/\",\"url\":\"https:\/\/www.colindres.es\/index.php\/2017\/11\/13\/anuncio-campus-de-futbol-de-navidad-en-el-campo-de-el-carmen-de-colindres\/\",\"name\":\"ANUNCIO - CAMPUS DE F\u00daTBOL DE NAVIDAD EN EL CAMPO DE EL CARMEN DE COLINDRES - Ayuntamiento de Colindres\",\"isPartOf\":{\"@id\":\"https:\/\/www.colindres.es\/#website\"},\"primaryImageOfPage\":{\"@id\":\"https:\/\/www.colindres.es\/index.php\/2017\/11\/13\/anuncio-campus-de-futbol-de-navidad-en-el-campo-de-el-carmen-de-colindres\/#primaryimage\"},\"image\":{\"@id\":\"https:\/\/www.colindres.es\/index.php\/2017\/11\/13\/anuncio-campus-de-futbol-de-navidad-en-el-campo-de-el-carmen-de-colindres\/#primaryimage\"},\"thumbnailUrl\":\"https:\/\/www.colindres.es\/wp-content\/uploads\/2017\/11\/CAMPO-DE-FUTBOL-3.jpg\",\"datePublished\":\"2017-11-13T07:37:17+00:00\",\"breadcrumb\":{\"@id\":\"https:\/\/www.colindres.es\/index.php\/2017\/11\/13\/anuncio-campus-de-futbol-de-navidad-en-el-campo-de-el-carmen-de-colindres\/#breadcrumb\"},\"inLanguage\":\"es\",\"potentialAction\":[{\"@type\":\"ReadAction\",\"target\":[\"https:\/\/www.colindres.es\/index.php\/2017\/11\/13\/anuncio-campus-de-futbol-de-navidad-en-el-campo-de-el-carmen-de-colindres\/\"]}]},{\"@type\":\"ImageObject\",\"inLanguage\":\"es\",\"@id\":\"https:\/\/www.colindres.es\/index.php\/2017\/11\/13\/anuncio-campus-de-futbol-de-navidad-en-el-campo-de-el-carmen-de-colindres\/#primaryimage\",\"url\":\"https:\/\/www.colindres.es\/wp-content\/uploads\/2017\/11\/CAMPO-DE-FUTBOL-3.jpg\",\"contentUrl\":\"https:\/\/www.colindres.es\/wp-content\/uploads\/2017\/11\/CAMPO-DE-FUTBOL-3.jpg\",\"width\":4032,\"height\":3024},{\"@type\":\"BreadcrumbList\",\"@id\":\"https:\/\/www.colindres.es\/index.php\/2017\/11\/13\/anuncio-campus-de-futbol-de-navidad-en-el-campo-de-el-carmen-de-colindres\/#breadcrumb\",\"itemListElement\":[{\"@type\":\"ListItem\",\"position\":1,\"name\":\"Portada\",\"item\":\"https:\/\/www.colindres.es\/\"},{\"@type\":\"ListItem\",\"position\":2,\"name\":\"ANUNCIO &#8211; CAMPUS DE F\u00daTBOL DE NAVIDAD EN EL CAMPO DE EL CARMEN DE COLINDRES\"}]},{\"@type\":\"WebSite\",\"@id\":\"https:\/\/www.colindres.es\/#website\",\"url\":\"https:\/\/www.colindres.es\/\",\"name\":\"Ayuntamiento de Colindres\",\"description\":\"Dise\u00f1ado por NTIC&#039;s\",\"publisher\":{\"@id\":\"https:\/\/www.colindres.es\/#organization\"},\"potentialAction\":[{\"@type\":\"SearchAction\",\"target\":{\"@type\":\"EntryPoint\",\"urlTemplate\":\"https:\/\/www.colindres.es\/?s={search_term_string}\"},\"query-input\":{\"@type\":\"PropertyValueSpecification\",\"valueRequired\":true,\"valueName\":\"search_term_string\"}}],\"inLanguage\":\"es\"},{\"@type\":\"Organization\",\"@id\":\"https:\/\/www.colindres.es\/#organization\",\"name\":\"AYUNTAMIENTO DE COLINDRES\",\"url\":\"https:\/\/www.colindres.es\/\",\"logo\":{\"@type\":\"ImageObject\",\"inLanguage\":\"es\",\"@id\":\"https:\/\/www.colindres.es\/#\/schema\/logo\/image\/\",\"url\":\"https:\/\/www.colindres.es\/wp-content\/uploads\/2017\/01\/LOGO-PRINCIPAL.jpg\",\"contentUrl\":\"https:\/\/www.colindres.es\/wp-content\/uploads\/2017\/01\/LOGO-PRINCIPAL.jpg\",\"width\":1209,\"height\":579,\"caption\":\"AYUNTAMIENTO DE COLINDRES\"},\"image\":{\"@id\":\"https:\/\/www.colindres.es\/#\/schema\/logo\/image\/\"}},{\"@type\":\"Person\",\"@id\":\"https:\/\/www.colindres.es\/#\/schema\/person\/0225d0319539e212e866b144d841eafb\",\"name\":\"Ignacio S\u00e1inz San Emeterio\",\"image\":{\"@type\":\"ImageObject\",\"inLanguage\":\"es\",\"@id\":\"https:\/\/www.colindres.es\/#\/schema\/person\/image\/\",\"url\":\"https:\/\/secure.gravatar.com\/avatar\/c35e3c2e7764c40bdaf5a44f84884669f6fdecc485d5842b7a4b1a9d0c53eed8?s=96&d=mm&r=g\",\"contentUrl\":\"https:\/\/secure.gravatar.com\/avatar\/c35e3c2e7764c40bdaf5a44f84884669f6fdecc485d5842b7a4b1a9d0c53eed8?s=96&d=mm&r=g\",\"caption\":\"Ignacio S\u00e1inz San Emeterio\"},\"description\":\"Responsable Departamento NTIC's - Ayuntamiento de Colindres\",\"sameAs\":[\"https:\/\/www.colindres.es\",\"https:\/\/es-la.facebook.com\/ayuntamiento.colindres\/\",\"https:\/\/x.com\/https:\/\/twitter.com\/aytocolindres?lang=es\"],\"url\":\"https:\/\/www.colindres.es\/index.php\/author\/colindres\/\"}]}<\/script>\n<!-- \/ Yoast SEO plugin. -->","yoast_head_json":{"title":"ANUNCIO - CAMPUS DE F\u00daTBOL DE NAVIDAD EN EL CAMPO DE EL CARMEN DE COLINDRES - Ayuntamiento de Colindres","robots":{"index":"index","follow":"follow","max-snippet":"max-snippet:-1","max-image-preview":"max-image-preview:large","max-video-preview":"max-video-preview:-1"},"canonical":"https:\/\/www.colindres.es\/index.php\/2017\/11\/13\/anuncio-campus-de-futbol-de-navidad-en-el-campo-de-el-carmen-de-colindres\/","og_locale":"es_ES","og_type":"article","og_title":"ANUNCIO - CAMPUS DE F\u00daTBOL DE NAVIDAD EN EL CAMPO DE EL CARMEN DE COLINDRES - Ayuntamiento de Colindres","og_description":"Por la presente se comunica que se abre el plazo para la presentaci\u00f3n de proyectos deportivos para la realizaci\u00f3n de CAMPUS DE F\u00daTBOL DE NAVIDAD EN EL CAMPO DE EL CARMEN DE COLINDRES. El plazo de inscripci\u00f3n ser\u00e1 entre el lunes 13 de noviembre y el viernes 17 de noviembre de 2017 (ambos inclusive). El [&hellip;]","og_url":"https:\/\/www.colindres.es\/index.php\/2017\/11\/13\/anuncio-campus-de-futbol-de-navidad-en-el-campo-de-el-carmen-de-colindres\/","og_site_name":"Ayuntamiento de Colindres","article_author":"https:\/\/es-la.facebook.com\/ayuntamiento.colindres\/","article_published_time":"2017-11-13T07:37:17+00:00","og_image":[{"width":1024,"height":768,"url":"https:\/\/www.colindres.es\/wp-content\/uploads\/2017\/11\/CAMPO-DE-FUTBOL-3-1024x768.jpg","type":"image\/jpeg"}],"author":"Ignacio S\u00e1inz San Emeterio","twitter_card":"summary_large_image","twitter_creator":"@https:\/\/twitter.com\/aytocolindres?lang=es","twitter_misc":{"Escrito por":"Ignacio S\u00e1inz San Emeterio","Tiempo de lectura":"1 minuto"},"schema":{"@context":"https:\/\/schema.org","@graph":[{"@type":"Article","@id":"https:\/\/www.colindres.es\/index.php\/2017\/11\/13\/anuncio-campus-de-futbol-de-navidad-en-el-campo-de-el-carmen-de-colindres\/#article","isPartOf":{"@id":"https:\/\/www.colindres.es\/index.php\/2017\/11\/13\/anuncio-campus-de-futbol-de-navidad-en-el-campo-de-el-carmen-de-colindres\/"},"author":{"name":"Ignacio S\u00e1inz San Emeterio","@id":"https:\/\/www.colindres.es\/#\/schema\/person\/0225d0319539e212e866b144d841eafb"},"headline":"ANUNCIO &#8211; CAMPUS DE F\u00daTBOL DE NAVIDAD EN EL CAMPO DE EL CARMEN DE COLINDRES","datePublished":"2017-11-13T07:37:17+00:00","mainEntityOfPage":{"@id":"https:\/\/www.colindres.es\/index.php\/2017\/11\/13\/anuncio-campus-de-futbol-de-navidad-en-el-campo-de-el-carmen-de-colindres\/"},"wordCount":164,"commentCount":0,"publisher":{"@id":"https:\/\/www.colindres.es\/#organization"},"image":{"@id":"https:\/\/www.colindres.es\/index.php\/2017\/11\/13\/anuncio-campus-de-futbol-de-navidad-en-el-campo-de-el-carmen-de-colindres\/#primaryimage"},"thumbnailUrl":"https:\/\/www.colindres.es\/wp-content\/uploads\/2017\/11\/CAMPO-DE-FUTBOL-3.jpg","articleSection":["Anuncios"],"inLanguage":"es","potentialAction":[{"@type":"CommentAction","name":"Comment","target":["https:\/\/www.colindres.es\/index.php\/2017\/11\/13\/anuncio-campus-de-futbol-de-navidad-en-el-campo-de-el-carmen-de-colindres\/#respond"]}]},{"@type":"WebPage","@id":"https:\/\/www.colindres.es\/index.php\/2017\/11\/13\/anuncio-campus-de-futbol-de-navidad-en-el-campo-de-el-carmen-de-colindres\/","url":"https:\/\/www.colindres.es\/index.php\/2017\/11\/13\/anuncio-campus-de-futbol-de-navidad-en-el-campo-de-el-carmen-de-colindres\/","name":"ANUNCIO - CAMPUS DE F\u00daTBOL DE NAVIDAD EN EL CAMPO DE EL CARMEN DE COLINDRES - Ayuntamiento de Colindres","isPartOf":{"@id":"https:\/\/www.colindres.es\/#website"},"primaryImageOfPage":{"@id":"https:\/\/www.colindres.es\/index.php\/2017\/11\/13\/anuncio-campus-de-futbol-de-navidad-en-el-campo-de-el-carmen-de-colindres\/#primaryimage"},"image":{"@id":"https:\/\/www.colindres.es\/index.php\/2017\/11\/13\/anuncio-campus-de-futbol-de-navidad-en-el-campo-de-el-carmen-de-colindres\/#primaryimage"},"thumbnailUrl":"https:\/\/www.colindres.es\/wp-content\/uploads\/2017\/11\/CAMPO-DE-FUTBOL-3.jpg","datePublished":"2017-11-13T07:37:17+00:00","breadcrumb":{"@id":"https:\/\/www.colindres.es\/index.php\/2017\/11\/13\/anuncio-campus-de-futbol-de-navidad-en-el-campo-de-el-carmen-de-colindres\/#breadcrumb"},"inLanguage":"es","potentialAction":[{"@type":"ReadAction","target":["https:\/\/www.colindres.es\/index.php\/2017\/11\/13\/anuncio-campus-de-futbol-de-navidad-en-el-campo-de-el-carmen-de-colindres\/"]}]},{"@type":"ImageObject","inLanguage":"es","@id":"https:\/\/www.colindres.es\/index.php\/2017\/11\/13\/anuncio-campus-de-futbol-de-navidad-en-el-campo-de-el-carmen-de-colindres\/#primaryimage","url":"https:\/\/www.colindres.es\/wp-content\/uploads\/2017\/11\/CAMPO-DE-FUTBOL-3.jpg","contentUrl":"https:\/\/www.colindres.es\/wp-content\/uploads\/2017\/11\/CAMPO-DE-FUTBOL-3.jpg","width":4032,"height":3024},{"@type":"BreadcrumbList","@id":"https:\/\/www.colindres.es\/index.php\/2017\/11\/13\/anuncio-campus-de-futbol-de-navidad-en-el-campo-de-el-carmen-de-colindres\/#breadcrumb","itemListElement":[{"@type":"ListItem","position":1,"name":"Portada","item":"https:\/\/www.colindres.es\/"},{"@type":"ListItem","position":2,"name":"ANUNCIO &#8211; CAMPUS DE F\u00daTBOL DE NAVIDAD EN EL CAMPO DE EL CARMEN DE COLINDRES"}]},{"@type":"WebSite","@id":"https:\/\/www.colindres.es\/#website","url":"https:\/\/www.colindres.es\/","name":"Ayuntamiento de Colindres","description":"Dise\u00f1ado por NTIC&#039;s","publisher":{"@id":"https:\/\/www.colindres.es\/#organization"},"potentialAction":[{"@type":"SearchAction","target":{"@type":"EntryPoint","urlTemplate":"https:\/\/www.colindres.es\/?s={search_term_string}"},"query-input":{"@type":"PropertyValueSpecification","valueRequired":true,"valueName":"search_term_string"}}],"inLanguage":"es"},{"@type":"Organization","@id":"https:\/\/www.colindres.es\/#organization","name":"AYUNTAMIENTO DE COLINDRES","url":"https:\/\/www.colindres.es\/","logo":{"@type":"ImageObject","inLanguage":"es","@id":"https:\/\/www.colindres.es\/#\/schema\/logo\/image\/","url":"https:\/\/www.colindres.es\/wp-content\/uploads\/2017\/01\/LOGO-PRINCIPAL.jpg","contentUrl":"https:\/\/www.colindres.es\/wp-content\/uploads\/2017\/01\/LOGO-PRINCIPAL.jpg","width":1209,"height":579,"caption":"AYUNTAMIENTO DE COLINDRES"},"image":{"@id":"https:\/\/www.colindres.es\/#\/schema\/logo\/image\/"}},{"@type":"Person","@id":"https:\/\/www.colindres.es\/#\/schema\/person\/0225d0319539e212e866b144d841eafb","name":"Ignacio S\u00e1inz San Emeterio","image":{"@type":"ImageObject","inLanguage":"es","@id":"https:\/\/www.colindres.es\/#\/schema\/person\/image\/","url":"https:\/\/secure.gravatar.com\/avatar\/c35e3c2e7764c40bdaf5a44f84884669f6fdecc485d5842b7a4b1a9d0c53eed8?s=96&d=mm&r=g","contentUrl":"https:\/\/secure.gravatar.com\/avatar\/c35e3c2e7764c40bdaf5a44f84884669f6fdecc485d5842b7a4b1a9d0c53eed8?s=96&d=mm&r=g","caption":"Ignacio S\u00e1inz San Emeterio"},"description":"Responsable Departamento NTIC's - Ayuntamiento de Colindres","sameAs":["https:\/\/www.colindres.es","https:\/\/es-la.facebook.com\/ayuntamiento.colindres\/","https:\/\/x.com\/https:\/\/twitter.com\/aytocolindres?lang=es"],"url":"https:\/\/www.colindres.es\/index.php\/author\/colindres\/"}]}},"_links":{"self":[{"href":"https:\/\/www.colindres.es\/index.php\/wp-json\/wp\/v2\/posts\/1062","targetHints":{"allow":["GET"]}}],"collection":[{"href":"https:\/\/www.colindres.es\/index.php\/wp-json\/wp\/v2\/posts"}],"about":[{"href":"https:\/\/www.colindres.es\/index.php\/wp-json\/wp\/v2\/types\/post"}],"author":[{"embeddable":true,"href":"https:\/\/www.colindres.es\/index.php\/wp-json\/wp\/v2\/users\/1"}],"replies":[{"embeddable":true,"href":"https:\/\/www.colindres.es\/index.php\/wp-json\/wp\/v2\/comments?post=1062"}],"version-history":[{"count":1,"href":"https:\/\/www.colindres.es\/index.php\/wp-json\/wp\/v2\/posts\/1062\/revisions"}],"predecessor-version":[{"id":1064,"href":"https:\/\/www.colindres.es\/index.php\/wp-json\/wp\/v2\/posts\/1062\/revisions\/1064"}],"wp:featuredmedia":[{"embeddable":true,"href":"https:\/\/www.colindres.es\/index.php\/wp-json\/wp\/v2\/media\/1063"}],"wp:attachment":[{"href":"https:\/\/www.colindres.es\/index.php\/wp-json\/wp\/v2\/media?parent=1062"}],"wp:term":[{"taxonomy":"category","embeddable":true,"href":"https:\/\/www.colindres.es\/index.php\/wp-json\/wp\/v2\/categories?post=1062"},{"taxonomy":"post_tag","embeddable":true,"href":"https:\/\/www.colindres.es\/index.php\/wp-json\/wp\/v2\/tags?post=1062"}],"curies":[{"name":"wp","href":"https:\/\/api.w.org\/{rel}","templated":true}]}}